{"id":9682,"date":"2012-01-23T15:00:07","date_gmt":"2012-01-23T14:00:07","guid":{"rendered":"http:\/\/www.todoheavymetal.com\/?p=9682"},"modified":"2012-01-23T16:08:21","modified_gmt":"2012-01-23T15:08:21","slug":"primeras-fechas-de-la-gira-de-dunedain","status":"publish","type":"post","link":"https:\/\/www.todoheavymetal.com\/index.php\/noticias-del-mes\/primeras-fechas-de-la-gira-de-dunedain","title":{"rendered":"PRIMERAS FECHAS DE LA GIRA DE D\u00dcNEDAIN"},"content":{"rendered":"<p>Con su nuevo disco <em>M\u00e1gica<\/em> ya publicado, los abulenses D\u00dcNEDAIN nos informan de las primeras fechas de su <em>Tour de la rabia<\/em>.<\/p>\n<p>Son \u00e9stas:<\/p>\n<ul>\n<li>9 de marzo Sala Tribeca, Oviedo<\/li>\n<li>16 de marzo Sala Clavic\u00e9mbalo, Lugo<\/li>\n<li>21 de abril Sala Arena Rock, Zaragoza<\/li>\n<li>12 de mayo Sala Rock City, Valencia<\/li>\n<li>19 de mayo Sala Caracol, Madrid<\/li>\n<li>26 de mayo Sala Porta Caeli, Valladolid &#8211; Porta Caeli<\/li>\n<li>2 de junio Sala Los Witis, C\u00f3rdoba<\/li>\n<\/ul>\n<p><em>M\u00e1gica<\/em> lo pod\u00e9is conseguir en la web oficial de D\u00dcNEDAIN (www.dunedain.es), en la red de tiendas tipo y en Sun Records (Madrid).<\/p>\n<p style=\"text-align: center;\"><img loading=\"lazy\" decoding=\"async\" class=\"alignnone\" src=\"http:\/\/a4.sphotos.ak.fbcdn.net\/hphotos-ak-ash4\/395548_10150464420213997_127520938996_8811749_2008334798_n.jpg\" alt=\"\" width=\"399\" height=\"302\" \/><\/p>\n","protected":false},"excerpt":{"rendered":"<p>Con su nuevo disco M\u00e1gica ya publicado, los abulenses D\u00dcNEDAIN nos informan de las primeras fechas de su Tour de la rabia. Son \u00e9stas: 9 de marzo Sala Tribeca, Oviedo 16 de marzo Sala Clavic\u00e9mbalo, Lugo 21 de abril Sala Arena Rock, Zaragoza 12 de mayo Sala Rock City, Valencia 19 de mayo Sala Caracol, [&hellip;]<\/p>\n","protected":false},"author":4,"featured_media":0,"comment_status":"open","ping_status":"open","sticky":false,"template":"","format":"standard","meta":{"footnotes":""},"categories":[8],"tags":[3423,5,702,7787,7064,6,137,7788],"class_list":["post-9682","post","type-post","status-publish","format-standard","hentry","category-noticias-del-mes","tag-conciertos-dunedain","tag-conciertos-heavy-metal","tag-dunedain","tag-fechas-dunedain","tag-magica","tag-noticias-heavy-metal","tag-nuevo-disco-dunedain","tag-tour-de-la-rabia"],"yoast_head":"<!-- This site is optimized with the Yoast SEO plugin v27.5 - https:\/\/yoast.com\/product\/yoast-seo-wordpress\/ -->\n<title>PRIMERAS FECHAS DE LA GIRA DE D\u00dcNEDAIN - HEAVY METAL - NOTICIAS HEAVY METAL<\/title>\n<meta name=\"robots\" content=\"index, follow, max-snippet:-1, max-image-preview:large, max-video-preview:-1\" \/>\n<link rel=\"canonical\" href=\"https:\/\/www.todoheavymetal.com\/index.php\/noticias-del-mes\/primeras-fechas-de-la-gira-de-dunedain\" \/>\n<meta property=\"og:locale\" content=\"es_ES\" \/>\n<meta property=\"og:type\" content=\"article\" \/>\n<meta property=\"og:title\" content=\"PRIMERAS FECHAS DE LA GIRA DE D\u00dcNEDAIN - HEAVY METAL - NOTICIAS HEAVY METAL\" \/>\n<meta property=\"og:description\" content=\"Con su nuevo disco M\u00e1gica ya publicado, los abulenses D\u00dcNEDAIN nos informan de las primeras fechas de su Tour de la rabia. Son \u00e9stas: 9 de marzo Sala Tribeca, Oviedo 16 de marzo Sala Clavic\u00e9mbalo, Lugo 21 de abril Sala Arena Rock, Zaragoza 12 de mayo Sala Rock City, Valencia 19 de mayo Sala Caracol, [&hellip;]\" \/>\n<meta property=\"og:url\" content=\"https:\/\/www.todoheavymetal.com\/index.php\/noticias-del-mes\/primeras-fechas-de-la-gira-de-dunedain\" \/>\n<meta property=\"og:site_name\" content=\"HEAVY METAL - NOTICIAS HEAVY METAL\" \/>\n<meta property=\"article:publisher\" content=\"https:\/\/www.facebook.com\/todoheavymetal\/\" \/>\n<meta property=\"article:published_time\" content=\"2012-01-23T14:00:07+00:00\" \/>\n<meta property=\"article:modified_time\" content=\"2012-01-23T15:08:21+00:00\" \/>\n<meta property=\"og:image\" content=\"http:\/\/a4.sphotos.ak.fbcdn.net\/hphotos-ak-ash4\/395548_10150464420213997_127520938996_8811749_2008334798_n.jpg\" \/>\n<meta name=\"author\" content=\"Javi\" \/>\n<meta name=\"twitter:card\" content=\"summary_large_image\" \/>\n<meta name=\"twitter:creator\" content=\"@todoheavymetal\" \/>\n<meta name=\"twitter:site\" content=\"@todoheavymetal\" \/>\n<meta name=\"twitter:label1\" content=\"Escrito por\" \/>\n\t<meta name=\"twitter:data1\" content=\"Javi\" \/>\n<script type=\"application\/ld+json\" class=\"yoast-schema-graph\">{\"@context\":\"https:\\\/\\\/schema.org\",\"@graph\":[{\"@type\":\"Article\",\"@id\":\"https:\\\/\\\/www.todoheavymetal.com\\\/index.php\\\/noticias-del-mes\\\/primeras-fechas-de-la-gira-de-dunedain#article\",\"isPartOf\":{\"@id\":\"https:\\\/\\\/www.todoheavymetal.com\\\/index.php\\\/noticias-del-mes\\\/primeras-fechas-de-la-gira-de-dunedain\"},\"author\":{\"name\":\"Javi\",\"@id\":\"https:\\\/\\\/www.todoheavymetal.com\\\/#\\\/schema\\\/person\\\/aa098e79c44b992ec2357a75883ed217\"},\"headline\":\"PRIMERAS FECHAS DE LA GIRA DE D\u00dcNEDAIN\",\"datePublished\":\"2012-01-23T14:00:07+00:00\",\"dateModified\":\"2012-01-23T15:08:21+00:00\",\"mainEntityOfPage\":{\"@id\":\"https:\\\/\\\/www.todoheavymetal.com\\\/index.php\\\/noticias-del-mes\\\/primeras-fechas-de-la-gira-de-dunedain\"},\"wordCount\":105,\"commentCount\":0,\"image\":{\"@id\":\"https:\\\/\\\/www.todoheavymetal.com\\\/index.php\\\/noticias-del-mes\\\/primeras-fechas-de-la-gira-de-dunedain#primaryimage\"},\"thumbnailUrl\":\"http:\\\/\\\/a4.sphotos.ak.fbcdn.net\\\/hphotos-ak-ash4\\\/395548_10150464420213997_127520938996_8811749_2008334798_n.jpg\",\"keywords\":[\"conciertos dunedain\",\"conciertos heavy metal\",\"dunedain\",\"fechas d\u00fcnedain\",\"m\u00e1gica\",\"noticias heavy metal\",\"nuevo disco dunedain\",\"tour de la rabia\"],\"articleSection\":[\"Noticias del mes\"],\"inLanguage\":\"es\",\"potentialAction\":[{\"@type\":\"CommentAction\",\"name\":\"Comment\",\"target\":[\"https:\\\/\\\/www.todoheavymetal.com\\\/index.php\\\/noticias-del-mes\\\/primeras-fechas-de-la-gira-de-dunedain#respond\"]}]},{\"@type\":\"WebPage\",\"@id\":\"https:\\\/\\\/www.todoheavymetal.com\\\/index.php\\\/noticias-del-mes\\\/primeras-fechas-de-la-gira-de-dunedain\",\"url\":\"https:\\\/\\\/www.todoheavymetal.com\\\/index.php\\\/noticias-del-mes\\\/primeras-fechas-de-la-gira-de-dunedain\",\"name\":\"PRIMERAS FECHAS DE LA GIRA DE D\u00dcNEDAIN - HEAVY METAL - NOTICIAS HEAVY METAL\",\"isPartOf\":{\"@id\":\"https:\\\/\\\/www.todoheavymetal.com\\\/#website\"},\"primaryImageOfPage\":{\"@id\":\"https:\\\/\\\/www.todoheavymetal.com\\\/index.php\\\/noticias-del-mes\\\/primeras-fechas-de-la-gira-de-dunedain#primaryimage\"},\"image\":{\"@id\":\"https:\\\/\\\/www.todoheavymetal.com\\\/index.php\\\/noticias-del-mes\\\/primeras-fechas-de-la-gira-de-dunedain#primaryimage\"},\"thumbnailUrl\":\"http:\\\/\\\/a4.sphotos.ak.fbcdn.net\\\/hphotos-ak-ash4\\\/395548_10150464420213997_127520938996_8811749_2008334798_n.jpg\",\"datePublished\":\"2012-01-23T14:00:07+00:00\",\"dateModified\":\"2012-01-23T15:08:21+00:00\",\"author\":{\"@id\":\"https:\\\/\\\/www.todoheavymetal.com\\\/#\\\/schema\\\/person\\\/aa098e79c44b992ec2357a75883ed217\"},\"breadcrumb\":{\"@id\":\"https:\\\/\\\/www.todoheavymetal.com\\\/index.php\\\/noticias-del-mes\\\/primeras-fechas-de-la-gira-de-dunedain#breadcrumb\"},\"inLanguage\":\"es\",\"potentialAction\":[{\"@type\":\"ReadAction\",\"target\":[\"https:\\\/\\\/www.todoheavymetal.com\\\/index.php\\\/noticias-del-mes\\\/primeras-fechas-de-la-gira-de-dunedain\"]}]},{\"@type\":\"ImageObject\",\"inLanguage\":\"es\",\"@id\":\"https:\\\/\\\/www.todoheavymetal.com\\\/index.php\\\/noticias-del-mes\\\/primeras-fechas-de-la-gira-de-dunedain#primaryimage\",\"url\":\"http:\\\/\\\/a4.sphotos.ak.fbcdn.net\\\/hphotos-ak-ash4\\\/395548_10150464420213997_127520938996_8811749_2008334798_n.jpg\",\"contentUrl\":\"http:\\\/\\\/a4.sphotos.ak.fbcdn.net\\\/hphotos-ak-ash4\\\/395548_10150464420213997_127520938996_8811749_2008334798_n.jpg\"},{\"@type\":\"BreadcrumbList\",\"@id\":\"https:\\\/\\\/www.todoheavymetal.com\\\/index.php\\\/noticias-del-mes\\\/primeras-fechas-de-la-gira-de-dunedain#breadcrumb\",\"itemListElement\":[{\"@type\":\"ListItem\",\"position\":1,\"name\":\"Portada\",\"item\":\"https:\\\/\\\/www.todoheavymetal.com\\\/\"},{\"@type\":\"ListItem\",\"position\":2,\"name\":\"PRIMERAS FECHAS DE LA GIRA DE D\u00dcNEDAIN\"}]},{\"@type\":\"WebSite\",\"@id\":\"https:\\\/\\\/www.todoheavymetal.com\\\/#website\",\"url\":\"https:\\\/\\\/www.todoheavymetal.com\\\/\",\"name\":\"todoheavymetal.com\",\"description\":\"heavy metal - noticias heavy metal - todoheavymetal\",\"potentialAction\":[{\"@type\":\"SearchAction\",\"target\":{\"@type\":\"EntryPoint\",\"urlTemplate\":\"https:\\\/\\\/www.todoheavymetal.com\\\/?s={search_term_string}\"},\"query-input\":{\"@type\":\"PropertyValueSpecification\",\"valueRequired\":true,\"valueName\":\"search_term_string\"}}],\"inLanguage\":\"es\"},{\"@type\":\"Person\",\"@id\":\"https:\\\/\\\/www.todoheavymetal.com\\\/#\\\/schema\\\/person\\\/aa098e79c44b992ec2357a75883ed217\",\"name\":\"Javi\",\"image\":{\"@type\":\"ImageObject\",\"inLanguage\":\"es\",\"@id\":\"https:\\\/\\\/secure.gravatar.com\\\/avatar\\\/ad9699b1143ed4017d23ce58fa9d83e0375bd1368122b157550ad77cd28bdfdf?s=96&d=monsterid&r=g\",\"url\":\"https:\\\/\\\/secure.gravatar.com\\\/avatar\\\/ad9699b1143ed4017d23ce58fa9d83e0375bd1368122b157550ad77cd28bdfdf?s=96&d=monsterid&r=g\",\"contentUrl\":\"https:\\\/\\\/secure.gravatar.com\\\/avatar\\\/ad9699b1143ed4017d23ce58fa9d83e0375bd1368122b157550ad77cd28bdfdf?s=96&d=monsterid&r=g\",\"caption\":\"Javi\"},\"url\":\"https:\\\/\\\/www.todoheavymetal.com\\\/index.php\\\/author\\\/javipelos\"}]}<\/script>\n<!-- \/ Yoast SEO plugin. -->","yoast_head_json":{"title":"PRIMERAS FECHAS DE LA GIRA DE D\u00dcNEDAIN - HEAVY METAL - NOTICIAS HEAVY METAL","robots":{"index":"index","follow":"follow","max-snippet":"max-snippet:-1","max-image-preview":"max-image-preview:large","max-video-preview":"max-video-preview:-1"},"canonical":"https:\/\/www.todoheavymetal.com\/index.php\/noticias-del-mes\/primeras-fechas-de-la-gira-de-dunedain","og_locale":"es_ES","og_type":"article","og_title":"PRIMERAS FECHAS DE LA GIRA DE D\u00dcNEDAIN - HEAVY METAL - NOTICIAS HEAVY METAL","og_description":"Con su nuevo disco M\u00e1gica ya publicado, los abulenses D\u00dcNEDAIN nos informan de las primeras fechas de su Tour de la rabia. Son \u00e9stas: 9 de marzo Sala Tribeca, Oviedo 16 de marzo Sala Clavic\u00e9mbalo, Lugo 21 de abril Sala Arena Rock, Zaragoza 12 de mayo Sala Rock City, Valencia 19 de mayo Sala Caracol, [&hellip;]","og_url":"https:\/\/www.todoheavymetal.com\/index.php\/noticias-del-mes\/primeras-fechas-de-la-gira-de-dunedain","og_site_name":"HEAVY METAL - NOTICIAS HEAVY METAL","article_publisher":"https:\/\/www.facebook.com\/todoheavymetal\/","article_published_time":"2012-01-23T14:00:07+00:00","article_modified_time":"2012-01-23T15:08:21+00:00","og_image":[{"url":"http:\/\/a4.sphotos.ak.fbcdn.net\/hphotos-ak-ash4\/395548_10150464420213997_127520938996_8811749_2008334798_n.jpg","type":"","width":"","height":""}],"author":"Javi","twitter_card":"summary_large_image","twitter_creator":"@todoheavymetal","twitter_site":"@todoheavymetal","twitter_misc":{"Escrito por":"Javi"},"schema":{"@context":"https:\/\/schema.org","@graph":[{"@type":"Article","@id":"https:\/\/www.todoheavymetal.com\/index.php\/noticias-del-mes\/primeras-fechas-de-la-gira-de-dunedain#article","isPartOf":{"@id":"https:\/\/www.todoheavymetal.com\/index.php\/noticias-del-mes\/primeras-fechas-de-la-gira-de-dunedain"},"author":{"name":"Javi","@id":"https:\/\/www.todoheavymetal.com\/#\/schema\/person\/aa098e79c44b992ec2357a75883ed217"},"headline":"PRIMERAS FECHAS DE LA GIRA DE D\u00dcNEDAIN","datePublished":"2012-01-23T14:00:07+00:00","dateModified":"2012-01-23T15:08:21+00:00","mainEntityOfPage":{"@id":"https:\/\/www.todoheavymetal.com\/index.php\/noticias-del-mes\/primeras-fechas-de-la-gira-de-dunedain"},"wordCount":105,"commentCount":0,"image":{"@id":"https:\/\/www.todoheavymetal.com\/index.php\/noticias-del-mes\/primeras-fechas-de-la-gira-de-dunedain#primaryimage"},"thumbnailUrl":"http:\/\/a4.sphotos.ak.fbcdn.net\/hphotos-ak-ash4\/395548_10150464420213997_127520938996_8811749_2008334798_n.jpg","keywords":["conciertos dunedain","conciertos heavy metal","dunedain","fechas d\u00fcnedain","m\u00e1gica","noticias heavy metal","nuevo disco dunedain","tour de la rabia"],"articleSection":["Noticias del mes"],"inLanguage":"es","potentialAction":[{"@type":"CommentAction","name":"Comment","target":["https:\/\/www.todoheavymetal.com\/index.php\/noticias-del-mes\/primeras-fechas-de-la-gira-de-dunedain#respond"]}]},{"@type":"WebPage","@id":"https:\/\/www.todoheavymetal.com\/index.php\/noticias-del-mes\/primeras-fechas-de-la-gira-de-dunedain","url":"https:\/\/www.todoheavymetal.com\/index.php\/noticias-del-mes\/primeras-fechas-de-la-gira-de-dunedain","name":"PRIMERAS FECHAS DE LA GIRA DE D\u00dcNEDAIN - HEAVY METAL - NOTICIAS HEAVY METAL","isPartOf":{"@id":"https:\/\/www.todoheavymetal.com\/#website"},"primaryImageOfPage":{"@id":"https:\/\/www.todoheavymetal.com\/index.php\/noticias-del-mes\/primeras-fechas-de-la-gira-de-dunedain#primaryimage"},"image":{"@id":"https:\/\/www.todoheavymetal.com\/index.php\/noticias-del-mes\/primeras-fechas-de-la-gira-de-dunedain#primaryimage"},"thumbnailUrl":"http:\/\/a4.sphotos.ak.fbcdn.net\/hphotos-ak-ash4\/395548_10150464420213997_127520938996_8811749_2008334798_n.jpg","datePublished":"2012-01-23T14:00:07+00:00","dateModified":"2012-01-23T15:08:21+00:00","author":{"@id":"https:\/\/www.todoheavymetal.com\/#\/schema\/person\/aa098e79c44b992ec2357a75883ed217"},"breadcrumb":{"@id":"https:\/\/www.todoheavymetal.com\/index.php\/noticias-del-mes\/primeras-fechas-de-la-gira-de-dunedain#breadcrumb"},"inLanguage":"es","potentialAction":[{"@type":"ReadAction","target":["https:\/\/www.todoheavymetal.com\/index.php\/noticias-del-mes\/primeras-fechas-de-la-gira-de-dunedain"]}]},{"@type":"ImageObject","inLanguage":"es","@id":"https:\/\/www.todoheavymetal.com\/index.php\/noticias-del-mes\/primeras-fechas-de-la-gira-de-dunedain#primaryimage","url":"http:\/\/a4.sphotos.ak.fbcdn.net\/hphotos-ak-ash4\/395548_10150464420213997_127520938996_8811749_2008334798_n.jpg","contentUrl":"http:\/\/a4.sphotos.ak.fbcdn.net\/hphotos-ak-ash4\/395548_10150464420213997_127520938996_8811749_2008334798_n.jpg"},{"@type":"BreadcrumbList","@id":"https:\/\/www.todoheavymetal.com\/index.php\/noticias-del-mes\/primeras-fechas-de-la-gira-de-dunedain#breadcrumb","itemListElement":[{"@type":"ListItem","position":1,"name":"Portada","item":"https:\/\/www.todoheavymetal.com\/"},{"@type":"ListItem","position":2,"name":"PRIMERAS FECHAS DE LA GIRA DE D\u00dcNEDAIN"}]},{"@type":"WebSite","@id":"https:\/\/www.todoheavymetal.com\/#website","url":"https:\/\/www.todoheavymetal.com\/","name":"todoheavymetal.com","description":"heavy metal - noticias heavy metal - todoheavymetal","potentialAction":[{"@type":"SearchAction","target":{"@type":"EntryPoint","urlTemplate":"https:\/\/www.todoheavymetal.com\/?s={search_term_string}"},"query-input":{"@type":"PropertyValueSpecification","valueRequired":true,"valueName":"search_term_string"}}],"inLanguage":"es"},{"@type":"Person","@id":"https:\/\/www.todoheavymetal.com\/#\/schema\/person\/aa098e79c44b992ec2357a75883ed217","name":"Javi","image":{"@type":"ImageObject","inLanguage":"es","@id":"https:\/\/secure.gravatar.com\/avatar\/ad9699b1143ed4017d23ce58fa9d83e0375bd1368122b157550ad77cd28bdfdf?s=96&d=monsterid&r=g","url":"https:\/\/secure.gravatar.com\/avatar\/ad9699b1143ed4017d23ce58fa9d83e0375bd1368122b157550ad77cd28bdfdf?s=96&d=monsterid&r=g","contentUrl":"https:\/\/secure.gravatar.com\/avatar\/ad9699b1143ed4017d23ce58fa9d83e0375bd1368122b157550ad77cd28bdfdf?s=96&d=monsterid&r=g","caption":"Javi"},"url":"https:\/\/www.todoheavymetal.com\/index.php\/author\/javipelos"}]}},"_links":{"self":[{"href":"https:\/\/www.todoheavymetal.com\/index.php\/wp-json\/wp\/v2\/posts\/9682","targetHints":{"allow":["GET"]}}],"collection":[{"href":"https:\/\/www.todoheavymetal.com\/index.php\/wp-json\/wp\/v2\/posts"}],"about":[{"href":"https:\/\/www.todoheavymetal.com\/index.php\/wp-json\/wp\/v2\/types\/post"}],"author":[{"embeddable":true,"href":"https:\/\/www.todoheavymetal.com\/index.php\/wp-json\/wp\/v2\/users\/4"}],"replies":[{"embeddable":true,"href":"https:\/\/www.todoheavymetal.com\/index.php\/wp-json\/wp\/v2\/comments?post=9682"}],"version-history":[{"count":3,"href":"https:\/\/www.todoheavymetal.com\/index.php\/wp-json\/wp\/v2\/posts\/9682\/revisions"}],"predecessor-version":[{"id":9693,"href":"https:\/\/www.todoheavymetal.com\/index.php\/wp-json\/wp\/v2\/posts\/9682\/revisions\/9693"}],"wp:attachment":[{"href":"https:\/\/www.todoheavymetal.com\/index.php\/wp-json\/wp\/v2\/media?parent=9682"}],"wp:term":[{"taxonomy":"category","embeddable":true,"href":"https:\/\/www.todoheavymetal.com\/index.php\/wp-json\/wp\/v2\/categories?post=9682"},{"taxonomy":"post_tag","embeddable":true,"href":"https:\/\/www.todoheavymetal.com\/index.php\/wp-json\/wp\/v2\/tags?post=9682"}],"curies":[{"name":"wp","href":"https:\/\/api.w.org\/{rel}","templated":true}]}}