{"id":92772,"date":"2022-06-03T10:21:05","date_gmt":"2022-06-03T08:21:05","guid":{"rendered":"https:\/\/www.todoheavymetal.com\/?p=92772"},"modified":"2022-06-22T07:32:39","modified_gmt":"2022-06-22T05:32:39","slug":"fecha-y-cabeza-de-cartel-del-granito-rock","status":"publish","type":"post","link":"https:\/\/www.todoheavymetal.com\/index.php\/noticias-del-mes\/fecha-y-cabeza-de-cartel-del-granito-rock","title":{"rendered":"FECHA Y CABEZA DE CARTEL DEL GRANITO ROCK"},"content":{"rendered":"<p style=\"text-align: justify;\">El\u00a0 \u00a0s\u00e1bado\u00a0 \u00a016\u00a0 \u00a0de\u00a0 \u00a0julio\u00a0 \u00a0se\u00a0 \u00a0celebrar\u00e1\u00a0 \u00a0una\u00a0 \u00a0nueva\u00a0 \u00a0edici\u00f3n\u00a0 \u00a0del\u00a0 \u00a0<em>Granito\u00a0 \u00a0Rock<\/em>.\u00a0 \u00a0Este\u00a0 \u00a0a\u00f1o el\u00a0 festival\u00a0 serrano\u00a0 contar\u00e1\u00a0 como\u00a0 cabeza\u00a0 de\u00a0 cartel\u00a0 con\u00a0 la\u00a0 presencia\u00a0 de\u00a0 los\u00a0 suecos\u00a0 H.E.A.T. que estar\u00e1n acompa\u00f1ados por los 2 grupos ganadores del certamen de bandas.<\/p>\n<p style=\"text-align: justify;\">\u201c<em>Los suecos har\u00e1n temblar la Plaza de los Belgas al calor de los y las graniteras que, a\u00f1o tras a\u00f1o tras a\u00f1o, muestran su pasi\u00f3n en el mejor festival de la Sierra<\/em>\u201c.<\/p>\n<p style=\"text-align: justify;\">El\u00a0 \u00a0<em>Granito\u00a0 \u00a0Rock<\/em>\u00a0 \u00a0se\u00a0 \u00a0celebrar\u00e1\u00a0 \u00a0de\u00a0 \u00a0nuevo\u00a0 \u00a0en\u00a0 \u00a0la\u00a0 \u00a0Plaza\u00a0 \u00a0de\u00a0 \u00a0los\u00a0 \u00a0Belgas\u00a0 \u00a0de\u00a0 \u00a0Collado Villalba\u00a0 y\u00a0 como siempre,\u00a0 la\u00a0 entrada\u00a0 ser\u00e1\u00a0 gratuita.<\/p>\n<p><img loading=\"lazy\" decoding=\"async\" class=\"aligncenter \" src=\"https:\/\/scontent-ecv1-1.xx.fbcdn.net\/v\/t39.30808-6\/285640720_2870983386380535_3981645927787432159_n.jpg?_nc_cat=108&amp;ccb=1-7&amp;_nc_sid=730e14&amp;_nc_ohc=yP5yVZGo59oAX9kbBrU&amp;_nc_ht=scontent-ecv1-1.xx&amp;oh=00_AT8kM8q9HMNcwIWJvWp7kx0ZJ3rzkBScxJkmTz2UivFQYw&amp;oe=62B7272F\" width=\"565\" height=\"807\" \/><\/p>\n","protected":false},"excerpt":{"rendered":"<p>El\u00a0 \u00a0s\u00e1bado\u00a0 \u00a016\u00a0 \u00a0de\u00a0 \u00a0julio\u00a0 \u00a0se\u00a0 \u00a0celebrar\u00e1\u00a0 \u00a0una\u00a0 \u00a0nueva\u00a0 \u00a0edici\u00f3n\u00a0 \u00a0del\u00a0 \u00a0Granito\u00a0 \u00a0Rock.\u00a0 \u00a0Este\u00a0 \u00a0a\u00f1o el\u00a0 festival\u00a0 serrano\u00a0 contar\u00e1\u00a0 como\u00a0 cabeza\u00a0 de\u00a0 cartel\u00a0 con\u00a0 la\u00a0 presencia\u00a0 de\u00a0 los\u00a0 suecos\u00a0 H.E.A.T. que estar\u00e1n acompa\u00f1ados por los 2 grupos ganadores del certamen de bandas. \u201cLos suecos har\u00e1n temblar la Plaza de los Belgas al calor de los [&hellip;]<\/p>\n","protected":false},"author":4,"featured_media":0,"comment_status":"open","ping_status":"open","sticky":false,"template":"","format":"standard","meta":{"footnotes":""},"categories":[8],"tags":[562,4],"class_list":["post-92772","post","type-post","status-publish","format-standard","hentry","category-noticias-del-mes","tag-granito-rock","tag-heavy-metal"],"yoast_head":"<!-- This site is optimized with the Yoast SEO plugin v27.5 - https:\/\/yoast.com\/product\/yoast-seo-wordpress\/ -->\n<title>FECHA Y CABEZA DE CARTEL DEL GRANITO ROCK - HEAVY METAL - NOTICIAS HEAVY METAL<\/title>\n<meta name=\"robots\" content=\"index, follow, max-snippet:-1, max-image-preview:large, max-video-preview:-1\" \/>\n<link rel=\"canonical\" href=\"https:\/\/www.todoheavymetal.com\/index.php\/noticias-del-mes\/fecha-y-cabeza-de-cartel-del-granito-rock\" \/>\n<meta property=\"og:locale\" content=\"es_ES\" \/>\n<meta property=\"og:type\" content=\"article\" \/>\n<meta property=\"og:title\" content=\"FECHA Y CABEZA DE CARTEL DEL GRANITO ROCK - HEAVY METAL - NOTICIAS HEAVY METAL\" \/>\n<meta property=\"og:description\" content=\"El\u00a0 \u00a0s\u00e1bado\u00a0 \u00a016\u00a0 \u00a0de\u00a0 \u00a0julio\u00a0 \u00a0se\u00a0 \u00a0celebrar\u00e1\u00a0 \u00a0una\u00a0 \u00a0nueva\u00a0 \u00a0edici\u00f3n\u00a0 \u00a0del\u00a0 \u00a0Granito\u00a0 \u00a0Rock.\u00a0 \u00a0Este\u00a0 \u00a0a\u00f1o el\u00a0 festival\u00a0 serrano\u00a0 contar\u00e1\u00a0 como\u00a0 cabeza\u00a0 de\u00a0 cartel\u00a0 con\u00a0 la\u00a0 presencia\u00a0 de\u00a0 los\u00a0 suecos\u00a0 H.E.A.T. que estar\u00e1n acompa\u00f1ados por los 2 grupos ganadores del certamen de bandas. \u201cLos suecos har\u00e1n temblar la Plaza de los Belgas al calor de los [&hellip;]\" \/>\n<meta property=\"og:url\" content=\"https:\/\/www.todoheavymetal.com\/index.php\/noticias-del-mes\/fecha-y-cabeza-de-cartel-del-granito-rock\" \/>\n<meta property=\"og:site_name\" content=\"HEAVY METAL - NOTICIAS HEAVY METAL\" \/>\n<meta property=\"article:publisher\" content=\"https:\/\/www.facebook.com\/todoheavymetal\/\" \/>\n<meta property=\"article:published_time\" content=\"2022-06-03T08:21:05+00:00\" \/>\n<meta property=\"article:modified_time\" content=\"2022-06-22T05:32:39+00:00\" \/>\n<meta property=\"og:image\" content=\"https:\/\/scontent-ecv1-1.xx.fbcdn.net\/v\/t39.30808-6\/285640720_2870983386380535_3981645927787432159_n.jpg?_nc_cat=108&amp;ccb=1-7&amp;_nc_sid=730e14&amp;_nc_ohc=yP5yVZGo59oAX9kbBrU&amp;_nc_ht=scontent-ecv1-1.xx&amp;oh=00_AT8kM8q9HMNcwIWJvWp7kx0ZJ3rzkBScxJkmTz2UivFQYw&amp;oe=62B7272F\" \/>\n<meta name=\"author\" content=\"Javi\" \/>\n<meta name=\"twitter:card\" content=\"summary_large_image\" \/>\n<meta name=\"twitter:creator\" content=\"@todoheavymetal\" \/>\n<meta name=\"twitter:site\" content=\"@todoheavymetal\" \/>\n<meta name=\"twitter:label1\" content=\"Escrito por\" \/>\n\t<meta name=\"twitter:data1\" content=\"Javi\" \/>\n\t<meta name=\"twitter:label2\" content=\"Tiempo de lectura\" \/>\n\t<meta name=\"twitter:data2\" content=\"1 minuto\" \/>\n<script type=\"application\/ld+json\" class=\"yoast-schema-graph\">{\"@context\":\"https:\\\/\\\/schema.org\",\"@graph\":[{\"@type\":\"Article\",\"@id\":\"https:\\\/\\\/www.todoheavymetal.com\\\/index.php\\\/noticias-del-mes\\\/fecha-y-cabeza-de-cartel-del-granito-rock#article\",\"isPartOf\":{\"@id\":\"https:\\\/\\\/www.todoheavymetal.com\\\/index.php\\\/noticias-del-mes\\\/fecha-y-cabeza-de-cartel-del-granito-rock\"},\"author\":{\"name\":\"Javi\",\"@id\":\"https:\\\/\\\/www.todoheavymetal.com\\\/#\\\/schema\\\/person\\\/aa098e79c44b992ec2357a75883ed217\"},\"headline\":\"FECHA Y CABEZA DE CARTEL DEL GRANITO ROCK\",\"datePublished\":\"2022-06-03T08:21:05+00:00\",\"dateModified\":\"2022-06-22T05:32:39+00:00\",\"mainEntityOfPage\":{\"@id\":\"https:\\\/\\\/www.todoheavymetal.com\\\/index.php\\\/noticias-del-mes\\\/fecha-y-cabeza-de-cartel-del-granito-rock\"},\"wordCount\":116,\"commentCount\":0,\"image\":{\"@id\":\"https:\\\/\\\/www.todoheavymetal.com\\\/index.php\\\/noticias-del-mes\\\/fecha-y-cabeza-de-cartel-del-granito-rock#primaryimage\"},\"thumbnailUrl\":\"https:\\\/\\\/scontent-ecv1-1.xx.fbcdn.net\\\/v\\\/t39.30808-6\\\/285640720_2870983386380535_3981645927787432159_n.jpg?_nc_cat=108&amp;ccb=1-7&amp;_nc_sid=730e14&amp;_nc_ohc=yP5yVZGo59oAX9kbBrU&amp;_nc_ht=scontent-ecv1-1.xx&amp;oh=00_AT8kM8q9HMNcwIWJvWp7kx0ZJ3rzkBScxJkmTz2UivFQYw&amp;oe=62B7272F\",\"keywords\":[\"granito rock\",\"heavy metal\"],\"articleSection\":[\"Noticias del mes\"],\"inLanguage\":\"es\",\"potentialAction\":[{\"@type\":\"CommentAction\",\"name\":\"Comment\",\"target\":[\"https:\\\/\\\/www.todoheavymetal.com\\\/index.php\\\/noticias-del-mes\\\/fecha-y-cabeza-de-cartel-del-granito-rock#respond\"]}]},{\"@type\":\"WebPage\",\"@id\":\"https:\\\/\\\/www.todoheavymetal.com\\\/index.php\\\/noticias-del-mes\\\/fecha-y-cabeza-de-cartel-del-granito-rock\",\"url\":\"https:\\\/\\\/www.todoheavymetal.com\\\/index.php\\\/noticias-del-mes\\\/fecha-y-cabeza-de-cartel-del-granito-rock\",\"name\":\"FECHA Y CABEZA DE CARTEL DEL GRANITO ROCK - HEAVY METAL - NOTICIAS HEAVY METAL\",\"isPartOf\":{\"@id\":\"https:\\\/\\\/www.todoheavymetal.com\\\/#website\"},\"primaryImageOfPage\":{\"@id\":\"https:\\\/\\\/www.todoheavymetal.com\\\/index.php\\\/noticias-del-mes\\\/fecha-y-cabeza-de-cartel-del-granito-rock#primaryimage\"},\"image\":{\"@id\":\"https:\\\/\\\/www.todoheavymetal.com\\\/index.php\\\/noticias-del-mes\\\/fecha-y-cabeza-de-cartel-del-granito-rock#primaryimage\"},\"thumbnailUrl\":\"https:\\\/\\\/scontent-ecv1-1.xx.fbcdn.net\\\/v\\\/t39.30808-6\\\/285640720_2870983386380535_3981645927787432159_n.jpg?_nc_cat=108&amp;ccb=1-7&amp;_nc_sid=730e14&amp;_nc_ohc=yP5yVZGo59oAX9kbBrU&amp;_nc_ht=scontent-ecv1-1.xx&amp;oh=00_AT8kM8q9HMNcwIWJvWp7kx0ZJ3rzkBScxJkmTz2UivFQYw&amp;oe=62B7272F\",\"datePublished\":\"2022-06-03T08:21:05+00:00\",\"dateModified\":\"2022-06-22T05:32:39+00:00\",\"author\":{\"@id\":\"https:\\\/\\\/www.todoheavymetal.com\\\/#\\\/schema\\\/person\\\/aa098e79c44b992ec2357a75883ed217\"},\"breadcrumb\":{\"@id\":\"https:\\\/\\\/www.todoheavymetal.com\\\/index.php\\\/noticias-del-mes\\\/fecha-y-cabeza-de-cartel-del-granito-rock#breadcrumb\"},\"inLanguage\":\"es\",\"potentialAction\":[{\"@type\":\"ReadAction\",\"target\":[\"https:\\\/\\\/www.todoheavymetal.com\\\/index.php\\\/noticias-del-mes\\\/fecha-y-cabeza-de-cartel-del-granito-rock\"]}]},{\"@type\":\"ImageObject\",\"inLanguage\":\"es\",\"@id\":\"https:\\\/\\\/www.todoheavymetal.com\\\/index.php\\\/noticias-del-mes\\\/fecha-y-cabeza-de-cartel-del-granito-rock#primaryimage\",\"url\":\"https:\\\/\\\/scontent-ecv1-1.xx.fbcdn.net\\\/v\\\/t39.30808-6\\\/285640720_2870983386380535_3981645927787432159_n.jpg?_nc_cat=108&amp;ccb=1-7&amp;_nc_sid=730e14&amp;_nc_ohc=yP5yVZGo59oAX9kbBrU&amp;_nc_ht=scontent-ecv1-1.xx&amp;oh=00_AT8kM8q9HMNcwIWJvWp7kx0ZJ3rzkBScxJkmTz2UivFQYw&amp;oe=62B7272F\",\"contentUrl\":\"https:\\\/\\\/scontent-ecv1-1.xx.fbcdn.net\\\/v\\\/t39.30808-6\\\/285640720_2870983386380535_3981645927787432159_n.jpg?_nc_cat=108&amp;ccb=1-7&amp;_nc_sid=730e14&amp;_nc_ohc=yP5yVZGo59oAX9kbBrU&amp;_nc_ht=scontent-ecv1-1.xx&amp;oh=00_AT8kM8q9HMNcwIWJvWp7kx0ZJ3rzkBScxJkmTz2UivFQYw&amp;oe=62B7272F\"},{\"@type\":\"BreadcrumbList\",\"@id\":\"https:\\\/\\\/www.todoheavymetal.com\\\/index.php\\\/noticias-del-mes\\\/fecha-y-cabeza-de-cartel-del-granito-rock#breadcrumb\",\"itemListElement\":[{\"@type\":\"ListItem\",\"position\":1,\"name\":\"Portada\",\"item\":\"https:\\\/\\\/www.todoheavymetal.com\\\/\"},{\"@type\":\"ListItem\",\"position\":2,\"name\":\"FECHA Y CABEZA DE CARTEL DEL GRANITO ROCK\"}]},{\"@type\":\"WebSite\",\"@id\":\"https:\\\/\\\/www.todoheavymetal.com\\\/#website\",\"url\":\"https:\\\/\\\/www.todoheavymetal.com\\\/\",\"name\":\"todoheavymetal.com\",\"description\":\"heavy metal - noticias heavy metal - todoheavymetal\",\"potentialAction\":[{\"@type\":\"SearchAction\",\"target\":{\"@type\":\"EntryPoint\",\"urlTemplate\":\"https:\\\/\\\/www.todoheavymetal.com\\\/?s={search_term_string}\"},\"query-input\":{\"@type\":\"PropertyValueSpecification\",\"valueRequired\":true,\"valueName\":\"search_term_string\"}}],\"inLanguage\":\"es\"},{\"@type\":\"Person\",\"@id\":\"https:\\\/\\\/www.todoheavymetal.com\\\/#\\\/schema\\\/person\\\/aa098e79c44b992ec2357a75883ed217\",\"name\":\"Javi\",\"image\":{\"@type\":\"ImageObject\",\"inLanguage\":\"es\",\"@id\":\"https:\\\/\\\/secure.gravatar.com\\\/avatar\\\/ad9699b1143ed4017d23ce58fa9d83e0375bd1368122b157550ad77cd28bdfdf?s=96&d=monsterid&r=g\",\"url\":\"https:\\\/\\\/secure.gravatar.com\\\/avatar\\\/ad9699b1143ed4017d23ce58fa9d83e0375bd1368122b157550ad77cd28bdfdf?s=96&d=monsterid&r=g\",\"contentUrl\":\"https:\\\/\\\/secure.gravatar.com\\\/avatar\\\/ad9699b1143ed4017d23ce58fa9d83e0375bd1368122b157550ad77cd28bdfdf?s=96&d=monsterid&r=g\",\"caption\":\"Javi\"},\"url\":\"https:\\\/\\\/www.todoheavymetal.com\\\/index.php\\\/author\\\/javipelos\"}]}<\/script>\n<!-- \/ Yoast SEO plugin. -->","yoast_head_json":{"title":"FECHA Y CABEZA DE CARTEL DEL GRANITO ROCK - HEAVY METAL - NOTICIAS HEAVY METAL","robots":{"index":"index","follow":"follow","max-snippet":"max-snippet:-1","max-image-preview":"max-image-preview:large","max-video-preview":"max-video-preview:-1"},"canonical":"https:\/\/www.todoheavymetal.com\/index.php\/noticias-del-mes\/fecha-y-cabeza-de-cartel-del-granito-rock","og_locale":"es_ES","og_type":"article","og_title":"FECHA Y CABEZA DE CARTEL DEL GRANITO ROCK - HEAVY METAL - NOTICIAS HEAVY METAL","og_description":"El\u00a0 \u00a0s\u00e1bado\u00a0 \u00a016\u00a0 \u00a0de\u00a0 \u00a0julio\u00a0 \u00a0se\u00a0 \u00a0celebrar\u00e1\u00a0 \u00a0una\u00a0 \u00a0nueva\u00a0 \u00a0edici\u00f3n\u00a0 \u00a0del\u00a0 \u00a0Granito\u00a0 \u00a0Rock.\u00a0 \u00a0Este\u00a0 \u00a0a\u00f1o el\u00a0 festival\u00a0 serrano\u00a0 contar\u00e1\u00a0 como\u00a0 cabeza\u00a0 de\u00a0 cartel\u00a0 con\u00a0 la\u00a0 presencia\u00a0 de\u00a0 los\u00a0 suecos\u00a0 H.E.A.T. que estar\u00e1n acompa\u00f1ados por los 2 grupos ganadores del certamen de bandas. \u201cLos suecos har\u00e1n temblar la Plaza de los Belgas al calor de los [&hellip;]","og_url":"https:\/\/www.todoheavymetal.com\/index.php\/noticias-del-mes\/fecha-y-cabeza-de-cartel-del-granito-rock","og_site_name":"HEAVY METAL - NOTICIAS HEAVY METAL","article_publisher":"https:\/\/www.facebook.com\/todoheavymetal\/","article_published_time":"2022-06-03T08:21:05+00:00","article_modified_time":"2022-06-22T05:32:39+00:00","og_image":[{"url":"https:\/\/scontent-ecv1-1.xx.fbcdn.net\/v\/t39.30808-6\/285640720_2870983386380535_3981645927787432159_n.jpg?_nc_cat=108&amp;ccb=1-7&amp;_nc_sid=730e14&amp;_nc_ohc=yP5yVZGo59oAX9kbBrU&amp;_nc_ht=scontent-ecv1-1.xx&amp;oh=00_AT8kM8q9HMNcwIWJvWp7kx0ZJ3rzkBScxJkmTz2UivFQYw&amp;oe=62B7272F","type":"","width":"","height":""}],"author":"Javi","twitter_card":"summary_large_image","twitter_creator":"@todoheavymetal","twitter_site":"@todoheavymetal","twitter_misc":{"Escrito por":"Javi","Tiempo de lectura":"1 minuto"},"schema":{"@context":"https:\/\/schema.org","@graph":[{"@type":"Article","@id":"https:\/\/www.todoheavymetal.com\/index.php\/noticias-del-mes\/fecha-y-cabeza-de-cartel-del-granito-rock#article","isPartOf":{"@id":"https:\/\/www.todoheavymetal.com\/index.php\/noticias-del-mes\/fecha-y-cabeza-de-cartel-del-granito-rock"},"author":{"name":"Javi","@id":"https:\/\/www.todoheavymetal.com\/#\/schema\/person\/aa098e79c44b992ec2357a75883ed217"},"headline":"FECHA Y CABEZA DE CARTEL DEL GRANITO ROCK","datePublished":"2022-06-03T08:21:05+00:00","dateModified":"2022-06-22T05:32:39+00:00","mainEntityOfPage":{"@id":"https:\/\/www.todoheavymetal.com\/index.php\/noticias-del-mes\/fecha-y-cabeza-de-cartel-del-granito-rock"},"wordCount":116,"commentCount":0,"image":{"@id":"https:\/\/www.todoheavymetal.com\/index.php\/noticias-del-mes\/fecha-y-cabeza-de-cartel-del-granito-rock#primaryimage"},"thumbnailUrl":"https:\/\/scontent-ecv1-1.xx.fbcdn.net\/v\/t39.30808-6\/285640720_2870983386380535_3981645927787432159_n.jpg?_nc_cat=108&amp;ccb=1-7&amp;_nc_sid=730e14&amp;_nc_ohc=yP5yVZGo59oAX9kbBrU&amp;_nc_ht=scontent-ecv1-1.xx&amp;oh=00_AT8kM8q9HMNcwIWJvWp7kx0ZJ3rzkBScxJkmTz2UivFQYw&amp;oe=62B7272F","keywords":["granito rock","heavy metal"],"articleSection":["Noticias del mes"],"inLanguage":"es","potentialAction":[{"@type":"CommentAction","name":"Comment","target":["https:\/\/www.todoheavymetal.com\/index.php\/noticias-del-mes\/fecha-y-cabeza-de-cartel-del-granito-rock#respond"]}]},{"@type":"WebPage","@id":"https:\/\/www.todoheavymetal.com\/index.php\/noticias-del-mes\/fecha-y-cabeza-de-cartel-del-granito-rock","url":"https:\/\/www.todoheavymetal.com\/index.php\/noticias-del-mes\/fecha-y-cabeza-de-cartel-del-granito-rock","name":"FECHA Y CABEZA DE CARTEL DEL GRANITO ROCK - HEAVY METAL - NOTICIAS HEAVY METAL","isPartOf":{"@id":"https:\/\/www.todoheavymetal.com\/#website"},"primaryImageOfPage":{"@id":"https:\/\/www.todoheavymetal.com\/index.php\/noticias-del-mes\/fecha-y-cabeza-de-cartel-del-granito-rock#primaryimage"},"image":{"@id":"https:\/\/www.todoheavymetal.com\/index.php\/noticias-del-mes\/fecha-y-cabeza-de-cartel-del-granito-rock#primaryimage"},"thumbnailUrl":"https:\/\/scontent-ecv1-1.xx.fbcdn.net\/v\/t39.30808-6\/285640720_2870983386380535_3981645927787432159_n.jpg?_nc_cat=108&amp;ccb=1-7&amp;_nc_sid=730e14&amp;_nc_ohc=yP5yVZGo59oAX9kbBrU&amp;_nc_ht=scontent-ecv1-1.xx&amp;oh=00_AT8kM8q9HMNcwIWJvWp7kx0ZJ3rzkBScxJkmTz2UivFQYw&amp;oe=62B7272F","datePublished":"2022-06-03T08:21:05+00:00","dateModified":"2022-06-22T05:32:39+00:00","author":{"@id":"https:\/\/www.todoheavymetal.com\/#\/schema\/person\/aa098e79c44b992ec2357a75883ed217"},"breadcrumb":{"@id":"https:\/\/www.todoheavymetal.com\/index.php\/noticias-del-mes\/fecha-y-cabeza-de-cartel-del-granito-rock#breadcrumb"},"inLanguage":"es","potentialAction":[{"@type":"ReadAction","target":["https:\/\/www.todoheavymetal.com\/index.php\/noticias-del-mes\/fecha-y-cabeza-de-cartel-del-granito-rock"]}]},{"@type":"ImageObject","inLanguage":"es","@id":"https:\/\/www.todoheavymetal.com\/index.php\/noticias-del-mes\/fecha-y-cabeza-de-cartel-del-granito-rock#primaryimage","url":"https:\/\/scontent-ecv1-1.xx.fbcdn.net\/v\/t39.30808-6\/285640720_2870983386380535_3981645927787432159_n.jpg?_nc_cat=108&amp;ccb=1-7&amp;_nc_sid=730e14&amp;_nc_ohc=yP5yVZGo59oAX9kbBrU&amp;_nc_ht=scontent-ecv1-1.xx&amp;oh=00_AT8kM8q9HMNcwIWJvWp7kx0ZJ3rzkBScxJkmTz2UivFQYw&amp;oe=62B7272F","contentUrl":"https:\/\/scontent-ecv1-1.xx.fbcdn.net\/v\/t39.30808-6\/285640720_2870983386380535_3981645927787432159_n.jpg?_nc_cat=108&amp;ccb=1-7&amp;_nc_sid=730e14&amp;_nc_ohc=yP5yVZGo59oAX9kbBrU&amp;_nc_ht=scontent-ecv1-1.xx&amp;oh=00_AT8kM8q9HMNcwIWJvWp7kx0ZJ3rzkBScxJkmTz2UivFQYw&amp;oe=62B7272F"},{"@type":"BreadcrumbList","@id":"https:\/\/www.todoheavymetal.com\/index.php\/noticias-del-mes\/fecha-y-cabeza-de-cartel-del-granito-rock#breadcrumb","itemListElement":[{"@type":"ListItem","position":1,"name":"Portada","item":"https:\/\/www.todoheavymetal.com\/"},{"@type":"ListItem","position":2,"name":"FECHA Y CABEZA DE CARTEL DEL GRANITO ROCK"}]},{"@type":"WebSite","@id":"https:\/\/www.todoheavymetal.com\/#website","url":"https:\/\/www.todoheavymetal.com\/","name":"todoheavymetal.com","description":"heavy metal - noticias heavy metal - todoheavymetal","potentialAction":[{"@type":"SearchAction","target":{"@type":"EntryPoint","urlTemplate":"https:\/\/www.todoheavymetal.com\/?s={search_term_string}"},"query-input":{"@type":"PropertyValueSpecification","valueRequired":true,"valueName":"search_term_string"}}],"inLanguage":"es"},{"@type":"Person","@id":"https:\/\/www.todoheavymetal.com\/#\/schema\/person\/aa098e79c44b992ec2357a75883ed217","name":"Javi","image":{"@type":"ImageObject","inLanguage":"es","@id":"https:\/\/secure.gravatar.com\/avatar\/ad9699b1143ed4017d23ce58fa9d83e0375bd1368122b157550ad77cd28bdfdf?s=96&d=monsterid&r=g","url":"https:\/\/secure.gravatar.com\/avatar\/ad9699b1143ed4017d23ce58fa9d83e0375bd1368122b157550ad77cd28bdfdf?s=96&d=monsterid&r=g","contentUrl":"https:\/\/secure.gravatar.com\/avatar\/ad9699b1143ed4017d23ce58fa9d83e0375bd1368122b157550ad77cd28bdfdf?s=96&d=monsterid&r=g","caption":"Javi"},"url":"https:\/\/www.todoheavymetal.com\/index.php\/author\/javipelos"}]}},"_links":{"self":[{"href":"https:\/\/www.todoheavymetal.com\/index.php\/wp-json\/wp\/v2\/posts\/92772","targetHints":{"allow":["GET"]}}],"collection":[{"href":"https:\/\/www.todoheavymetal.com\/index.php\/wp-json\/wp\/v2\/posts"}],"about":[{"href":"https:\/\/www.todoheavymetal.com\/index.php\/wp-json\/wp\/v2\/types\/post"}],"author":[{"embeddable":true,"href":"https:\/\/www.todoheavymetal.com\/index.php\/wp-json\/wp\/v2\/users\/4"}],"replies":[{"embeddable":true,"href":"https:\/\/www.todoheavymetal.com\/index.php\/wp-json\/wp\/v2\/comments?post=92772"}],"version-history":[{"count":6,"href":"https:\/\/www.todoheavymetal.com\/index.php\/wp-json\/wp\/v2\/posts\/92772\/revisions"}],"predecessor-version":[{"id":92774,"href":"https:\/\/www.todoheavymetal.com\/index.php\/wp-json\/wp\/v2\/posts\/92772\/revisions\/92774"}],"wp:attachment":[{"href":"https:\/\/www.todoheavymetal.com\/index.php\/wp-json\/wp\/v2\/media?parent=92772"}],"wp:term":[{"taxonomy":"category","embeddable":true,"href":"https:\/\/www.todoheavymetal.com\/index.php\/wp-json\/wp\/v2\/categories?post=92772"},{"taxonomy":"post_tag","embeddable":true,"href":"https:\/\/www.todoheavymetal.com\/index.php\/wp-json\/wp\/v2\/tags?post=92772"}],"curies":[{"name":"wp","href":"https:\/\/api.w.org\/{rel}","templated":true}]}}