{"id":81267,"date":"2021-02-02T09:03:15","date_gmt":"2021-02-02T08:03:15","guid":{"rendered":"http:\/\/www.todoheavymetal.com\/?p=81267"},"modified":"2021-02-02T09:01:10","modified_gmt":"2021-02-02T08:01:10","slug":"aplazado-el-concierto-de-asphyx-en-zaragoza","status":"publish","type":"post","link":"https:\/\/www.todoheavymetal.com\/index.php\/noticias-del-mes\/aplazado-el-concierto-de-asphyx-en-zaragoza","title":{"rendered":"APLAZADO EL CONCIERTO DE ASPHYX EN ZARAGOZA"},"content":{"rendered":"<p style=\"text-align: justify;\">Por los motivos que ya todos sabemos, el concierto de ASPHYX en Zaragoza programado para el pr\u00f3ximo mes de marzo ha sido aplazado.<\/p>\n<p style=\"text-align: justify;\">La fecha de los holandeses ha sido cambiada al s\u00e1bado 12 de marzo de 2022. Ser\u00e1 en el C.C. Valdefierro de Zaragoza (fecha \u00fanica) a partir de las 20.00 horas.<\/p>\n<p style=\"text-align: justify;\">Por el momento el cartel se mantiene intacto\u2026 adem\u00e1s de ASPHYX estar\u00e1n tocando MERCYLESS, KARONTE y UNBOUNDED TERROR.<\/p>\n<p><img loading=\"lazy\" decoding=\"async\" class=\"aligncenter \" src=\"https:\/\/scontent-mad1-1.xx.fbcdn.net\/v\/t1.0-9\/144782814_280060510137247_797429247618297912_o.jpg?_nc_cat=105&amp;ccb=2&amp;_nc_sid=730e14&amp;_nc_ohc=kjprWxEyHCAAX_8AiBU&amp;_nc_ht=scontent-mad1-1.xx&amp;oh=ffbb41b3b461f56b17775eb8dcec03ed&amp;oe=603DB5CB\" width=\"435\" height=\"616\" \/><\/p>\n","protected":false},"excerpt":{"rendered":"<p>Por los motivos que ya todos sabemos, el concierto de ASPHYX en Zaragoza programado para el pr\u00f3ximo mes de marzo ha sido aplazado. La fecha de los holandeses ha sido cambiada al s\u00e1bado 12 de marzo de 2022. Ser\u00e1 en el C.C. Valdefierro de Zaragoza (fecha \u00fanica) a partir de las 20.00 horas. Por el [&hellip;]<\/p>\n","protected":false},"author":4,"featured_media":0,"comment_status":"open","ping_status":"open","sticky":false,"template":"","format":"standard","meta":{"footnotes":""},"categories":[8],"tags":[25005,30349,4],"class_list":["post-81267","post","type-post","status-publish","format-standard","hentry","category-noticias-del-mes","tag-asphyx","tag-concierto-asphyx-zaragoza","tag-heavy-metal"],"yoast_head":"<!-- This site is optimized with the Yoast SEO plugin v27.5 - https:\/\/yoast.com\/product\/yoast-seo-wordpress\/ -->\n<title>APLAZADO EL CONCIERTO DE ASPHYX EN ZARAGOZA - HEAVY METAL - NOTICIAS HEAVY METAL<\/title>\n<meta name=\"robots\" content=\"index, follow, max-snippet:-1, max-image-preview:large, max-video-preview:-1\" \/>\n<link rel=\"canonical\" href=\"https:\/\/www.todoheavymetal.com\/index.php\/noticias-del-mes\/aplazado-el-concierto-de-asphyx-en-zaragoza\" \/>\n<meta property=\"og:locale\" content=\"es_ES\" \/>\n<meta property=\"og:type\" content=\"article\" \/>\n<meta property=\"og:title\" content=\"APLAZADO EL CONCIERTO DE ASPHYX EN ZARAGOZA - HEAVY METAL - NOTICIAS HEAVY METAL\" \/>\n<meta property=\"og:description\" content=\"Por los motivos que ya todos sabemos, el concierto de ASPHYX en Zaragoza programado para el pr\u00f3ximo mes de marzo ha sido aplazado. La fecha de los holandeses ha sido cambiada al s\u00e1bado 12 de marzo de 2022. Ser\u00e1 en el C.C. Valdefierro de Zaragoza (fecha \u00fanica) a partir de las 20.00 horas. Por el [&hellip;]\" \/>\n<meta property=\"og:url\" content=\"https:\/\/www.todoheavymetal.com\/index.php\/noticias-del-mes\/aplazado-el-concierto-de-asphyx-en-zaragoza\" \/>\n<meta property=\"og:site_name\" content=\"HEAVY METAL - NOTICIAS HEAVY METAL\" \/>\n<meta property=\"article:publisher\" content=\"https:\/\/www.facebook.com\/todoheavymetal\/\" \/>\n<meta property=\"article:published_time\" content=\"2021-02-02T08:03:15+00:00\" \/>\n<meta property=\"og:image\" content=\"https:\/\/scontent-mad1-1.xx.fbcdn.net\/v\/t1.0-9\/144782814_280060510137247_797429247618297912_o.jpg?_nc_cat=105&amp;ccb=2&amp;_nc_sid=730e14&amp;_nc_ohc=kjprWxEyHCAAX_8AiBU&amp;_nc_ht=scontent-mad1-1.xx&amp;oh=ffbb41b3b461f56b17775eb8dcec03ed&amp;oe=603DB5CB\" \/>\n<meta name=\"author\" content=\"Javi\" \/>\n<meta name=\"twitter:card\" content=\"summary_large_image\" \/>\n<meta name=\"twitter:creator\" content=\"@todoheavymetal\" \/>\n<meta name=\"twitter:site\" content=\"@todoheavymetal\" \/>\n<meta name=\"twitter:label1\" content=\"Escrito por\" \/>\n\t<meta name=\"twitter:data1\" content=\"Javi\" \/>\n<script type=\"application\/ld+json\" class=\"yoast-schema-graph\">{\"@context\":\"https:\\\/\\\/schema.org\",\"@graph\":[{\"@type\":\"Article\",\"@id\":\"https:\\\/\\\/www.todoheavymetal.com\\\/index.php\\\/noticias-del-mes\\\/aplazado-el-concierto-de-asphyx-en-zaragoza#article\",\"isPartOf\":{\"@id\":\"https:\\\/\\\/www.todoheavymetal.com\\\/index.php\\\/noticias-del-mes\\\/aplazado-el-concierto-de-asphyx-en-zaragoza\"},\"author\":{\"name\":\"Javi\",\"@id\":\"https:\\\/\\\/www.todoheavymetal.com\\\/#\\\/schema\\\/person\\\/aa098e79c44b992ec2357a75883ed217\"},\"headline\":\"APLAZADO EL CONCIERTO DE ASPHYX EN ZARAGOZA\",\"datePublished\":\"2021-02-02T08:03:15+00:00\",\"mainEntityOfPage\":{\"@id\":\"https:\\\/\\\/www.todoheavymetal.com\\\/index.php\\\/noticias-del-mes\\\/aplazado-el-concierto-de-asphyx-en-zaragoza\"},\"wordCount\":80,\"commentCount\":0,\"image\":{\"@id\":\"https:\\\/\\\/www.todoheavymetal.com\\\/index.php\\\/noticias-del-mes\\\/aplazado-el-concierto-de-asphyx-en-zaragoza#primaryimage\"},\"thumbnailUrl\":\"https:\\\/\\\/scontent-mad1-1.xx.fbcdn.net\\\/v\\\/t1.0-9\\\/144782814_280060510137247_797429247618297912_o.jpg?_nc_cat=105&amp;ccb=2&amp;_nc_sid=730e14&amp;_nc_ohc=kjprWxEyHCAAX_8AiBU&amp;_nc_ht=scontent-mad1-1.xx&amp;oh=ffbb41b3b461f56b17775eb8dcec03ed&amp;oe=603DB5CB\",\"keywords\":[\"asphyx\",\"concierto asphyx zaragoza\",\"heavy metal\"],\"articleSection\":[\"Noticias del mes\"],\"inLanguage\":\"es\",\"potentialAction\":[{\"@type\":\"CommentAction\",\"name\":\"Comment\",\"target\":[\"https:\\\/\\\/www.todoheavymetal.com\\\/index.php\\\/noticias-del-mes\\\/aplazado-el-concierto-de-asphyx-en-zaragoza#respond\"]}]},{\"@type\":\"WebPage\",\"@id\":\"https:\\\/\\\/www.todoheavymetal.com\\\/index.php\\\/noticias-del-mes\\\/aplazado-el-concierto-de-asphyx-en-zaragoza\",\"url\":\"https:\\\/\\\/www.todoheavymetal.com\\\/index.php\\\/noticias-del-mes\\\/aplazado-el-concierto-de-asphyx-en-zaragoza\",\"name\":\"APLAZADO EL CONCIERTO DE ASPHYX EN ZARAGOZA - HEAVY METAL - NOTICIAS HEAVY METAL\",\"isPartOf\":{\"@id\":\"https:\\\/\\\/www.todoheavymetal.com\\\/#website\"},\"primaryImageOfPage\":{\"@id\":\"https:\\\/\\\/www.todoheavymetal.com\\\/index.php\\\/noticias-del-mes\\\/aplazado-el-concierto-de-asphyx-en-zaragoza#primaryimage\"},\"image\":{\"@id\":\"https:\\\/\\\/www.todoheavymetal.com\\\/index.php\\\/noticias-del-mes\\\/aplazado-el-concierto-de-asphyx-en-zaragoza#primaryimage\"},\"thumbnailUrl\":\"https:\\\/\\\/scontent-mad1-1.xx.fbcdn.net\\\/v\\\/t1.0-9\\\/144782814_280060510137247_797429247618297912_o.jpg?_nc_cat=105&amp;ccb=2&amp;_nc_sid=730e14&amp;_nc_ohc=kjprWxEyHCAAX_8AiBU&amp;_nc_ht=scontent-mad1-1.xx&amp;oh=ffbb41b3b461f56b17775eb8dcec03ed&amp;oe=603DB5CB\",\"datePublished\":\"2021-02-02T08:03:15+00:00\",\"author\":{\"@id\":\"https:\\\/\\\/www.todoheavymetal.com\\\/#\\\/schema\\\/person\\\/aa098e79c44b992ec2357a75883ed217\"},\"breadcrumb\":{\"@id\":\"https:\\\/\\\/www.todoheavymetal.com\\\/index.php\\\/noticias-del-mes\\\/aplazado-el-concierto-de-asphyx-en-zaragoza#breadcrumb\"},\"inLanguage\":\"es\",\"potentialAction\":[{\"@type\":\"ReadAction\",\"target\":[\"https:\\\/\\\/www.todoheavymetal.com\\\/index.php\\\/noticias-del-mes\\\/aplazado-el-concierto-de-asphyx-en-zaragoza\"]}]},{\"@type\":\"ImageObject\",\"inLanguage\":\"es\",\"@id\":\"https:\\\/\\\/www.todoheavymetal.com\\\/index.php\\\/noticias-del-mes\\\/aplazado-el-concierto-de-asphyx-en-zaragoza#primaryimage\",\"url\":\"https:\\\/\\\/scontent-mad1-1.xx.fbcdn.net\\\/v\\\/t1.0-9\\\/144782814_280060510137247_797429247618297912_o.jpg?_nc_cat=105&amp;ccb=2&amp;_nc_sid=730e14&amp;_nc_ohc=kjprWxEyHCAAX_8AiBU&amp;_nc_ht=scontent-mad1-1.xx&amp;oh=ffbb41b3b461f56b17775eb8dcec03ed&amp;oe=603DB5CB\",\"contentUrl\":\"https:\\\/\\\/scontent-mad1-1.xx.fbcdn.net\\\/v\\\/t1.0-9\\\/144782814_280060510137247_797429247618297912_o.jpg?_nc_cat=105&amp;ccb=2&amp;_nc_sid=730e14&amp;_nc_ohc=kjprWxEyHCAAX_8AiBU&amp;_nc_ht=scontent-mad1-1.xx&amp;oh=ffbb41b3b461f56b17775eb8dcec03ed&amp;oe=603DB5CB\"},{\"@type\":\"BreadcrumbList\",\"@id\":\"https:\\\/\\\/www.todoheavymetal.com\\\/index.php\\\/noticias-del-mes\\\/aplazado-el-concierto-de-asphyx-en-zaragoza#breadcrumb\",\"itemListElement\":[{\"@type\":\"ListItem\",\"position\":1,\"name\":\"Portada\",\"item\":\"https:\\\/\\\/www.todoheavymetal.com\\\/\"},{\"@type\":\"ListItem\",\"position\":2,\"name\":\"APLAZADO EL CONCIERTO DE ASPHYX EN ZARAGOZA\"}]},{\"@type\":\"WebSite\",\"@id\":\"https:\\\/\\\/www.todoheavymetal.com\\\/#website\",\"url\":\"https:\\\/\\\/www.todoheavymetal.com\\\/\",\"name\":\"todoheavymetal.com\",\"description\":\"heavy metal - noticias heavy metal - todoheavymetal\",\"potentialAction\":[{\"@type\":\"SearchAction\",\"target\":{\"@type\":\"EntryPoint\",\"urlTemplate\":\"https:\\\/\\\/www.todoheavymetal.com\\\/?s={search_term_string}\"},\"query-input\":{\"@type\":\"PropertyValueSpecification\",\"valueRequired\":true,\"valueName\":\"search_term_string\"}}],\"inLanguage\":\"es\"},{\"@type\":\"Person\",\"@id\":\"https:\\\/\\\/www.todoheavymetal.com\\\/#\\\/schema\\\/person\\\/aa098e79c44b992ec2357a75883ed217\",\"name\":\"Javi\",\"image\":{\"@type\":\"ImageObject\",\"inLanguage\":\"es\",\"@id\":\"https:\\\/\\\/secure.gravatar.com\\\/avatar\\\/ad9699b1143ed4017d23ce58fa9d83e0375bd1368122b157550ad77cd28bdfdf?s=96&d=monsterid&r=g\",\"url\":\"https:\\\/\\\/secure.gravatar.com\\\/avatar\\\/ad9699b1143ed4017d23ce58fa9d83e0375bd1368122b157550ad77cd28bdfdf?s=96&d=monsterid&r=g\",\"contentUrl\":\"https:\\\/\\\/secure.gravatar.com\\\/avatar\\\/ad9699b1143ed4017d23ce58fa9d83e0375bd1368122b157550ad77cd28bdfdf?s=96&d=monsterid&r=g\",\"caption\":\"Javi\"},\"url\":\"https:\\\/\\\/www.todoheavymetal.com\\\/index.php\\\/author\\\/javipelos\"}]}<\/script>\n<!-- \/ Yoast SEO plugin. -->","yoast_head_json":{"title":"APLAZADO EL CONCIERTO DE ASPHYX EN ZARAGOZA - HEAVY METAL - NOTICIAS HEAVY METAL","robots":{"index":"index","follow":"follow","max-snippet":"max-snippet:-1","max-image-preview":"max-image-preview:large","max-video-preview":"max-video-preview:-1"},"canonical":"https:\/\/www.todoheavymetal.com\/index.php\/noticias-del-mes\/aplazado-el-concierto-de-asphyx-en-zaragoza","og_locale":"es_ES","og_type":"article","og_title":"APLAZADO EL CONCIERTO DE ASPHYX EN ZARAGOZA - HEAVY METAL - NOTICIAS HEAVY METAL","og_description":"Por los motivos que ya todos sabemos, el concierto de ASPHYX en Zaragoza programado para el pr\u00f3ximo mes de marzo ha sido aplazado. La fecha de los holandeses ha sido cambiada al s\u00e1bado 12 de marzo de 2022. Ser\u00e1 en el C.C. Valdefierro de Zaragoza (fecha \u00fanica) a partir de las 20.00 horas. Por el [&hellip;]","og_url":"https:\/\/www.todoheavymetal.com\/index.php\/noticias-del-mes\/aplazado-el-concierto-de-asphyx-en-zaragoza","og_site_name":"HEAVY METAL - NOTICIAS HEAVY METAL","article_publisher":"https:\/\/www.facebook.com\/todoheavymetal\/","article_published_time":"2021-02-02T08:03:15+00:00","og_image":[{"url":"https:\/\/scontent-mad1-1.xx.fbcdn.net\/v\/t1.0-9\/144782814_280060510137247_797429247618297912_o.jpg?_nc_cat=105&amp;ccb=2&amp;_nc_sid=730e14&amp;_nc_ohc=kjprWxEyHCAAX_8AiBU&amp;_nc_ht=scontent-mad1-1.xx&amp;oh=ffbb41b3b461f56b17775eb8dcec03ed&amp;oe=603DB5CB","type":"","width":"","height":""}],"author":"Javi","twitter_card":"summary_large_image","twitter_creator":"@todoheavymetal","twitter_site":"@todoheavymetal","twitter_misc":{"Escrito por":"Javi"},"schema":{"@context":"https:\/\/schema.org","@graph":[{"@type":"Article","@id":"https:\/\/www.todoheavymetal.com\/index.php\/noticias-del-mes\/aplazado-el-concierto-de-asphyx-en-zaragoza#article","isPartOf":{"@id":"https:\/\/www.todoheavymetal.com\/index.php\/noticias-del-mes\/aplazado-el-concierto-de-asphyx-en-zaragoza"},"author":{"name":"Javi","@id":"https:\/\/www.todoheavymetal.com\/#\/schema\/person\/aa098e79c44b992ec2357a75883ed217"},"headline":"APLAZADO EL CONCIERTO DE ASPHYX EN ZARAGOZA","datePublished":"2021-02-02T08:03:15+00:00","mainEntityOfPage":{"@id":"https:\/\/www.todoheavymetal.com\/index.php\/noticias-del-mes\/aplazado-el-concierto-de-asphyx-en-zaragoza"},"wordCount":80,"commentCount":0,"image":{"@id":"https:\/\/www.todoheavymetal.com\/index.php\/noticias-del-mes\/aplazado-el-concierto-de-asphyx-en-zaragoza#primaryimage"},"thumbnailUrl":"https:\/\/scontent-mad1-1.xx.fbcdn.net\/v\/t1.0-9\/144782814_280060510137247_797429247618297912_o.jpg?_nc_cat=105&amp;ccb=2&amp;_nc_sid=730e14&amp;_nc_ohc=kjprWxEyHCAAX_8AiBU&amp;_nc_ht=scontent-mad1-1.xx&amp;oh=ffbb41b3b461f56b17775eb8dcec03ed&amp;oe=603DB5CB","keywords":["asphyx","concierto asphyx zaragoza","heavy metal"],"articleSection":["Noticias del mes"],"inLanguage":"es","potentialAction":[{"@type":"CommentAction","name":"Comment","target":["https:\/\/www.todoheavymetal.com\/index.php\/noticias-del-mes\/aplazado-el-concierto-de-asphyx-en-zaragoza#respond"]}]},{"@type":"WebPage","@id":"https:\/\/www.todoheavymetal.com\/index.php\/noticias-del-mes\/aplazado-el-concierto-de-asphyx-en-zaragoza","url":"https:\/\/www.todoheavymetal.com\/index.php\/noticias-del-mes\/aplazado-el-concierto-de-asphyx-en-zaragoza","name":"APLAZADO EL CONCIERTO DE ASPHYX EN ZARAGOZA - HEAVY METAL - NOTICIAS HEAVY METAL","isPartOf":{"@id":"https:\/\/www.todoheavymetal.com\/#website"},"primaryImageOfPage":{"@id":"https:\/\/www.todoheavymetal.com\/index.php\/noticias-del-mes\/aplazado-el-concierto-de-asphyx-en-zaragoza#primaryimage"},"image":{"@id":"https:\/\/www.todoheavymetal.com\/index.php\/noticias-del-mes\/aplazado-el-concierto-de-asphyx-en-zaragoza#primaryimage"},"thumbnailUrl":"https:\/\/scontent-mad1-1.xx.fbcdn.net\/v\/t1.0-9\/144782814_280060510137247_797429247618297912_o.jpg?_nc_cat=105&amp;ccb=2&amp;_nc_sid=730e14&amp;_nc_ohc=kjprWxEyHCAAX_8AiBU&amp;_nc_ht=scontent-mad1-1.xx&amp;oh=ffbb41b3b461f56b17775eb8dcec03ed&amp;oe=603DB5CB","datePublished":"2021-02-02T08:03:15+00:00","author":{"@id":"https:\/\/www.todoheavymetal.com\/#\/schema\/person\/aa098e79c44b992ec2357a75883ed217"},"breadcrumb":{"@id":"https:\/\/www.todoheavymetal.com\/index.php\/noticias-del-mes\/aplazado-el-concierto-de-asphyx-en-zaragoza#breadcrumb"},"inLanguage":"es","potentialAction":[{"@type":"ReadAction","target":["https:\/\/www.todoheavymetal.com\/index.php\/noticias-del-mes\/aplazado-el-concierto-de-asphyx-en-zaragoza"]}]},{"@type":"ImageObject","inLanguage":"es","@id":"https:\/\/www.todoheavymetal.com\/index.php\/noticias-del-mes\/aplazado-el-concierto-de-asphyx-en-zaragoza#primaryimage","url":"https:\/\/scontent-mad1-1.xx.fbcdn.net\/v\/t1.0-9\/144782814_280060510137247_797429247618297912_o.jpg?_nc_cat=105&amp;ccb=2&amp;_nc_sid=730e14&amp;_nc_ohc=kjprWxEyHCAAX_8AiBU&amp;_nc_ht=scontent-mad1-1.xx&amp;oh=ffbb41b3b461f56b17775eb8dcec03ed&amp;oe=603DB5CB","contentUrl":"https:\/\/scontent-mad1-1.xx.fbcdn.net\/v\/t1.0-9\/144782814_280060510137247_797429247618297912_o.jpg?_nc_cat=105&amp;ccb=2&amp;_nc_sid=730e14&amp;_nc_ohc=kjprWxEyHCAAX_8AiBU&amp;_nc_ht=scontent-mad1-1.xx&amp;oh=ffbb41b3b461f56b17775eb8dcec03ed&amp;oe=603DB5CB"},{"@type":"BreadcrumbList","@id":"https:\/\/www.todoheavymetal.com\/index.php\/noticias-del-mes\/aplazado-el-concierto-de-asphyx-en-zaragoza#breadcrumb","itemListElement":[{"@type":"ListItem","position":1,"name":"Portada","item":"https:\/\/www.todoheavymetal.com\/"},{"@type":"ListItem","position":2,"name":"APLAZADO EL CONCIERTO DE ASPHYX EN ZARAGOZA"}]},{"@type":"WebSite","@id":"https:\/\/www.todoheavymetal.com\/#website","url":"https:\/\/www.todoheavymetal.com\/","name":"todoheavymetal.com","description":"heavy metal - noticias heavy metal - todoheavymetal","potentialAction":[{"@type":"SearchAction","target":{"@type":"EntryPoint","urlTemplate":"https:\/\/www.todoheavymetal.com\/?s={search_term_string}"},"query-input":{"@type":"PropertyValueSpecification","valueRequired":true,"valueName":"search_term_string"}}],"inLanguage":"es"},{"@type":"Person","@id":"https:\/\/www.todoheavymetal.com\/#\/schema\/person\/aa098e79c44b992ec2357a75883ed217","name":"Javi","image":{"@type":"ImageObject","inLanguage":"es","@id":"https:\/\/secure.gravatar.com\/avatar\/ad9699b1143ed4017d23ce58fa9d83e0375bd1368122b157550ad77cd28bdfdf?s=96&d=monsterid&r=g","url":"https:\/\/secure.gravatar.com\/avatar\/ad9699b1143ed4017d23ce58fa9d83e0375bd1368122b157550ad77cd28bdfdf?s=96&d=monsterid&r=g","contentUrl":"https:\/\/secure.gravatar.com\/avatar\/ad9699b1143ed4017d23ce58fa9d83e0375bd1368122b157550ad77cd28bdfdf?s=96&d=monsterid&r=g","caption":"Javi"},"url":"https:\/\/www.todoheavymetal.com\/index.php\/author\/javipelos"}]}},"_links":{"self":[{"href":"https:\/\/www.todoheavymetal.com\/index.php\/wp-json\/wp\/v2\/posts\/81267","targetHints":{"allow":["GET"]}}],"collection":[{"href":"https:\/\/www.todoheavymetal.com\/index.php\/wp-json\/wp\/v2\/posts"}],"about":[{"href":"https:\/\/www.todoheavymetal.com\/index.php\/wp-json\/wp\/v2\/types\/post"}],"author":[{"embeddable":true,"href":"https:\/\/www.todoheavymetal.com\/index.php\/wp-json\/wp\/v2\/users\/4"}],"replies":[{"embeddable":true,"href":"https:\/\/www.todoheavymetal.com\/index.php\/wp-json\/wp\/v2\/comments?post=81267"}],"version-history":[{"count":1,"href":"https:\/\/www.todoheavymetal.com\/index.php\/wp-json\/wp\/v2\/posts\/81267\/revisions"}],"predecessor-version":[{"id":81269,"href":"https:\/\/www.todoheavymetal.com\/index.php\/wp-json\/wp\/v2\/posts\/81267\/revisions\/81269"}],"wp:attachment":[{"href":"https:\/\/www.todoheavymetal.com\/index.php\/wp-json\/wp\/v2\/media?parent=81267"}],"wp:term":[{"taxonomy":"category","embeddable":true,"href":"https:\/\/www.todoheavymetal.com\/index.php\/wp-json\/wp\/v2\/categories?post=81267"},{"taxonomy":"post_tag","embeddable":true,"href":"https:\/\/www.todoheavymetal.com\/index.php\/wp-json\/wp\/v2\/tags?post=81267"}],"curies":[{"name":"wp","href":"https:\/\/api.w.org\/{rel}","templated":true}]}}