{"id":77621,"date":"2020-08-10T18:35:12","date_gmt":"2020-08-10T16:35:12","guid":{"rendered":"http:\/\/www.todoheavymetal.com\/?p=77621"},"modified":"2020-08-10T17:06:30","modified_gmt":"2020-08-10T15:06:30","slug":"primal-fear-posponen-su-gira-europea","status":"publish","type":"post","link":"https:\/\/www.todoheavymetal.com\/index.php\/noticias-del-mes\/primal-fear-posponen-su-gira-europea","title":{"rendered":"PRIMAL FEAR POSPONEN SU GIRA EUROPEA"},"content":{"rendered":"<p style=\"text-align: justify;\">Los alemanes PRIMAL FEAR posponen su pr\u00f3xima gira europea para presentar su reci\u00e9n editado nuevo trabajo <em>Metal comando<\/em> y anuncian nuevas fechas de cara a febrero y marzo de 2021.<\/p>\n<p style=\"text-align: justify;\">Por supuesto los conciertos espa\u00f1oles programados para el pr\u00f3ximo mes de septiembre tambi\u00e9n se ven afectados. \u00c9stas son las nuevas fechas en nuestro pa\u00eds:<\/p>\n<ul>\n<li style=\"text-align: justify;\">Jueves 18 de febrero de 2021 Pamplona<\/li>\n<li style=\"text-align: justify;\">Viernes 19 de febrero de 2021 Madrid<\/li>\n<li style=\"text-align: justify;\">S\u00e1bado 20 de febrero de 2021 Murcia<\/li>\n<li style=\"text-align: justify;\">Domingo 21 de febrero de 2021 Barcelona<\/li>\n<\/ul>\n<p style=\"text-align: justify;\">PRIMAL FEAR girar\u00e1n acompa\u00f1ados por FREEDOM CALL y SCARLET AURA.<\/p>\n<p><img loading=\"lazy\" decoding=\"async\" class=\"aligncenter \" src=\"https:\/\/scontent-mad1-1.xx.fbcdn.net\/v\/t1.0-9\/s960x960\/117338084_3043148819116471_5422252182685459436_o.jpg?_nc_cat=108&amp;_nc_sid=8024bb&amp;_nc_ohc=afrBHNllSOEAX-6lr56&amp;_nc_ht=scontent-mad1-1.xx&amp;_nc_tp=7&amp;oh=bfb1e505fddea9e0142a7fc7355de083&amp;oe=5F56F6D6\" width=\"436\" height=\"616\" \/><\/p>\n","protected":false},"excerpt":{"rendered":"<p>Los alemanes PRIMAL FEAR posponen su pr\u00f3xima gira europea para presentar su reci\u00e9n editado nuevo trabajo Metal comando y anuncian nuevas fechas de cara a febrero y marzo de 2021. Por supuesto los conciertos espa\u00f1oles programados para el pr\u00f3ximo mes de septiembre tambi\u00e9n se ven afectados. \u00c9stas son las nuevas fechas en nuestro pa\u00eds: Jueves [&hellip;]<\/p>\n","protected":false},"author":4,"featured_media":0,"comment_status":"open","ping_status":"open","sticky":false,"template":"","format":"standard","meta":{"footnotes":""},"categories":[8],"tags":[30201,4,30047,6,1300],"class_list":["post-77621","post","type-post","status-publish","format-standard","hentry","category-noticias-del-mes","tag-conciertos-primal-fear","tag-heavy-metal","tag-metal-commando","tag-noticias-heavy-metal","tag-primal-fear"],"yoast_head":"<!-- This site is optimized with the Yoast SEO plugin v27.5 - https:\/\/yoast.com\/product\/yoast-seo-wordpress\/ -->\n<title>PRIMAL FEAR POSPONEN SU GIRA EUROPEA - HEAVY METAL - NOTICIAS HEAVY METAL<\/title>\n<meta name=\"robots\" content=\"index, follow, max-snippet:-1, max-image-preview:large, max-video-preview:-1\" \/>\n<link rel=\"canonical\" href=\"https:\/\/www.todoheavymetal.com\/index.php\/noticias-del-mes\/primal-fear-posponen-su-gira-europea\" \/>\n<meta property=\"og:locale\" content=\"es_ES\" \/>\n<meta property=\"og:type\" content=\"article\" \/>\n<meta property=\"og:title\" content=\"PRIMAL FEAR POSPONEN SU GIRA EUROPEA - HEAVY METAL - NOTICIAS HEAVY METAL\" \/>\n<meta property=\"og:description\" content=\"Los alemanes PRIMAL FEAR posponen su pr\u00f3xima gira europea para presentar su reci\u00e9n editado nuevo trabajo Metal comando y anuncian nuevas fechas de cara a febrero y marzo de 2021. Por supuesto los conciertos espa\u00f1oles programados para el pr\u00f3ximo mes de septiembre tambi\u00e9n se ven afectados. \u00c9stas son las nuevas fechas en nuestro pa\u00eds: Jueves [&hellip;]\" \/>\n<meta property=\"og:url\" content=\"https:\/\/www.todoheavymetal.com\/index.php\/noticias-del-mes\/primal-fear-posponen-su-gira-europea\" \/>\n<meta property=\"og:site_name\" content=\"HEAVY METAL - NOTICIAS HEAVY METAL\" \/>\n<meta property=\"article:publisher\" content=\"https:\/\/www.facebook.com\/todoheavymetal\/\" \/>\n<meta property=\"article:published_time\" content=\"2020-08-10T16:35:12+00:00\" \/>\n<meta property=\"og:image\" content=\"https:\/\/scontent-mad1-1.xx.fbcdn.net\/v\/t1.0-9\/s960x960\/117338084_3043148819116471_5422252182685459436_o.jpg?_nc_cat=108&amp;_nc_sid=8024bb&amp;_nc_ohc=afrBHNllSOEAX-6lr56&amp;_nc_ht=scontent-mad1-1.xx&amp;_nc_tp=7&amp;oh=bfb1e505fddea9e0142a7fc7355de083&amp;oe=5F56F6D6\" \/>\n<meta name=\"author\" content=\"Javi\" \/>\n<meta name=\"twitter:card\" content=\"summary_large_image\" \/>\n<meta name=\"twitter:creator\" content=\"@todoheavymetal\" \/>\n<meta name=\"twitter:site\" content=\"@todoheavymetal\" \/>\n<meta name=\"twitter:label1\" content=\"Escrito por\" \/>\n\t<meta name=\"twitter:data1\" content=\"Javi\" \/>\n<script type=\"application\/ld+json\" class=\"yoast-schema-graph\">{\"@context\":\"https:\\\/\\\/schema.org\",\"@graph\":[{\"@type\":\"Article\",\"@id\":\"https:\\\/\\\/www.todoheavymetal.com\\\/index.php\\\/noticias-del-mes\\\/primal-fear-posponen-su-gira-europea#article\",\"isPartOf\":{\"@id\":\"https:\\\/\\\/www.todoheavymetal.com\\\/index.php\\\/noticias-del-mes\\\/primal-fear-posponen-su-gira-europea\"},\"author\":{\"name\":\"Javi\",\"@id\":\"https:\\\/\\\/www.todoheavymetal.com\\\/#\\\/schema\\\/person\\\/aa098e79c44b992ec2357a75883ed217\"},\"headline\":\"PRIMAL FEAR POSPONEN SU GIRA EUROPEA\",\"datePublished\":\"2020-08-10T16:35:12+00:00\",\"mainEntityOfPage\":{\"@id\":\"https:\\\/\\\/www.todoheavymetal.com\\\/index.php\\\/noticias-del-mes\\\/primal-fear-posponen-su-gira-europea\"},\"wordCount\":98,\"commentCount\":0,\"image\":{\"@id\":\"https:\\\/\\\/www.todoheavymetal.com\\\/index.php\\\/noticias-del-mes\\\/primal-fear-posponen-su-gira-europea#primaryimage\"},\"thumbnailUrl\":\"https:\\\/\\\/scontent-mad1-1.xx.fbcdn.net\\\/v\\\/t1.0-9\\\/s960x960\\\/117338084_3043148819116471_5422252182685459436_o.jpg?_nc_cat=108&amp;_nc_sid=8024bb&amp;_nc_ohc=afrBHNllSOEAX-6lr56&amp;_nc_ht=scontent-mad1-1.xx&amp;_nc_tp=7&amp;oh=bfb1e505fddea9e0142a7fc7355de083&amp;oe=5F56F6D6\",\"keywords\":[\"conciertos primal fear\",\"heavy metal\",\"metal commando\",\"noticias heavy metal\",\"primal fear\"],\"articleSection\":[\"Noticias del mes\"],\"inLanguage\":\"es\",\"potentialAction\":[{\"@type\":\"CommentAction\",\"name\":\"Comment\",\"target\":[\"https:\\\/\\\/www.todoheavymetal.com\\\/index.php\\\/noticias-del-mes\\\/primal-fear-posponen-su-gira-europea#respond\"]}]},{\"@type\":\"WebPage\",\"@id\":\"https:\\\/\\\/www.todoheavymetal.com\\\/index.php\\\/noticias-del-mes\\\/primal-fear-posponen-su-gira-europea\",\"url\":\"https:\\\/\\\/www.todoheavymetal.com\\\/index.php\\\/noticias-del-mes\\\/primal-fear-posponen-su-gira-europea\",\"name\":\"PRIMAL FEAR POSPONEN SU GIRA EUROPEA - HEAVY METAL - NOTICIAS HEAVY METAL\",\"isPartOf\":{\"@id\":\"https:\\\/\\\/www.todoheavymetal.com\\\/#website\"},\"primaryImageOfPage\":{\"@id\":\"https:\\\/\\\/www.todoheavymetal.com\\\/index.php\\\/noticias-del-mes\\\/primal-fear-posponen-su-gira-europea#primaryimage\"},\"image\":{\"@id\":\"https:\\\/\\\/www.todoheavymetal.com\\\/index.php\\\/noticias-del-mes\\\/primal-fear-posponen-su-gira-europea#primaryimage\"},\"thumbnailUrl\":\"https:\\\/\\\/scontent-mad1-1.xx.fbcdn.net\\\/v\\\/t1.0-9\\\/s960x960\\\/117338084_3043148819116471_5422252182685459436_o.jpg?_nc_cat=108&amp;_nc_sid=8024bb&amp;_nc_ohc=afrBHNllSOEAX-6lr56&amp;_nc_ht=scontent-mad1-1.xx&amp;_nc_tp=7&amp;oh=bfb1e505fddea9e0142a7fc7355de083&amp;oe=5F56F6D6\",\"datePublished\":\"2020-08-10T16:35:12+00:00\",\"author\":{\"@id\":\"https:\\\/\\\/www.todoheavymetal.com\\\/#\\\/schema\\\/person\\\/aa098e79c44b992ec2357a75883ed217\"},\"breadcrumb\":{\"@id\":\"https:\\\/\\\/www.todoheavymetal.com\\\/index.php\\\/noticias-del-mes\\\/primal-fear-posponen-su-gira-europea#breadcrumb\"},\"inLanguage\":\"es\",\"potentialAction\":[{\"@type\":\"ReadAction\",\"target\":[\"https:\\\/\\\/www.todoheavymetal.com\\\/index.php\\\/noticias-del-mes\\\/primal-fear-posponen-su-gira-europea\"]}]},{\"@type\":\"ImageObject\",\"inLanguage\":\"es\",\"@id\":\"https:\\\/\\\/www.todoheavymetal.com\\\/index.php\\\/noticias-del-mes\\\/primal-fear-posponen-su-gira-europea#primaryimage\",\"url\":\"https:\\\/\\\/scontent-mad1-1.xx.fbcdn.net\\\/v\\\/t1.0-9\\\/s960x960\\\/117338084_3043148819116471_5422252182685459436_o.jpg?_nc_cat=108&amp;_nc_sid=8024bb&amp;_nc_ohc=afrBHNllSOEAX-6lr56&amp;_nc_ht=scontent-mad1-1.xx&amp;_nc_tp=7&amp;oh=bfb1e505fddea9e0142a7fc7355de083&amp;oe=5F56F6D6\",\"contentUrl\":\"https:\\\/\\\/scontent-mad1-1.xx.fbcdn.net\\\/v\\\/t1.0-9\\\/s960x960\\\/117338084_3043148819116471_5422252182685459436_o.jpg?_nc_cat=108&amp;_nc_sid=8024bb&amp;_nc_ohc=afrBHNllSOEAX-6lr56&amp;_nc_ht=scontent-mad1-1.xx&amp;_nc_tp=7&amp;oh=bfb1e505fddea9e0142a7fc7355de083&amp;oe=5F56F6D6\"},{\"@type\":\"BreadcrumbList\",\"@id\":\"https:\\\/\\\/www.todoheavymetal.com\\\/index.php\\\/noticias-del-mes\\\/primal-fear-posponen-su-gira-europea#breadcrumb\",\"itemListElement\":[{\"@type\":\"ListItem\",\"position\":1,\"name\":\"Portada\",\"item\":\"https:\\\/\\\/www.todoheavymetal.com\\\/\"},{\"@type\":\"ListItem\",\"position\":2,\"name\":\"PRIMAL FEAR POSPONEN SU GIRA EUROPEA\"}]},{\"@type\":\"WebSite\",\"@id\":\"https:\\\/\\\/www.todoheavymetal.com\\\/#website\",\"url\":\"https:\\\/\\\/www.todoheavymetal.com\\\/\",\"name\":\"todoheavymetal.com\",\"description\":\"heavy metal - noticias heavy metal - todoheavymetal\",\"potentialAction\":[{\"@type\":\"SearchAction\",\"target\":{\"@type\":\"EntryPoint\",\"urlTemplate\":\"https:\\\/\\\/www.todoheavymetal.com\\\/?s={search_term_string}\"},\"query-input\":{\"@type\":\"PropertyValueSpecification\",\"valueRequired\":true,\"valueName\":\"search_term_string\"}}],\"inLanguage\":\"es\"},{\"@type\":\"Person\",\"@id\":\"https:\\\/\\\/www.todoheavymetal.com\\\/#\\\/schema\\\/person\\\/aa098e79c44b992ec2357a75883ed217\",\"name\":\"Javi\",\"image\":{\"@type\":\"ImageObject\",\"inLanguage\":\"es\",\"@id\":\"https:\\\/\\\/secure.gravatar.com\\\/avatar\\\/ad9699b1143ed4017d23ce58fa9d83e0375bd1368122b157550ad77cd28bdfdf?s=96&d=monsterid&r=g\",\"url\":\"https:\\\/\\\/secure.gravatar.com\\\/avatar\\\/ad9699b1143ed4017d23ce58fa9d83e0375bd1368122b157550ad77cd28bdfdf?s=96&d=monsterid&r=g\",\"contentUrl\":\"https:\\\/\\\/secure.gravatar.com\\\/avatar\\\/ad9699b1143ed4017d23ce58fa9d83e0375bd1368122b157550ad77cd28bdfdf?s=96&d=monsterid&r=g\",\"caption\":\"Javi\"},\"url\":\"https:\\\/\\\/www.todoheavymetal.com\\\/index.php\\\/author\\\/javipelos\"}]}<\/script>\n<!-- \/ Yoast SEO plugin. -->","yoast_head_json":{"title":"PRIMAL FEAR POSPONEN SU GIRA EUROPEA - HEAVY METAL - NOTICIAS HEAVY METAL","robots":{"index":"index","follow":"follow","max-snippet":"max-snippet:-1","max-image-preview":"max-image-preview:large","max-video-preview":"max-video-preview:-1"},"canonical":"https:\/\/www.todoheavymetal.com\/index.php\/noticias-del-mes\/primal-fear-posponen-su-gira-europea","og_locale":"es_ES","og_type":"article","og_title":"PRIMAL FEAR POSPONEN SU GIRA EUROPEA - HEAVY METAL - NOTICIAS HEAVY METAL","og_description":"Los alemanes PRIMAL FEAR posponen su pr\u00f3xima gira europea para presentar su reci\u00e9n editado nuevo trabajo Metal comando y anuncian nuevas fechas de cara a febrero y marzo de 2021. Por supuesto los conciertos espa\u00f1oles programados para el pr\u00f3ximo mes de septiembre tambi\u00e9n se ven afectados. \u00c9stas son las nuevas fechas en nuestro pa\u00eds: Jueves [&hellip;]","og_url":"https:\/\/www.todoheavymetal.com\/index.php\/noticias-del-mes\/primal-fear-posponen-su-gira-europea","og_site_name":"HEAVY METAL - NOTICIAS HEAVY METAL","article_publisher":"https:\/\/www.facebook.com\/todoheavymetal\/","article_published_time":"2020-08-10T16:35:12+00:00","og_image":[{"url":"https:\/\/scontent-mad1-1.xx.fbcdn.net\/v\/t1.0-9\/s960x960\/117338084_3043148819116471_5422252182685459436_o.jpg?_nc_cat=108&amp;_nc_sid=8024bb&amp;_nc_ohc=afrBHNllSOEAX-6lr56&amp;_nc_ht=scontent-mad1-1.xx&amp;_nc_tp=7&amp;oh=bfb1e505fddea9e0142a7fc7355de083&amp;oe=5F56F6D6","type":"","width":"","height":""}],"author":"Javi","twitter_card":"summary_large_image","twitter_creator":"@todoheavymetal","twitter_site":"@todoheavymetal","twitter_misc":{"Escrito por":"Javi"},"schema":{"@context":"https:\/\/schema.org","@graph":[{"@type":"Article","@id":"https:\/\/www.todoheavymetal.com\/index.php\/noticias-del-mes\/primal-fear-posponen-su-gira-europea#article","isPartOf":{"@id":"https:\/\/www.todoheavymetal.com\/index.php\/noticias-del-mes\/primal-fear-posponen-su-gira-europea"},"author":{"name":"Javi","@id":"https:\/\/www.todoheavymetal.com\/#\/schema\/person\/aa098e79c44b992ec2357a75883ed217"},"headline":"PRIMAL FEAR POSPONEN SU GIRA EUROPEA","datePublished":"2020-08-10T16:35:12+00:00","mainEntityOfPage":{"@id":"https:\/\/www.todoheavymetal.com\/index.php\/noticias-del-mes\/primal-fear-posponen-su-gira-europea"},"wordCount":98,"commentCount":0,"image":{"@id":"https:\/\/www.todoheavymetal.com\/index.php\/noticias-del-mes\/primal-fear-posponen-su-gira-europea#primaryimage"},"thumbnailUrl":"https:\/\/scontent-mad1-1.xx.fbcdn.net\/v\/t1.0-9\/s960x960\/117338084_3043148819116471_5422252182685459436_o.jpg?_nc_cat=108&amp;_nc_sid=8024bb&amp;_nc_ohc=afrBHNllSOEAX-6lr56&amp;_nc_ht=scontent-mad1-1.xx&amp;_nc_tp=7&amp;oh=bfb1e505fddea9e0142a7fc7355de083&amp;oe=5F56F6D6","keywords":["conciertos primal fear","heavy metal","metal commando","noticias heavy metal","primal fear"],"articleSection":["Noticias del mes"],"inLanguage":"es","potentialAction":[{"@type":"CommentAction","name":"Comment","target":["https:\/\/www.todoheavymetal.com\/index.php\/noticias-del-mes\/primal-fear-posponen-su-gira-europea#respond"]}]},{"@type":"WebPage","@id":"https:\/\/www.todoheavymetal.com\/index.php\/noticias-del-mes\/primal-fear-posponen-su-gira-europea","url":"https:\/\/www.todoheavymetal.com\/index.php\/noticias-del-mes\/primal-fear-posponen-su-gira-europea","name":"PRIMAL FEAR POSPONEN SU GIRA EUROPEA - HEAVY METAL - NOTICIAS HEAVY METAL","isPartOf":{"@id":"https:\/\/www.todoheavymetal.com\/#website"},"primaryImageOfPage":{"@id":"https:\/\/www.todoheavymetal.com\/index.php\/noticias-del-mes\/primal-fear-posponen-su-gira-europea#primaryimage"},"image":{"@id":"https:\/\/www.todoheavymetal.com\/index.php\/noticias-del-mes\/primal-fear-posponen-su-gira-europea#primaryimage"},"thumbnailUrl":"https:\/\/scontent-mad1-1.xx.fbcdn.net\/v\/t1.0-9\/s960x960\/117338084_3043148819116471_5422252182685459436_o.jpg?_nc_cat=108&amp;_nc_sid=8024bb&amp;_nc_ohc=afrBHNllSOEAX-6lr56&amp;_nc_ht=scontent-mad1-1.xx&amp;_nc_tp=7&amp;oh=bfb1e505fddea9e0142a7fc7355de083&amp;oe=5F56F6D6","datePublished":"2020-08-10T16:35:12+00:00","author":{"@id":"https:\/\/www.todoheavymetal.com\/#\/schema\/person\/aa098e79c44b992ec2357a75883ed217"},"breadcrumb":{"@id":"https:\/\/www.todoheavymetal.com\/index.php\/noticias-del-mes\/primal-fear-posponen-su-gira-europea#breadcrumb"},"inLanguage":"es","potentialAction":[{"@type":"ReadAction","target":["https:\/\/www.todoheavymetal.com\/index.php\/noticias-del-mes\/primal-fear-posponen-su-gira-europea"]}]},{"@type":"ImageObject","inLanguage":"es","@id":"https:\/\/www.todoheavymetal.com\/index.php\/noticias-del-mes\/primal-fear-posponen-su-gira-europea#primaryimage","url":"https:\/\/scontent-mad1-1.xx.fbcdn.net\/v\/t1.0-9\/s960x960\/117338084_3043148819116471_5422252182685459436_o.jpg?_nc_cat=108&amp;_nc_sid=8024bb&amp;_nc_ohc=afrBHNllSOEAX-6lr56&amp;_nc_ht=scontent-mad1-1.xx&amp;_nc_tp=7&amp;oh=bfb1e505fddea9e0142a7fc7355de083&amp;oe=5F56F6D6","contentUrl":"https:\/\/scontent-mad1-1.xx.fbcdn.net\/v\/t1.0-9\/s960x960\/117338084_3043148819116471_5422252182685459436_o.jpg?_nc_cat=108&amp;_nc_sid=8024bb&amp;_nc_ohc=afrBHNllSOEAX-6lr56&amp;_nc_ht=scontent-mad1-1.xx&amp;_nc_tp=7&amp;oh=bfb1e505fddea9e0142a7fc7355de083&amp;oe=5F56F6D6"},{"@type":"BreadcrumbList","@id":"https:\/\/www.todoheavymetal.com\/index.php\/noticias-del-mes\/primal-fear-posponen-su-gira-europea#breadcrumb","itemListElement":[{"@type":"ListItem","position":1,"name":"Portada","item":"https:\/\/www.todoheavymetal.com\/"},{"@type":"ListItem","position":2,"name":"PRIMAL FEAR POSPONEN SU GIRA EUROPEA"}]},{"@type":"WebSite","@id":"https:\/\/www.todoheavymetal.com\/#website","url":"https:\/\/www.todoheavymetal.com\/","name":"todoheavymetal.com","description":"heavy metal - noticias heavy metal - todoheavymetal","potentialAction":[{"@type":"SearchAction","target":{"@type":"EntryPoint","urlTemplate":"https:\/\/www.todoheavymetal.com\/?s={search_term_string}"},"query-input":{"@type":"PropertyValueSpecification","valueRequired":true,"valueName":"search_term_string"}}],"inLanguage":"es"},{"@type":"Person","@id":"https:\/\/www.todoheavymetal.com\/#\/schema\/person\/aa098e79c44b992ec2357a75883ed217","name":"Javi","image":{"@type":"ImageObject","inLanguage":"es","@id":"https:\/\/secure.gravatar.com\/avatar\/ad9699b1143ed4017d23ce58fa9d83e0375bd1368122b157550ad77cd28bdfdf?s=96&d=monsterid&r=g","url":"https:\/\/secure.gravatar.com\/avatar\/ad9699b1143ed4017d23ce58fa9d83e0375bd1368122b157550ad77cd28bdfdf?s=96&d=monsterid&r=g","contentUrl":"https:\/\/secure.gravatar.com\/avatar\/ad9699b1143ed4017d23ce58fa9d83e0375bd1368122b157550ad77cd28bdfdf?s=96&d=monsterid&r=g","caption":"Javi"},"url":"https:\/\/www.todoheavymetal.com\/index.php\/author\/javipelos"}]}},"_links":{"self":[{"href":"https:\/\/www.todoheavymetal.com\/index.php\/wp-json\/wp\/v2\/posts\/77621","targetHints":{"allow":["GET"]}}],"collection":[{"href":"https:\/\/www.todoheavymetal.com\/index.php\/wp-json\/wp\/v2\/posts"}],"about":[{"href":"https:\/\/www.todoheavymetal.com\/index.php\/wp-json\/wp\/v2\/types\/post"}],"author":[{"embeddable":true,"href":"https:\/\/www.todoheavymetal.com\/index.php\/wp-json\/wp\/v2\/users\/4"}],"replies":[{"embeddable":true,"href":"https:\/\/www.todoheavymetal.com\/index.php\/wp-json\/wp\/v2\/comments?post=77621"}],"version-history":[{"count":1,"href":"https:\/\/www.todoheavymetal.com\/index.php\/wp-json\/wp\/v2\/posts\/77621\/revisions"}],"predecessor-version":[{"id":77623,"href":"https:\/\/www.todoheavymetal.com\/index.php\/wp-json\/wp\/v2\/posts\/77621\/revisions\/77623"}],"wp:attachment":[{"href":"https:\/\/www.todoheavymetal.com\/index.php\/wp-json\/wp\/v2\/media?parent=77621"}],"wp:term":[{"taxonomy":"category","embeddable":true,"href":"https:\/\/www.todoheavymetal.com\/index.php\/wp-json\/wp\/v2\/categories?post=77621"},{"taxonomy":"post_tag","embeddable":true,"href":"https:\/\/www.todoheavymetal.com\/index.php\/wp-json\/wp\/v2\/tags?post=77621"}],"curies":[{"name":"wp","href":"https:\/\/api.w.org\/{rel}","templated":true}]}}