{"id":7534,"date":"2011-09-26T10:03:07","date_gmt":"2011-09-26T08:03:07","guid":{"rendered":"http:\/\/www.todoheavymetal.com\/?p=7534"},"modified":"2011-09-26T10:03:07","modified_gmt":"2011-09-26T08:03:07","slug":"fechas-de-presentacion-de-non-requiem","status":"publish","type":"post","link":"https:\/\/www.todoheavymetal.com\/index.php\/noticias-del-mes\/fechas-de-presentacion-de-non-requiem","title":{"rendered":"FECHAS DE PRESENTACI\u00d3N DE NON REQUIEM"},"content":{"rendered":"<p><img loading=\"lazy\" decoding=\"async\" class=\"alignleft\" src=\"http:\/\/www.webdragonfly.com\/esp\/img\/cover_non_requiem300.jpg\" alt=\"\" width=\"230\" height=\"230\" \/>DRAGONFLY confirman sus primeras fechas para presentar en directo su nuevo disco <em>Non Requiem<\/em>.<\/p>\n<p>El viernes 21 de octubre estar\u00e1n en la Sala Rock City de Valencia. Les acompa\u00f1ar\u00e1 el grupo alicantino EDHELLEN.<\/p>\n<p>Las entradas estar\u00e1n muy pronto a la venta de forma anticipada al precio de 8 \u20ac en Tiendas Tipo y Discos Harmony.<\/p>\n<p>El 3 de diciembre estar\u00e1n tocando en la Sala Stereo de Alicante.<\/p>\n","protected":false},"excerpt":{"rendered":"<p>DRAGONFLY confirman sus primeras fechas para presentar en directo su nuevo disco Non Requiem. El viernes 21 de octubre estar\u00e1n en la Sala Rock City de Valencia. Les acompa\u00f1ar\u00e1 el grupo alicantino EDHELLEN. Las entradas estar\u00e1n muy pronto a la venta de forma anticipada al precio de 8 \u20ac en Tiendas Tipo y Discos Harmony. [&hellip;]<\/p>\n","protected":false},"author":4,"featured_media":0,"comment_status":"open","ping_status":"open","sticky":false,"template":"","format":"standard","meta":{"footnotes":""},"categories":[8],"tags":[5290,4247,4701,6068,6069,6],"class_list":["post-7534","post","type-post","status-publish","format-standard","hentry","category-noticias-del-mes","tag-conciertos-dragonfly","tag-dragonfly","tag-edhellen","tag-fechas-dragonfly","tag-fechas-presentacion-non-requiem","tag-noticias-heavy-metal"],"yoast_head":"<!-- This site is optimized with the Yoast SEO plugin v27.5 - https:\/\/yoast.com\/product\/yoast-seo-wordpress\/ -->\n<title>FECHAS DE PRESENTACI\u00d3N DE NON REQUIEM - HEAVY METAL - NOTICIAS HEAVY METAL<\/title>\n<meta name=\"robots\" content=\"index, follow, max-snippet:-1, max-image-preview:large, max-video-preview:-1\" \/>\n<link rel=\"canonical\" href=\"https:\/\/www.todoheavymetal.com\/index.php\/noticias-del-mes\/fechas-de-presentacion-de-non-requiem\" \/>\n<meta property=\"og:locale\" content=\"es_ES\" \/>\n<meta property=\"og:type\" content=\"article\" \/>\n<meta property=\"og:title\" content=\"FECHAS DE PRESENTACI\u00d3N DE NON REQUIEM - HEAVY METAL - NOTICIAS HEAVY METAL\" \/>\n<meta property=\"og:description\" content=\"DRAGONFLY confirman sus primeras fechas para presentar en directo su nuevo disco Non Requiem. El viernes 21 de octubre estar\u00e1n en la Sala Rock City de Valencia. Les acompa\u00f1ar\u00e1 el grupo alicantino EDHELLEN. Las entradas estar\u00e1n muy pronto a la venta de forma anticipada al precio de 8 \u20ac en Tiendas Tipo y Discos Harmony. [&hellip;]\" \/>\n<meta property=\"og:url\" content=\"https:\/\/www.todoheavymetal.com\/index.php\/noticias-del-mes\/fechas-de-presentacion-de-non-requiem\" \/>\n<meta property=\"og:site_name\" content=\"HEAVY METAL - NOTICIAS HEAVY METAL\" \/>\n<meta property=\"article:publisher\" content=\"https:\/\/www.facebook.com\/todoheavymetal\/\" \/>\n<meta property=\"article:published_time\" content=\"2011-09-26T08:03:07+00:00\" \/>\n<meta property=\"og:image\" content=\"http:\/\/www.webdragonfly.com\/esp\/img\/cover_non_requiem300.jpg\" \/>\n<meta name=\"author\" content=\"Javi\" \/>\n<meta name=\"twitter:card\" content=\"summary_large_image\" \/>\n<meta name=\"twitter:creator\" content=\"@todoheavymetal\" \/>\n<meta name=\"twitter:site\" content=\"@todoheavymetal\" \/>\n<meta name=\"twitter:label1\" content=\"Escrito por\" \/>\n\t<meta name=\"twitter:data1\" content=\"Javi\" \/>\n<script type=\"application\/ld+json\" class=\"yoast-schema-graph\">{\"@context\":\"https:\\\/\\\/schema.org\",\"@graph\":[{\"@type\":\"Article\",\"@id\":\"https:\\\/\\\/www.todoheavymetal.com\\\/index.php\\\/noticias-del-mes\\\/fechas-de-presentacion-de-non-requiem#article\",\"isPartOf\":{\"@id\":\"https:\\\/\\\/www.todoheavymetal.com\\\/index.php\\\/noticias-del-mes\\\/fechas-de-presentacion-de-non-requiem\"},\"author\":{\"name\":\"Javi\",\"@id\":\"https:\\\/\\\/www.todoheavymetal.com\\\/#\\\/schema\\\/person\\\/aa098e79c44b992ec2357a75883ed217\"},\"headline\":\"FECHAS DE PRESENTACI\u00d3N DE NON REQUIEM\",\"datePublished\":\"2011-09-26T08:03:07+00:00\",\"mainEntityOfPage\":{\"@id\":\"https:\\\/\\\/www.todoheavymetal.com\\\/index.php\\\/noticias-del-mes\\\/fechas-de-presentacion-de-non-requiem\"},\"wordCount\":74,\"commentCount\":0,\"image\":{\"@id\":\"https:\\\/\\\/www.todoheavymetal.com\\\/index.php\\\/noticias-del-mes\\\/fechas-de-presentacion-de-non-requiem#primaryimage\"},\"thumbnailUrl\":\"http:\\\/\\\/www.webdragonfly.com\\\/esp\\\/img\\\/cover_non_requiem300.jpg\",\"keywords\":[\"conciertos dragonfly\",\"dragonfly\",\"edhellen\",\"fechas dragonfly\",\"fechas presentacion non requiem\",\"noticias heavy metal\"],\"articleSection\":[\"Noticias del mes\"],\"inLanguage\":\"es\",\"potentialAction\":[{\"@type\":\"CommentAction\",\"name\":\"Comment\",\"target\":[\"https:\\\/\\\/www.todoheavymetal.com\\\/index.php\\\/noticias-del-mes\\\/fechas-de-presentacion-de-non-requiem#respond\"]}]},{\"@type\":\"WebPage\",\"@id\":\"https:\\\/\\\/www.todoheavymetal.com\\\/index.php\\\/noticias-del-mes\\\/fechas-de-presentacion-de-non-requiem\",\"url\":\"https:\\\/\\\/www.todoheavymetal.com\\\/index.php\\\/noticias-del-mes\\\/fechas-de-presentacion-de-non-requiem\",\"name\":\"FECHAS DE PRESENTACI\u00d3N DE NON REQUIEM - HEAVY METAL - NOTICIAS HEAVY METAL\",\"isPartOf\":{\"@id\":\"https:\\\/\\\/www.todoheavymetal.com\\\/#website\"},\"primaryImageOfPage\":{\"@id\":\"https:\\\/\\\/www.todoheavymetal.com\\\/index.php\\\/noticias-del-mes\\\/fechas-de-presentacion-de-non-requiem#primaryimage\"},\"image\":{\"@id\":\"https:\\\/\\\/www.todoheavymetal.com\\\/index.php\\\/noticias-del-mes\\\/fechas-de-presentacion-de-non-requiem#primaryimage\"},\"thumbnailUrl\":\"http:\\\/\\\/www.webdragonfly.com\\\/esp\\\/img\\\/cover_non_requiem300.jpg\",\"datePublished\":\"2011-09-26T08:03:07+00:00\",\"author\":{\"@id\":\"https:\\\/\\\/www.todoheavymetal.com\\\/#\\\/schema\\\/person\\\/aa098e79c44b992ec2357a75883ed217\"},\"breadcrumb\":{\"@id\":\"https:\\\/\\\/www.todoheavymetal.com\\\/index.php\\\/noticias-del-mes\\\/fechas-de-presentacion-de-non-requiem#breadcrumb\"},\"inLanguage\":\"es\",\"potentialAction\":[{\"@type\":\"ReadAction\",\"target\":[\"https:\\\/\\\/www.todoheavymetal.com\\\/index.php\\\/noticias-del-mes\\\/fechas-de-presentacion-de-non-requiem\"]}]},{\"@type\":\"ImageObject\",\"inLanguage\":\"es\",\"@id\":\"https:\\\/\\\/www.todoheavymetal.com\\\/index.php\\\/noticias-del-mes\\\/fechas-de-presentacion-de-non-requiem#primaryimage\",\"url\":\"http:\\\/\\\/www.webdragonfly.com\\\/esp\\\/img\\\/cover_non_requiem300.jpg\",\"contentUrl\":\"http:\\\/\\\/www.webdragonfly.com\\\/esp\\\/img\\\/cover_non_requiem300.jpg\"},{\"@type\":\"BreadcrumbList\",\"@id\":\"https:\\\/\\\/www.todoheavymetal.com\\\/index.php\\\/noticias-del-mes\\\/fechas-de-presentacion-de-non-requiem#breadcrumb\",\"itemListElement\":[{\"@type\":\"ListItem\",\"position\":1,\"name\":\"Portada\",\"item\":\"https:\\\/\\\/www.todoheavymetal.com\\\/\"},{\"@type\":\"ListItem\",\"position\":2,\"name\":\"FECHAS DE PRESENTACI\u00d3N DE NON REQUIEM\"}]},{\"@type\":\"WebSite\",\"@id\":\"https:\\\/\\\/www.todoheavymetal.com\\\/#website\",\"url\":\"https:\\\/\\\/www.todoheavymetal.com\\\/\",\"name\":\"todoheavymetal.com\",\"description\":\"heavy metal - noticias heavy metal - todoheavymetal\",\"potentialAction\":[{\"@type\":\"SearchAction\",\"target\":{\"@type\":\"EntryPoint\",\"urlTemplate\":\"https:\\\/\\\/www.todoheavymetal.com\\\/?s={search_term_string}\"},\"query-input\":{\"@type\":\"PropertyValueSpecification\",\"valueRequired\":true,\"valueName\":\"search_term_string\"}}],\"inLanguage\":\"es\"},{\"@type\":\"Person\",\"@id\":\"https:\\\/\\\/www.todoheavymetal.com\\\/#\\\/schema\\\/person\\\/aa098e79c44b992ec2357a75883ed217\",\"name\":\"Javi\",\"image\":{\"@type\":\"ImageObject\",\"inLanguage\":\"es\",\"@id\":\"https:\\\/\\\/secure.gravatar.com\\\/avatar\\\/ad9699b1143ed4017d23ce58fa9d83e0375bd1368122b157550ad77cd28bdfdf?s=96&d=monsterid&r=g\",\"url\":\"https:\\\/\\\/secure.gravatar.com\\\/avatar\\\/ad9699b1143ed4017d23ce58fa9d83e0375bd1368122b157550ad77cd28bdfdf?s=96&d=monsterid&r=g\",\"contentUrl\":\"https:\\\/\\\/secure.gravatar.com\\\/avatar\\\/ad9699b1143ed4017d23ce58fa9d83e0375bd1368122b157550ad77cd28bdfdf?s=96&d=monsterid&r=g\",\"caption\":\"Javi\"},\"url\":\"https:\\\/\\\/www.todoheavymetal.com\\\/index.php\\\/author\\\/javipelos\"}]}<\/script>\n<!-- \/ Yoast SEO plugin. -->","yoast_head_json":{"title":"FECHAS DE PRESENTACI\u00d3N DE NON REQUIEM - HEAVY METAL - NOTICIAS HEAVY METAL","robots":{"index":"index","follow":"follow","max-snippet":"max-snippet:-1","max-image-preview":"max-image-preview:large","max-video-preview":"max-video-preview:-1"},"canonical":"https:\/\/www.todoheavymetal.com\/index.php\/noticias-del-mes\/fechas-de-presentacion-de-non-requiem","og_locale":"es_ES","og_type":"article","og_title":"FECHAS DE PRESENTACI\u00d3N DE NON REQUIEM - HEAVY METAL - NOTICIAS HEAVY METAL","og_description":"DRAGONFLY confirman sus primeras fechas para presentar en directo su nuevo disco Non Requiem. El viernes 21 de octubre estar\u00e1n en la Sala Rock City de Valencia. Les acompa\u00f1ar\u00e1 el grupo alicantino EDHELLEN. Las entradas estar\u00e1n muy pronto a la venta de forma anticipada al precio de 8 \u20ac en Tiendas Tipo y Discos Harmony. [&hellip;]","og_url":"https:\/\/www.todoheavymetal.com\/index.php\/noticias-del-mes\/fechas-de-presentacion-de-non-requiem","og_site_name":"HEAVY METAL - NOTICIAS HEAVY METAL","article_publisher":"https:\/\/www.facebook.com\/todoheavymetal\/","article_published_time":"2011-09-26T08:03:07+00:00","og_image":[{"url":"http:\/\/www.webdragonfly.com\/esp\/img\/cover_non_requiem300.jpg","type":"","width":"","height":""}],"author":"Javi","twitter_card":"summary_large_image","twitter_creator":"@todoheavymetal","twitter_site":"@todoheavymetal","twitter_misc":{"Escrito por":"Javi"},"schema":{"@context":"https:\/\/schema.org","@graph":[{"@type":"Article","@id":"https:\/\/www.todoheavymetal.com\/index.php\/noticias-del-mes\/fechas-de-presentacion-de-non-requiem#article","isPartOf":{"@id":"https:\/\/www.todoheavymetal.com\/index.php\/noticias-del-mes\/fechas-de-presentacion-de-non-requiem"},"author":{"name":"Javi","@id":"https:\/\/www.todoheavymetal.com\/#\/schema\/person\/aa098e79c44b992ec2357a75883ed217"},"headline":"FECHAS DE PRESENTACI\u00d3N DE NON REQUIEM","datePublished":"2011-09-26T08:03:07+00:00","mainEntityOfPage":{"@id":"https:\/\/www.todoheavymetal.com\/index.php\/noticias-del-mes\/fechas-de-presentacion-de-non-requiem"},"wordCount":74,"commentCount":0,"image":{"@id":"https:\/\/www.todoheavymetal.com\/index.php\/noticias-del-mes\/fechas-de-presentacion-de-non-requiem#primaryimage"},"thumbnailUrl":"http:\/\/www.webdragonfly.com\/esp\/img\/cover_non_requiem300.jpg","keywords":["conciertos dragonfly","dragonfly","edhellen","fechas dragonfly","fechas presentacion non requiem","noticias heavy metal"],"articleSection":["Noticias del mes"],"inLanguage":"es","potentialAction":[{"@type":"CommentAction","name":"Comment","target":["https:\/\/www.todoheavymetal.com\/index.php\/noticias-del-mes\/fechas-de-presentacion-de-non-requiem#respond"]}]},{"@type":"WebPage","@id":"https:\/\/www.todoheavymetal.com\/index.php\/noticias-del-mes\/fechas-de-presentacion-de-non-requiem","url":"https:\/\/www.todoheavymetal.com\/index.php\/noticias-del-mes\/fechas-de-presentacion-de-non-requiem","name":"FECHAS DE PRESENTACI\u00d3N DE NON REQUIEM - HEAVY METAL - NOTICIAS HEAVY METAL","isPartOf":{"@id":"https:\/\/www.todoheavymetal.com\/#website"},"primaryImageOfPage":{"@id":"https:\/\/www.todoheavymetal.com\/index.php\/noticias-del-mes\/fechas-de-presentacion-de-non-requiem#primaryimage"},"image":{"@id":"https:\/\/www.todoheavymetal.com\/index.php\/noticias-del-mes\/fechas-de-presentacion-de-non-requiem#primaryimage"},"thumbnailUrl":"http:\/\/www.webdragonfly.com\/esp\/img\/cover_non_requiem300.jpg","datePublished":"2011-09-26T08:03:07+00:00","author":{"@id":"https:\/\/www.todoheavymetal.com\/#\/schema\/person\/aa098e79c44b992ec2357a75883ed217"},"breadcrumb":{"@id":"https:\/\/www.todoheavymetal.com\/index.php\/noticias-del-mes\/fechas-de-presentacion-de-non-requiem#breadcrumb"},"inLanguage":"es","potentialAction":[{"@type":"ReadAction","target":["https:\/\/www.todoheavymetal.com\/index.php\/noticias-del-mes\/fechas-de-presentacion-de-non-requiem"]}]},{"@type":"ImageObject","inLanguage":"es","@id":"https:\/\/www.todoheavymetal.com\/index.php\/noticias-del-mes\/fechas-de-presentacion-de-non-requiem#primaryimage","url":"http:\/\/www.webdragonfly.com\/esp\/img\/cover_non_requiem300.jpg","contentUrl":"http:\/\/www.webdragonfly.com\/esp\/img\/cover_non_requiem300.jpg"},{"@type":"BreadcrumbList","@id":"https:\/\/www.todoheavymetal.com\/index.php\/noticias-del-mes\/fechas-de-presentacion-de-non-requiem#breadcrumb","itemListElement":[{"@type":"ListItem","position":1,"name":"Portada","item":"https:\/\/www.todoheavymetal.com\/"},{"@type":"ListItem","position":2,"name":"FECHAS DE PRESENTACI\u00d3N DE NON REQUIEM"}]},{"@type":"WebSite","@id":"https:\/\/www.todoheavymetal.com\/#website","url":"https:\/\/www.todoheavymetal.com\/","name":"todoheavymetal.com","description":"heavy metal - noticias heavy metal - todoheavymetal","potentialAction":[{"@type":"SearchAction","target":{"@type":"EntryPoint","urlTemplate":"https:\/\/www.todoheavymetal.com\/?s={search_term_string}"},"query-input":{"@type":"PropertyValueSpecification","valueRequired":true,"valueName":"search_term_string"}}],"inLanguage":"es"},{"@type":"Person","@id":"https:\/\/www.todoheavymetal.com\/#\/schema\/person\/aa098e79c44b992ec2357a75883ed217","name":"Javi","image":{"@type":"ImageObject","inLanguage":"es","@id":"https:\/\/secure.gravatar.com\/avatar\/ad9699b1143ed4017d23ce58fa9d83e0375bd1368122b157550ad77cd28bdfdf?s=96&d=monsterid&r=g","url":"https:\/\/secure.gravatar.com\/avatar\/ad9699b1143ed4017d23ce58fa9d83e0375bd1368122b157550ad77cd28bdfdf?s=96&d=monsterid&r=g","contentUrl":"https:\/\/secure.gravatar.com\/avatar\/ad9699b1143ed4017d23ce58fa9d83e0375bd1368122b157550ad77cd28bdfdf?s=96&d=monsterid&r=g","caption":"Javi"},"url":"https:\/\/www.todoheavymetal.com\/index.php\/author\/javipelos"}]}},"_links":{"self":[{"href":"https:\/\/www.todoheavymetal.com\/index.php\/wp-json\/wp\/v2\/posts\/7534","targetHints":{"allow":["GET"]}}],"collection":[{"href":"https:\/\/www.todoheavymetal.com\/index.php\/wp-json\/wp\/v2\/posts"}],"about":[{"href":"https:\/\/www.todoheavymetal.com\/index.php\/wp-json\/wp\/v2\/types\/post"}],"author":[{"embeddable":true,"href":"https:\/\/www.todoheavymetal.com\/index.php\/wp-json\/wp\/v2\/users\/4"}],"replies":[{"embeddable":true,"href":"https:\/\/www.todoheavymetal.com\/index.php\/wp-json\/wp\/v2\/comments?post=7534"}],"version-history":[{"count":2,"href":"https:\/\/www.todoheavymetal.com\/index.php\/wp-json\/wp\/v2\/posts\/7534\/revisions"}],"predecessor-version":[{"id":7536,"href":"https:\/\/www.todoheavymetal.com\/index.php\/wp-json\/wp\/v2\/posts\/7534\/revisions\/7536"}],"wp:attachment":[{"href":"https:\/\/www.todoheavymetal.com\/index.php\/wp-json\/wp\/v2\/media?parent=7534"}],"wp:term":[{"taxonomy":"category","embeddable":true,"href":"https:\/\/www.todoheavymetal.com\/index.php\/wp-json\/wp\/v2\/categories?post=7534"},{"taxonomy":"post_tag","embeddable":true,"href":"https:\/\/www.todoheavymetal.com\/index.php\/wp-json\/wp\/v2\/tags?post=7534"}],"curies":[{"name":"wp","href":"https:\/\/api.w.org\/{rel}","templated":true}]}}