{"id":71822,"date":"2019-11-26T14:21:58","date_gmt":"2019-11-26T13:21:58","guid":{"rendered":"http:\/\/www.todoheavymetal.com\/?p=71822"},"modified":"2019-11-26T13:06:11","modified_gmt":"2019-11-26T12:06:11","slug":"nueva-confirmacion-del-rock-fest-barcelona-5","status":"publish","type":"post","link":"https:\/\/www.todoheavymetal.com\/index.php\/noticias-del-mes\/nueva-confirmacion-del-rock-fest-barcelona-5","title":{"rendered":"NUEVA CONFIRMACI\u00d3N DEL ROCK FEST BARCELONA"},"content":{"rendered":"<p style=\"text-align: justify;\">Los suecos AMON AMARTH estar\u00e1n tocando el pr\u00f3ximo julio en el Rock Fest Barcelona\u2026 \u201c<em>Uno de los mayores fen\u00f3menos del metal en los \u00faltimos veinte a\u00f1os, los suecos Amon Amarth, llevar\u00e1n el mayor espect\u00e1culo de toda su carrera a Rock Fest Barcelona. En plena gira de \u201cBerserker\u201d, su disco m\u00e1s aclamado hasta la fecha y con una producci\u00f3n esc\u00e9nica a la altura de las grandes leyendas del g\u00e9nero, Amon Amarth llegan a Can Z<\/em>am para ofrecer uno de los conciertos m\u00e1s espectaculares del festival.<\/p>\n<p style=\"text-align: justify;\"><em>Con un show repleto de llamas, plataformas hidr\u00e1ulicas, inflables, vikingos, pirotecnia y con canciones de la talla de \u201cGuardians of Asgaard\u201d o \u201cPursuit of the Vikings\u201d, el de Amon Amarth ser\u00e1 uno de los conciertos m\u00e1s esperados de la edici\u00f3n 2020 del festival\u201d.<\/em><\/p>\n<p style=\"text-align: justify;\">El resto de bandas confirmadas a d\u00eda de hoy son KISS, JUDAS PRIEST, LYNYRD SKYNYRD, ACCEPT (fecha \u00fanica en Espa\u00f1a), NIGHTWISH, UFO, ALESTORM, ANGELUS APATRIDA, ANTHEM, BELZEBUBS, BLOODBATH, BULLET, DIAMOND HEAD, DISCONNECTED, EVIL INVADERS, GOTTHARD, MIND DRILLER, MY DYING BRIDE, MYRATH, NILE, REEF, ROCK GODDESS, THE NEW DEATH CULT, THE NEW ROSES y UNLEASH THE ARCHERS.<\/p>\n<p style=\"text-align: justify;\">Os recuerdo que la 7\u00aa edici\u00f3n del\u00a0<em>Rock Fest Barcelona<\/em>\u00a0se celebrar\u00e1 durante los d\u00edas 2, 3 y 4 de julio de 2020 en el Parc de Can Zam de Santa Coloma de Gramanet (Barcelona).<\/p>\n<p style=\"text-align: justify;\">Los abonos est\u00e1n a la venta a trav\u00e9s de\u00a0<a href=\"http:\/\/www.rockfestbarcelona.com\/entradas\/?fbclid=IwAR3i4u1iH_zlIwFH_C1-lMdPr_YjK4Ma4hSjLkSeH9hnGCTT2-h50OAqH8k\" target=\"_blank\" rel=\"noopener noreferrer\">rockfestbarcelona<\/a>. El precio actual de 150\u20ac +gastos, se mantendr\u00e1 hasta el 2 de diciembre a las 10.00 de la ma\u00f1ana.<\/p>\n<p><img loading=\"lazy\" decoding=\"async\" class=\"aligncenter \" src=\"https:\/\/scontent.fmad3-6.fna.fbcdn.net\/v\/t1.0-9\/s960x960\/78618069_1280645915472010_7638206243349200896_o.jpg?_nc_cat=110&amp;_nc_ohc=kwtC6QntitwAQn2IplIL-GGs-g8L7a3Hul3AWT7WNoYDal7gCIoEAxuTQ&amp;_nc_ht=scontent.fmad3-6.fna&amp;oh=69229e636eb993bd2218820cbe9933a2&amp;oe=5E493EF8\" width=\"498\" height=\"616\" \/><\/p>\n","protected":false},"excerpt":{"rendered":"<p>Los suecos AMON AMARTH estar\u00e1n tocando el pr\u00f3ximo julio en el Rock Fest Barcelona\u2026 \u201cUno de los mayores fen\u00f3menos del metal en los \u00faltimos veinte a\u00f1os, los suecos Amon Amarth, llevar\u00e1n el mayor espect\u00e1culo de toda su carrera a Rock Fest Barcelona. En plena gira de \u201cBerserker\u201d, su disco m\u00e1s aclamado hasta la fecha y [&hellip;]<\/p>\n","protected":false},"author":4,"featured_media":0,"comment_status":"open","ping_status":"open","sticky":false,"template":"","format":"standard","meta":{"footnotes":""},"categories":[8],"tags":[4,6,19866,29135],"class_list":["post-71822","post","type-post","status-publish","format-standard","hentry","category-noticias-del-mes","tag-heavy-metal","tag-noticias-heavy-metal","tag-rock-fest-barcelona","tag-rock-fest-barcelona-2020"],"yoast_head":"<!-- This site is optimized with the Yoast SEO plugin v27.5 - https:\/\/yoast.com\/product\/yoast-seo-wordpress\/ -->\n<title>NUEVA CONFIRMACI\u00d3N DEL ROCK FEST BARCELONA - HEAVY METAL - NOTICIAS HEAVY METAL<\/title>\n<meta name=\"robots\" content=\"index, follow, max-snippet:-1, max-image-preview:large, max-video-preview:-1\" \/>\n<link rel=\"canonical\" href=\"https:\/\/www.todoheavymetal.com\/index.php\/noticias-del-mes\/nueva-confirmacion-del-rock-fest-barcelona-5\" \/>\n<meta property=\"og:locale\" content=\"es_ES\" \/>\n<meta property=\"og:type\" content=\"article\" \/>\n<meta property=\"og:title\" content=\"NUEVA CONFIRMACI\u00d3N DEL ROCK FEST BARCELONA - HEAVY METAL - NOTICIAS HEAVY METAL\" \/>\n<meta property=\"og:description\" content=\"Los suecos AMON AMARTH estar\u00e1n tocando el pr\u00f3ximo julio en el Rock Fest Barcelona\u2026 \u201cUno de los mayores fen\u00f3menos del metal en los \u00faltimos veinte a\u00f1os, los suecos Amon Amarth, llevar\u00e1n el mayor espect\u00e1culo de toda su carrera a Rock Fest Barcelona. En plena gira de \u201cBerserker\u201d, su disco m\u00e1s aclamado hasta la fecha y [&hellip;]\" \/>\n<meta property=\"og:url\" content=\"https:\/\/www.todoheavymetal.com\/index.php\/noticias-del-mes\/nueva-confirmacion-del-rock-fest-barcelona-5\" \/>\n<meta property=\"og:site_name\" content=\"HEAVY METAL - NOTICIAS HEAVY METAL\" \/>\n<meta property=\"article:publisher\" content=\"https:\/\/www.facebook.com\/todoheavymetal\/\" \/>\n<meta property=\"article:published_time\" content=\"2019-11-26T13:21:58+00:00\" \/>\n<meta property=\"og:image\" content=\"https:\/\/scontent.fmad3-6.fna.fbcdn.net\/v\/t1.0-9\/s960x960\/78618069_1280645915472010_7638206243349200896_o.jpg?_nc_cat=110&amp;_nc_ohc=kwtC6QntitwAQn2IplIL-GGs-g8L7a3Hul3AWT7WNoYDal7gCIoEAxuTQ&amp;_nc_ht=scontent.fmad3-6.fna&amp;oh=69229e636eb993bd2218820cbe9933a2&amp;oe=5E493EF8\" \/>\n<meta name=\"author\" content=\"Javi\" \/>\n<meta name=\"twitter:card\" content=\"summary_large_image\" \/>\n<meta name=\"twitter:creator\" content=\"@todoheavymetal\" \/>\n<meta name=\"twitter:site\" content=\"@todoheavymetal\" \/>\n<meta name=\"twitter:label1\" content=\"Escrito por\" \/>\n\t<meta name=\"twitter:data1\" content=\"Javi\" \/>\n\t<meta name=\"twitter:label2\" content=\"Tiempo de lectura\" \/>\n\t<meta name=\"twitter:data2\" content=\"1 minuto\" \/>\n<script type=\"application\/ld+json\" class=\"yoast-schema-graph\">{\"@context\":\"https:\\\/\\\/schema.org\",\"@graph\":[{\"@type\":\"Article\",\"@id\":\"https:\\\/\\\/www.todoheavymetal.com\\\/index.php\\\/noticias-del-mes\\\/nueva-confirmacion-del-rock-fest-barcelona-5#article\",\"isPartOf\":{\"@id\":\"https:\\\/\\\/www.todoheavymetal.com\\\/index.php\\\/noticias-del-mes\\\/nueva-confirmacion-del-rock-fest-barcelona-5\"},\"author\":{\"name\":\"Javi\",\"@id\":\"https:\\\/\\\/www.todoheavymetal.com\\\/#\\\/schema\\\/person\\\/aa098e79c44b992ec2357a75883ed217\"},\"headline\":\"NUEVA CONFIRMACI\u00d3N DEL ROCK FEST BARCELONA\",\"datePublished\":\"2019-11-26T13:21:58+00:00\",\"mainEntityOfPage\":{\"@id\":\"https:\\\/\\\/www.todoheavymetal.com\\\/index.php\\\/noticias-del-mes\\\/nueva-confirmacion-del-rock-fest-barcelona-5\"},\"wordCount\":266,\"commentCount\":0,\"image\":{\"@id\":\"https:\\\/\\\/www.todoheavymetal.com\\\/index.php\\\/noticias-del-mes\\\/nueva-confirmacion-del-rock-fest-barcelona-5#primaryimage\"},\"thumbnailUrl\":\"https:\\\/\\\/scontent.fmad3-6.fna.fbcdn.net\\\/v\\\/t1.0-9\\\/s960x960\\\/78618069_1280645915472010_7638206243349200896_o.jpg?_nc_cat=110&amp;_nc_ohc=kwtC6QntitwAQn2IplIL-GGs-g8L7a3Hul3AWT7WNoYDal7gCIoEAxuTQ&amp;_nc_ht=scontent.fmad3-6.fna&amp;oh=69229e636eb993bd2218820cbe9933a2&amp;oe=5E493EF8\",\"keywords\":[\"heavy metal\",\"noticias heavy metal\",\"rock fest barcelona\",\"rock fest barcelona 2020\"],\"articleSection\":[\"Noticias del mes\"],\"inLanguage\":\"es\",\"potentialAction\":[{\"@type\":\"CommentAction\",\"name\":\"Comment\",\"target\":[\"https:\\\/\\\/www.todoheavymetal.com\\\/index.php\\\/noticias-del-mes\\\/nueva-confirmacion-del-rock-fest-barcelona-5#respond\"]}]},{\"@type\":\"WebPage\",\"@id\":\"https:\\\/\\\/www.todoheavymetal.com\\\/index.php\\\/noticias-del-mes\\\/nueva-confirmacion-del-rock-fest-barcelona-5\",\"url\":\"https:\\\/\\\/www.todoheavymetal.com\\\/index.php\\\/noticias-del-mes\\\/nueva-confirmacion-del-rock-fest-barcelona-5\",\"name\":\"NUEVA CONFIRMACI\u00d3N DEL ROCK FEST BARCELONA - HEAVY METAL - NOTICIAS HEAVY METAL\",\"isPartOf\":{\"@id\":\"https:\\\/\\\/www.todoheavymetal.com\\\/#website\"},\"primaryImageOfPage\":{\"@id\":\"https:\\\/\\\/www.todoheavymetal.com\\\/index.php\\\/noticias-del-mes\\\/nueva-confirmacion-del-rock-fest-barcelona-5#primaryimage\"},\"image\":{\"@id\":\"https:\\\/\\\/www.todoheavymetal.com\\\/index.php\\\/noticias-del-mes\\\/nueva-confirmacion-del-rock-fest-barcelona-5#primaryimage\"},\"thumbnailUrl\":\"https:\\\/\\\/scontent.fmad3-6.fna.fbcdn.net\\\/v\\\/t1.0-9\\\/s960x960\\\/78618069_1280645915472010_7638206243349200896_o.jpg?_nc_cat=110&amp;_nc_ohc=kwtC6QntitwAQn2IplIL-GGs-g8L7a3Hul3AWT7WNoYDal7gCIoEAxuTQ&amp;_nc_ht=scontent.fmad3-6.fna&amp;oh=69229e636eb993bd2218820cbe9933a2&amp;oe=5E493EF8\",\"datePublished\":\"2019-11-26T13:21:58+00:00\",\"author\":{\"@id\":\"https:\\\/\\\/www.todoheavymetal.com\\\/#\\\/schema\\\/person\\\/aa098e79c44b992ec2357a75883ed217\"},\"breadcrumb\":{\"@id\":\"https:\\\/\\\/www.todoheavymetal.com\\\/index.php\\\/noticias-del-mes\\\/nueva-confirmacion-del-rock-fest-barcelona-5#breadcrumb\"},\"inLanguage\":\"es\",\"potentialAction\":[{\"@type\":\"ReadAction\",\"target\":[\"https:\\\/\\\/www.todoheavymetal.com\\\/index.php\\\/noticias-del-mes\\\/nueva-confirmacion-del-rock-fest-barcelona-5\"]}]},{\"@type\":\"ImageObject\",\"inLanguage\":\"es\",\"@id\":\"https:\\\/\\\/www.todoheavymetal.com\\\/index.php\\\/noticias-del-mes\\\/nueva-confirmacion-del-rock-fest-barcelona-5#primaryimage\",\"url\":\"https:\\\/\\\/scontent.fmad3-6.fna.fbcdn.net\\\/v\\\/t1.0-9\\\/s960x960\\\/78618069_1280645915472010_7638206243349200896_o.jpg?_nc_cat=110&amp;_nc_ohc=kwtC6QntitwAQn2IplIL-GGs-g8L7a3Hul3AWT7WNoYDal7gCIoEAxuTQ&amp;_nc_ht=scontent.fmad3-6.fna&amp;oh=69229e636eb993bd2218820cbe9933a2&amp;oe=5E493EF8\",\"contentUrl\":\"https:\\\/\\\/scontent.fmad3-6.fna.fbcdn.net\\\/v\\\/t1.0-9\\\/s960x960\\\/78618069_1280645915472010_7638206243349200896_o.jpg?_nc_cat=110&amp;_nc_ohc=kwtC6QntitwAQn2IplIL-GGs-g8L7a3Hul3AWT7WNoYDal7gCIoEAxuTQ&amp;_nc_ht=scontent.fmad3-6.fna&amp;oh=69229e636eb993bd2218820cbe9933a2&amp;oe=5E493EF8\"},{\"@type\":\"BreadcrumbList\",\"@id\":\"https:\\\/\\\/www.todoheavymetal.com\\\/index.php\\\/noticias-del-mes\\\/nueva-confirmacion-del-rock-fest-barcelona-5#breadcrumb\",\"itemListElement\":[{\"@type\":\"ListItem\",\"position\":1,\"name\":\"Portada\",\"item\":\"https:\\\/\\\/www.todoheavymetal.com\\\/\"},{\"@type\":\"ListItem\",\"position\":2,\"name\":\"NUEVA CONFIRMACI\u00d3N DEL ROCK FEST BARCELONA\"}]},{\"@type\":\"WebSite\",\"@id\":\"https:\\\/\\\/www.todoheavymetal.com\\\/#website\",\"url\":\"https:\\\/\\\/www.todoheavymetal.com\\\/\",\"name\":\"todoheavymetal.com\",\"description\":\"heavy metal - noticias heavy metal - todoheavymetal\",\"potentialAction\":[{\"@type\":\"SearchAction\",\"target\":{\"@type\":\"EntryPoint\",\"urlTemplate\":\"https:\\\/\\\/www.todoheavymetal.com\\\/?s={search_term_string}\"},\"query-input\":{\"@type\":\"PropertyValueSpecification\",\"valueRequired\":true,\"valueName\":\"search_term_string\"}}],\"inLanguage\":\"es\"},{\"@type\":\"Person\",\"@id\":\"https:\\\/\\\/www.todoheavymetal.com\\\/#\\\/schema\\\/person\\\/aa098e79c44b992ec2357a75883ed217\",\"name\":\"Javi\",\"image\":{\"@type\":\"ImageObject\",\"inLanguage\":\"es\",\"@id\":\"https:\\\/\\\/secure.gravatar.com\\\/avatar\\\/ad9699b1143ed4017d23ce58fa9d83e0375bd1368122b157550ad77cd28bdfdf?s=96&d=monsterid&r=g\",\"url\":\"https:\\\/\\\/secure.gravatar.com\\\/avatar\\\/ad9699b1143ed4017d23ce58fa9d83e0375bd1368122b157550ad77cd28bdfdf?s=96&d=monsterid&r=g\",\"contentUrl\":\"https:\\\/\\\/secure.gravatar.com\\\/avatar\\\/ad9699b1143ed4017d23ce58fa9d83e0375bd1368122b157550ad77cd28bdfdf?s=96&d=monsterid&r=g\",\"caption\":\"Javi\"},\"url\":\"https:\\\/\\\/www.todoheavymetal.com\\\/index.php\\\/author\\\/javipelos\"}]}<\/script>\n<!-- \/ Yoast SEO plugin. -->","yoast_head_json":{"title":"NUEVA CONFIRMACI\u00d3N DEL ROCK FEST BARCELONA - HEAVY METAL - NOTICIAS HEAVY METAL","robots":{"index":"index","follow":"follow","max-snippet":"max-snippet:-1","max-image-preview":"max-image-preview:large","max-video-preview":"max-video-preview:-1"},"canonical":"https:\/\/www.todoheavymetal.com\/index.php\/noticias-del-mes\/nueva-confirmacion-del-rock-fest-barcelona-5","og_locale":"es_ES","og_type":"article","og_title":"NUEVA CONFIRMACI\u00d3N DEL ROCK FEST BARCELONA - HEAVY METAL - NOTICIAS HEAVY METAL","og_description":"Los suecos AMON AMARTH estar\u00e1n tocando el pr\u00f3ximo julio en el Rock Fest Barcelona\u2026 \u201cUno de los mayores fen\u00f3menos del metal en los \u00faltimos veinte a\u00f1os, los suecos Amon Amarth, llevar\u00e1n el mayor espect\u00e1culo de toda su carrera a Rock Fest Barcelona. En plena gira de \u201cBerserker\u201d, su disco m\u00e1s aclamado hasta la fecha y [&hellip;]","og_url":"https:\/\/www.todoheavymetal.com\/index.php\/noticias-del-mes\/nueva-confirmacion-del-rock-fest-barcelona-5","og_site_name":"HEAVY METAL - NOTICIAS HEAVY METAL","article_publisher":"https:\/\/www.facebook.com\/todoheavymetal\/","article_published_time":"2019-11-26T13:21:58+00:00","og_image":[{"url":"https:\/\/scontent.fmad3-6.fna.fbcdn.net\/v\/t1.0-9\/s960x960\/78618069_1280645915472010_7638206243349200896_o.jpg?_nc_cat=110&amp;_nc_ohc=kwtC6QntitwAQn2IplIL-GGs-g8L7a3Hul3AWT7WNoYDal7gCIoEAxuTQ&amp;_nc_ht=scontent.fmad3-6.fna&amp;oh=69229e636eb993bd2218820cbe9933a2&amp;oe=5E493EF8","type":"","width":"","height":""}],"author":"Javi","twitter_card":"summary_large_image","twitter_creator":"@todoheavymetal","twitter_site":"@todoheavymetal","twitter_misc":{"Escrito por":"Javi","Tiempo de lectura":"1 minuto"},"schema":{"@context":"https:\/\/schema.org","@graph":[{"@type":"Article","@id":"https:\/\/www.todoheavymetal.com\/index.php\/noticias-del-mes\/nueva-confirmacion-del-rock-fest-barcelona-5#article","isPartOf":{"@id":"https:\/\/www.todoheavymetal.com\/index.php\/noticias-del-mes\/nueva-confirmacion-del-rock-fest-barcelona-5"},"author":{"name":"Javi","@id":"https:\/\/www.todoheavymetal.com\/#\/schema\/person\/aa098e79c44b992ec2357a75883ed217"},"headline":"NUEVA CONFIRMACI\u00d3N DEL ROCK FEST BARCELONA","datePublished":"2019-11-26T13:21:58+00:00","mainEntityOfPage":{"@id":"https:\/\/www.todoheavymetal.com\/index.php\/noticias-del-mes\/nueva-confirmacion-del-rock-fest-barcelona-5"},"wordCount":266,"commentCount":0,"image":{"@id":"https:\/\/www.todoheavymetal.com\/index.php\/noticias-del-mes\/nueva-confirmacion-del-rock-fest-barcelona-5#primaryimage"},"thumbnailUrl":"https:\/\/scontent.fmad3-6.fna.fbcdn.net\/v\/t1.0-9\/s960x960\/78618069_1280645915472010_7638206243349200896_o.jpg?_nc_cat=110&amp;_nc_ohc=kwtC6QntitwAQn2IplIL-GGs-g8L7a3Hul3AWT7WNoYDal7gCIoEAxuTQ&amp;_nc_ht=scontent.fmad3-6.fna&amp;oh=69229e636eb993bd2218820cbe9933a2&amp;oe=5E493EF8","keywords":["heavy metal","noticias heavy metal","rock fest barcelona","rock fest barcelona 2020"],"articleSection":["Noticias del mes"],"inLanguage":"es","potentialAction":[{"@type":"CommentAction","name":"Comment","target":["https:\/\/www.todoheavymetal.com\/index.php\/noticias-del-mes\/nueva-confirmacion-del-rock-fest-barcelona-5#respond"]}]},{"@type":"WebPage","@id":"https:\/\/www.todoheavymetal.com\/index.php\/noticias-del-mes\/nueva-confirmacion-del-rock-fest-barcelona-5","url":"https:\/\/www.todoheavymetal.com\/index.php\/noticias-del-mes\/nueva-confirmacion-del-rock-fest-barcelona-5","name":"NUEVA CONFIRMACI\u00d3N DEL ROCK FEST BARCELONA - HEAVY METAL - NOTICIAS HEAVY METAL","isPartOf":{"@id":"https:\/\/www.todoheavymetal.com\/#website"},"primaryImageOfPage":{"@id":"https:\/\/www.todoheavymetal.com\/index.php\/noticias-del-mes\/nueva-confirmacion-del-rock-fest-barcelona-5#primaryimage"},"image":{"@id":"https:\/\/www.todoheavymetal.com\/index.php\/noticias-del-mes\/nueva-confirmacion-del-rock-fest-barcelona-5#primaryimage"},"thumbnailUrl":"https:\/\/scontent.fmad3-6.fna.fbcdn.net\/v\/t1.0-9\/s960x960\/78618069_1280645915472010_7638206243349200896_o.jpg?_nc_cat=110&amp;_nc_ohc=kwtC6QntitwAQn2IplIL-GGs-g8L7a3Hul3AWT7WNoYDal7gCIoEAxuTQ&amp;_nc_ht=scontent.fmad3-6.fna&amp;oh=69229e636eb993bd2218820cbe9933a2&amp;oe=5E493EF8","datePublished":"2019-11-26T13:21:58+00:00","author":{"@id":"https:\/\/www.todoheavymetal.com\/#\/schema\/person\/aa098e79c44b992ec2357a75883ed217"},"breadcrumb":{"@id":"https:\/\/www.todoheavymetal.com\/index.php\/noticias-del-mes\/nueva-confirmacion-del-rock-fest-barcelona-5#breadcrumb"},"inLanguage":"es","potentialAction":[{"@type":"ReadAction","target":["https:\/\/www.todoheavymetal.com\/index.php\/noticias-del-mes\/nueva-confirmacion-del-rock-fest-barcelona-5"]}]},{"@type":"ImageObject","inLanguage":"es","@id":"https:\/\/www.todoheavymetal.com\/index.php\/noticias-del-mes\/nueva-confirmacion-del-rock-fest-barcelona-5#primaryimage","url":"https:\/\/scontent.fmad3-6.fna.fbcdn.net\/v\/t1.0-9\/s960x960\/78618069_1280645915472010_7638206243349200896_o.jpg?_nc_cat=110&amp;_nc_ohc=kwtC6QntitwAQn2IplIL-GGs-g8L7a3Hul3AWT7WNoYDal7gCIoEAxuTQ&amp;_nc_ht=scontent.fmad3-6.fna&amp;oh=69229e636eb993bd2218820cbe9933a2&amp;oe=5E493EF8","contentUrl":"https:\/\/scontent.fmad3-6.fna.fbcdn.net\/v\/t1.0-9\/s960x960\/78618069_1280645915472010_7638206243349200896_o.jpg?_nc_cat=110&amp;_nc_ohc=kwtC6QntitwAQn2IplIL-GGs-g8L7a3Hul3AWT7WNoYDal7gCIoEAxuTQ&amp;_nc_ht=scontent.fmad3-6.fna&amp;oh=69229e636eb993bd2218820cbe9933a2&amp;oe=5E493EF8"},{"@type":"BreadcrumbList","@id":"https:\/\/www.todoheavymetal.com\/index.php\/noticias-del-mes\/nueva-confirmacion-del-rock-fest-barcelona-5#breadcrumb","itemListElement":[{"@type":"ListItem","position":1,"name":"Portada","item":"https:\/\/www.todoheavymetal.com\/"},{"@type":"ListItem","position":2,"name":"NUEVA CONFIRMACI\u00d3N DEL ROCK FEST BARCELONA"}]},{"@type":"WebSite","@id":"https:\/\/www.todoheavymetal.com\/#website","url":"https:\/\/www.todoheavymetal.com\/","name":"todoheavymetal.com","description":"heavy metal - noticias heavy metal - todoheavymetal","potentialAction":[{"@type":"SearchAction","target":{"@type":"EntryPoint","urlTemplate":"https:\/\/www.todoheavymetal.com\/?s={search_term_string}"},"query-input":{"@type":"PropertyValueSpecification","valueRequired":true,"valueName":"search_term_string"}}],"inLanguage":"es"},{"@type":"Person","@id":"https:\/\/www.todoheavymetal.com\/#\/schema\/person\/aa098e79c44b992ec2357a75883ed217","name":"Javi","image":{"@type":"ImageObject","inLanguage":"es","@id":"https:\/\/secure.gravatar.com\/avatar\/ad9699b1143ed4017d23ce58fa9d83e0375bd1368122b157550ad77cd28bdfdf?s=96&d=monsterid&r=g","url":"https:\/\/secure.gravatar.com\/avatar\/ad9699b1143ed4017d23ce58fa9d83e0375bd1368122b157550ad77cd28bdfdf?s=96&d=monsterid&r=g","contentUrl":"https:\/\/secure.gravatar.com\/avatar\/ad9699b1143ed4017d23ce58fa9d83e0375bd1368122b157550ad77cd28bdfdf?s=96&d=monsterid&r=g","caption":"Javi"},"url":"https:\/\/www.todoheavymetal.com\/index.php\/author\/javipelos"}]}},"_links":{"self":[{"href":"https:\/\/www.todoheavymetal.com\/index.php\/wp-json\/wp\/v2\/posts\/71822","targetHints":{"allow":["GET"]}}],"collection":[{"href":"https:\/\/www.todoheavymetal.com\/index.php\/wp-json\/wp\/v2\/posts"}],"about":[{"href":"https:\/\/www.todoheavymetal.com\/index.php\/wp-json\/wp\/v2\/types\/post"}],"author":[{"embeddable":true,"href":"https:\/\/www.todoheavymetal.com\/index.php\/wp-json\/wp\/v2\/users\/4"}],"replies":[{"embeddable":true,"href":"https:\/\/www.todoheavymetal.com\/index.php\/wp-json\/wp\/v2\/comments?post=71822"}],"version-history":[{"count":1,"href":"https:\/\/www.todoheavymetal.com\/index.php\/wp-json\/wp\/v2\/posts\/71822\/revisions"}],"predecessor-version":[{"id":71824,"href":"https:\/\/www.todoheavymetal.com\/index.php\/wp-json\/wp\/v2\/posts\/71822\/revisions\/71824"}],"wp:attachment":[{"href":"https:\/\/www.todoheavymetal.com\/index.php\/wp-json\/wp\/v2\/media?parent=71822"}],"wp:term":[{"taxonomy":"category","embeddable":true,"href":"https:\/\/www.todoheavymetal.com\/index.php\/wp-json\/wp\/v2\/categories?post=71822"},{"taxonomy":"post_tag","embeddable":true,"href":"https:\/\/www.todoheavymetal.com\/index.php\/wp-json\/wp\/v2\/tags?post=71822"}],"curies":[{"name":"wp","href":"https:\/\/api.w.org\/{rel}","templated":true}]}}