{"id":71794,"date":"2019-11-25T14:34:48","date_gmt":"2019-11-25T13:34:48","guid":{"rendered":"http:\/\/www.todoheavymetal.com\/?p=71794"},"modified":"2019-11-25T13:52:23","modified_gmt":"2019-11-25T12:52:23","slug":"fechas-del-galicia-metalhead-festival","status":"publish","type":"post","link":"https:\/\/www.todoheavymetal.com\/index.php\/noticias-del-mes\/fechas-del-galicia-metalhead-festival","title":{"rendered":"FECHAS DEL GALICIA METALHEAD FESTIVAL"},"content":{"rendered":"<p style=\"text-align: justify;\">Con motivo de la 5\u00aa edici\u00f3n del <em>Galicia Metalhead Festival<\/em> los organizadores est\u00e1n preparando un cartel de aut\u00e9ntico lujo \u201c<em>en 2020 celebraremos el quinto aniversario del festival. Y como prometimos, vamos a dar un salto para hacer que esta edici\u00f3n sea incre\u00edble<\/em>\u201d. El festival gallego se celebrar\u00e1 durante los d\u00edas 27 y 28 de marzo en la sala Malatesta de Santiago de Compostela.<\/p>\n<p style=\"text-align: justify;\">Por el momento se han confirmado el nombre de 8 bandas\u2026 COCHAMBRE <em>(desde Vigo, la banda que mantiene el equilibrio entre las luces de Navidad y la oscuridad)<\/em>, THE POET\u2019S SILENCE (<em>que vienen desde Monforte y est\u00e1n grabando su segundo disco en estudio), <\/em>RAZE <em>(banda de thrash de As Pontes que resurgen de sus cenizas. Y que mejor lugar para empezar de nuevo que en el Galicia Metalhead),<\/em> AQUELARRE <em>(tambi\u00e9n desde Vigo vienen Aquelarre, banda que no para de crecer, girando por toda la pen\u00ednsula y derrochando calidad), <\/em>DARKEMBRACE <em>(banda veterana gallega que en los \u00faltimos dos a\u00f1os ha pasado m\u00e1s tiempo fuera de Galicia que por aqu\u00ed. Girando con bandas de sobra conocidas y tocando en festivales de sobra conocidos. Ahora vuelven al Galicia Metalhead con las ganas de quien vuelve a casa despu\u00e9s de mucho tiempo fuera),<\/em> LEGACY OF BRUTALITY<em> (para esta edici\u00f3n quer\u00edamos crecer. Y para ello, decidimos empezar a traeros bandas de fuera de Galicia. Y qu\u00e9 mejor manera que empezar por estos asturianos, primos hermanos, de\u00a0Legacy Of Brutality. Una de las mejores bandas de death metal de la pen\u00ednsula que ser\u00e1n, sin duda, uno de los platos fuertes de esta edici\u00f3n),<\/em> TRALLERY<em> (nos hemos ido hasta Mallorca para traeros a otro de los platos fuertes de esta edici\u00f3n\u2026\u00a0Trallery. Preparaos para una buena dosis del mejor metal)<\/em> y RAGE <em>(es para nosotros un aut\u00e9ntico placer confirmar que los alemanes\u00a0Rage\u00a0estar\u00e1n en la pr\u00f3xima edici\u00f3n del Galicia Metalhead).<\/em><\/p>\n<p style=\"text-align: justify;\">En unos d\u00edas se anunciar\u00e1n el resto de bandas.<\/p>\n<p style=\"text-align: justify;\">Las entradas se pondr\u00e1n a la venta el 2 de diciembre tanto en \u00a0A Casa Do Rock (Av\/ Rosal\u00eda de Castro 33), Miudo Rock Bar (R\u00faa dos Truques 3) y online en entradium y metaltrip.<\/p>\n<p><img loading=\"lazy\" decoding=\"async\" class=\"aligncenter \" src=\"https:\/\/scontent.fmad3-6.fna.fbcdn.net\/v\/t1.0-9\/s960x960\/76652035_2501652623492889_5831837646845902848_o.jpg?_nc_cat=109&amp;_nc_ohc=QBFflKQKOi8AQmOShbdSf35V92qBboeGYQOu-vG9VYcC3rYb4tn2AQ30w&amp;_nc_ht=scontent.fmad3-6.fna&amp;oh=83ba066fc095363bd6b1553456030fa5&amp;oe=5E871DAF\" width=\"428\" height=\"606\" \/><\/p>\n","protected":false},"excerpt":{"rendered":"<p>Con motivo de la 5\u00aa edici\u00f3n del Galicia Metalhead Festival los organizadores est\u00e1n preparando un cartel de aut\u00e9ntico lujo \u201cen 2020 celebraremos el quinto aniversario del festival. Y como prometimos, vamos a dar un salto para hacer que esta edici\u00f3n sea incre\u00edble\u201d. El festival gallego se celebrar\u00e1 durante los d\u00edas 27 y 28 de marzo [&hellip;]<\/p>\n","protected":false},"author":4,"featured_media":0,"comment_status":"open","ping_status":"open","sticky":false,"template":"","format":"standard","meta":{"footnotes":""},"categories":[8],"tags":[29618,4,6,1946],"class_list":["post-71794","post","type-post","status-publish","format-standard","hentry","category-noticias-del-mes","tag-galicia-metalhead-festival","tag-heavy-metal","tag-noticias-heavy-metal","tag-noticias-thrash-metal"],"yoast_head":"<!-- This site is optimized with the Yoast SEO plugin v27.5 - https:\/\/yoast.com\/product\/yoast-seo-wordpress\/ -->\n<title>FECHAS DEL GALICIA METALHEAD FESTIVAL - HEAVY METAL - NOTICIAS HEAVY METAL<\/title>\n<meta name=\"robots\" content=\"index, follow, max-snippet:-1, max-image-preview:large, max-video-preview:-1\" \/>\n<link rel=\"canonical\" href=\"https:\/\/www.todoheavymetal.com\/index.php\/noticias-del-mes\/fechas-del-galicia-metalhead-festival\" \/>\n<meta property=\"og:locale\" content=\"es_ES\" \/>\n<meta property=\"og:type\" content=\"article\" \/>\n<meta property=\"og:title\" content=\"FECHAS DEL GALICIA METALHEAD FESTIVAL - HEAVY METAL - NOTICIAS HEAVY METAL\" \/>\n<meta property=\"og:description\" content=\"Con motivo de la 5\u00aa edici\u00f3n del Galicia Metalhead Festival los organizadores est\u00e1n preparando un cartel de aut\u00e9ntico lujo \u201cen 2020 celebraremos el quinto aniversario del festival. Y como prometimos, vamos a dar un salto para hacer que esta edici\u00f3n sea incre\u00edble\u201d. El festival gallego se celebrar\u00e1 durante los d\u00edas 27 y 28 de marzo [&hellip;]\" \/>\n<meta property=\"og:url\" content=\"https:\/\/www.todoheavymetal.com\/index.php\/noticias-del-mes\/fechas-del-galicia-metalhead-festival\" \/>\n<meta property=\"og:site_name\" content=\"HEAVY METAL - NOTICIAS HEAVY METAL\" \/>\n<meta property=\"article:publisher\" content=\"https:\/\/www.facebook.com\/todoheavymetal\/\" \/>\n<meta property=\"article:published_time\" content=\"2019-11-25T13:34:48+00:00\" \/>\n<meta property=\"og:image\" content=\"https:\/\/scontent.fmad3-6.fna.fbcdn.net\/v\/t1.0-9\/s960x960\/76652035_2501652623492889_5831837646845902848_o.jpg?_nc_cat=109&amp;_nc_ohc=QBFflKQKOi8AQmOShbdSf35V92qBboeGYQOu-vG9VYcC3rYb4tn2AQ30w&amp;_nc_ht=scontent.fmad3-6.fna&amp;oh=83ba066fc095363bd6b1553456030fa5&amp;oe=5E871DAF\" \/>\n<meta name=\"author\" content=\"Javi\" \/>\n<meta name=\"twitter:card\" content=\"summary_large_image\" \/>\n<meta name=\"twitter:creator\" content=\"@todoheavymetal\" \/>\n<meta name=\"twitter:site\" content=\"@todoheavymetal\" \/>\n<meta name=\"twitter:label1\" content=\"Escrito por\" \/>\n\t<meta name=\"twitter:data1\" content=\"Javi\" \/>\n\t<meta name=\"twitter:label2\" content=\"Tiempo de lectura\" \/>\n\t<meta name=\"twitter:data2\" content=\"2 minutos\" \/>\n<script type=\"application\/ld+json\" class=\"yoast-schema-graph\">{\"@context\":\"https:\\\/\\\/schema.org\",\"@graph\":[{\"@type\":\"Article\",\"@id\":\"https:\\\/\\\/www.todoheavymetal.com\\\/index.php\\\/noticias-del-mes\\\/fechas-del-galicia-metalhead-festival#article\",\"isPartOf\":{\"@id\":\"https:\\\/\\\/www.todoheavymetal.com\\\/index.php\\\/noticias-del-mes\\\/fechas-del-galicia-metalhead-festival\"},\"author\":{\"name\":\"Javi\",\"@id\":\"https:\\\/\\\/www.todoheavymetal.com\\\/#\\\/schema\\\/person\\\/aa098e79c44b992ec2357a75883ed217\"},\"headline\":\"FECHAS DEL GALICIA METALHEAD FESTIVAL\",\"datePublished\":\"2019-11-25T13:34:48+00:00\",\"mainEntityOfPage\":{\"@id\":\"https:\\\/\\\/www.todoheavymetal.com\\\/index.php\\\/noticias-del-mes\\\/fechas-del-galicia-metalhead-festival\"},\"wordCount\":376,\"commentCount\":0,\"image\":{\"@id\":\"https:\\\/\\\/www.todoheavymetal.com\\\/index.php\\\/noticias-del-mes\\\/fechas-del-galicia-metalhead-festival#primaryimage\"},\"thumbnailUrl\":\"https:\\\/\\\/scontent.fmad3-6.fna.fbcdn.net\\\/v\\\/t1.0-9\\\/s960x960\\\/76652035_2501652623492889_5831837646845902848_o.jpg?_nc_cat=109&amp;_nc_ohc=QBFflKQKOi8AQmOShbdSf35V92qBboeGYQOu-vG9VYcC3rYb4tn2AQ30w&amp;_nc_ht=scontent.fmad3-6.fna&amp;oh=83ba066fc095363bd6b1553456030fa5&amp;oe=5E871DAF\",\"keywords\":[\"galicia metalhead festival\",\"heavy metal\",\"noticias heavy metal\",\"noticias thrash metal\"],\"articleSection\":[\"Noticias del mes\"],\"inLanguage\":\"es\",\"potentialAction\":[{\"@type\":\"CommentAction\",\"name\":\"Comment\",\"target\":[\"https:\\\/\\\/www.todoheavymetal.com\\\/index.php\\\/noticias-del-mes\\\/fechas-del-galicia-metalhead-festival#respond\"]}]},{\"@type\":\"WebPage\",\"@id\":\"https:\\\/\\\/www.todoheavymetal.com\\\/index.php\\\/noticias-del-mes\\\/fechas-del-galicia-metalhead-festival\",\"url\":\"https:\\\/\\\/www.todoheavymetal.com\\\/index.php\\\/noticias-del-mes\\\/fechas-del-galicia-metalhead-festival\",\"name\":\"FECHAS DEL GALICIA METALHEAD FESTIVAL - HEAVY METAL - NOTICIAS HEAVY METAL\",\"isPartOf\":{\"@id\":\"https:\\\/\\\/www.todoheavymetal.com\\\/#website\"},\"primaryImageOfPage\":{\"@id\":\"https:\\\/\\\/www.todoheavymetal.com\\\/index.php\\\/noticias-del-mes\\\/fechas-del-galicia-metalhead-festival#primaryimage\"},\"image\":{\"@id\":\"https:\\\/\\\/www.todoheavymetal.com\\\/index.php\\\/noticias-del-mes\\\/fechas-del-galicia-metalhead-festival#primaryimage\"},\"thumbnailUrl\":\"https:\\\/\\\/scontent.fmad3-6.fna.fbcdn.net\\\/v\\\/t1.0-9\\\/s960x960\\\/76652035_2501652623492889_5831837646845902848_o.jpg?_nc_cat=109&amp;_nc_ohc=QBFflKQKOi8AQmOShbdSf35V92qBboeGYQOu-vG9VYcC3rYb4tn2AQ30w&amp;_nc_ht=scontent.fmad3-6.fna&amp;oh=83ba066fc095363bd6b1553456030fa5&amp;oe=5E871DAF\",\"datePublished\":\"2019-11-25T13:34:48+00:00\",\"author\":{\"@id\":\"https:\\\/\\\/www.todoheavymetal.com\\\/#\\\/schema\\\/person\\\/aa098e79c44b992ec2357a75883ed217\"},\"breadcrumb\":{\"@id\":\"https:\\\/\\\/www.todoheavymetal.com\\\/index.php\\\/noticias-del-mes\\\/fechas-del-galicia-metalhead-festival#breadcrumb\"},\"inLanguage\":\"es\",\"potentialAction\":[{\"@type\":\"ReadAction\",\"target\":[\"https:\\\/\\\/www.todoheavymetal.com\\\/index.php\\\/noticias-del-mes\\\/fechas-del-galicia-metalhead-festival\"]}]},{\"@type\":\"ImageObject\",\"inLanguage\":\"es\",\"@id\":\"https:\\\/\\\/www.todoheavymetal.com\\\/index.php\\\/noticias-del-mes\\\/fechas-del-galicia-metalhead-festival#primaryimage\",\"url\":\"https:\\\/\\\/scontent.fmad3-6.fna.fbcdn.net\\\/v\\\/t1.0-9\\\/s960x960\\\/76652035_2501652623492889_5831837646845902848_o.jpg?_nc_cat=109&amp;_nc_ohc=QBFflKQKOi8AQmOShbdSf35V92qBboeGYQOu-vG9VYcC3rYb4tn2AQ30w&amp;_nc_ht=scontent.fmad3-6.fna&amp;oh=83ba066fc095363bd6b1553456030fa5&amp;oe=5E871DAF\",\"contentUrl\":\"https:\\\/\\\/scontent.fmad3-6.fna.fbcdn.net\\\/v\\\/t1.0-9\\\/s960x960\\\/76652035_2501652623492889_5831837646845902848_o.jpg?_nc_cat=109&amp;_nc_ohc=QBFflKQKOi8AQmOShbdSf35V92qBboeGYQOu-vG9VYcC3rYb4tn2AQ30w&amp;_nc_ht=scontent.fmad3-6.fna&amp;oh=83ba066fc095363bd6b1553456030fa5&amp;oe=5E871DAF\"},{\"@type\":\"BreadcrumbList\",\"@id\":\"https:\\\/\\\/www.todoheavymetal.com\\\/index.php\\\/noticias-del-mes\\\/fechas-del-galicia-metalhead-festival#breadcrumb\",\"itemListElement\":[{\"@type\":\"ListItem\",\"position\":1,\"name\":\"Portada\",\"item\":\"https:\\\/\\\/www.todoheavymetal.com\\\/\"},{\"@type\":\"ListItem\",\"position\":2,\"name\":\"FECHAS DEL GALICIA METALHEAD FESTIVAL\"}]},{\"@type\":\"WebSite\",\"@id\":\"https:\\\/\\\/www.todoheavymetal.com\\\/#website\",\"url\":\"https:\\\/\\\/www.todoheavymetal.com\\\/\",\"name\":\"todoheavymetal.com\",\"description\":\"heavy metal - noticias heavy metal - todoheavymetal\",\"potentialAction\":[{\"@type\":\"SearchAction\",\"target\":{\"@type\":\"EntryPoint\",\"urlTemplate\":\"https:\\\/\\\/www.todoheavymetal.com\\\/?s={search_term_string}\"},\"query-input\":{\"@type\":\"PropertyValueSpecification\",\"valueRequired\":true,\"valueName\":\"search_term_string\"}}],\"inLanguage\":\"es\"},{\"@type\":\"Person\",\"@id\":\"https:\\\/\\\/www.todoheavymetal.com\\\/#\\\/schema\\\/person\\\/aa098e79c44b992ec2357a75883ed217\",\"name\":\"Javi\",\"image\":{\"@type\":\"ImageObject\",\"inLanguage\":\"es\",\"@id\":\"https:\\\/\\\/secure.gravatar.com\\\/avatar\\\/ad9699b1143ed4017d23ce58fa9d83e0375bd1368122b157550ad77cd28bdfdf?s=96&d=monsterid&r=g\",\"url\":\"https:\\\/\\\/secure.gravatar.com\\\/avatar\\\/ad9699b1143ed4017d23ce58fa9d83e0375bd1368122b157550ad77cd28bdfdf?s=96&d=monsterid&r=g\",\"contentUrl\":\"https:\\\/\\\/secure.gravatar.com\\\/avatar\\\/ad9699b1143ed4017d23ce58fa9d83e0375bd1368122b157550ad77cd28bdfdf?s=96&d=monsterid&r=g\",\"caption\":\"Javi\"},\"url\":\"https:\\\/\\\/www.todoheavymetal.com\\\/index.php\\\/author\\\/javipelos\"}]}<\/script>\n<!-- \/ Yoast SEO plugin. -->","yoast_head_json":{"title":"FECHAS DEL GALICIA METALHEAD FESTIVAL - HEAVY METAL - NOTICIAS HEAVY METAL","robots":{"index":"index","follow":"follow","max-snippet":"max-snippet:-1","max-image-preview":"max-image-preview:large","max-video-preview":"max-video-preview:-1"},"canonical":"https:\/\/www.todoheavymetal.com\/index.php\/noticias-del-mes\/fechas-del-galicia-metalhead-festival","og_locale":"es_ES","og_type":"article","og_title":"FECHAS DEL GALICIA METALHEAD FESTIVAL - HEAVY METAL - NOTICIAS HEAVY METAL","og_description":"Con motivo de la 5\u00aa edici\u00f3n del Galicia Metalhead Festival los organizadores est\u00e1n preparando un cartel de aut\u00e9ntico lujo \u201cen 2020 celebraremos el quinto aniversario del festival. Y como prometimos, vamos a dar un salto para hacer que esta edici\u00f3n sea incre\u00edble\u201d. El festival gallego se celebrar\u00e1 durante los d\u00edas 27 y 28 de marzo [&hellip;]","og_url":"https:\/\/www.todoheavymetal.com\/index.php\/noticias-del-mes\/fechas-del-galicia-metalhead-festival","og_site_name":"HEAVY METAL - NOTICIAS HEAVY METAL","article_publisher":"https:\/\/www.facebook.com\/todoheavymetal\/","article_published_time":"2019-11-25T13:34:48+00:00","og_image":[{"url":"https:\/\/scontent.fmad3-6.fna.fbcdn.net\/v\/t1.0-9\/s960x960\/76652035_2501652623492889_5831837646845902848_o.jpg?_nc_cat=109&amp;_nc_ohc=QBFflKQKOi8AQmOShbdSf35V92qBboeGYQOu-vG9VYcC3rYb4tn2AQ30w&amp;_nc_ht=scontent.fmad3-6.fna&amp;oh=83ba066fc095363bd6b1553456030fa5&amp;oe=5E871DAF","type":"","width":"","height":""}],"author":"Javi","twitter_card":"summary_large_image","twitter_creator":"@todoheavymetal","twitter_site":"@todoheavymetal","twitter_misc":{"Escrito por":"Javi","Tiempo de lectura":"2 minutos"},"schema":{"@context":"https:\/\/schema.org","@graph":[{"@type":"Article","@id":"https:\/\/www.todoheavymetal.com\/index.php\/noticias-del-mes\/fechas-del-galicia-metalhead-festival#article","isPartOf":{"@id":"https:\/\/www.todoheavymetal.com\/index.php\/noticias-del-mes\/fechas-del-galicia-metalhead-festival"},"author":{"name":"Javi","@id":"https:\/\/www.todoheavymetal.com\/#\/schema\/person\/aa098e79c44b992ec2357a75883ed217"},"headline":"FECHAS DEL GALICIA METALHEAD FESTIVAL","datePublished":"2019-11-25T13:34:48+00:00","mainEntityOfPage":{"@id":"https:\/\/www.todoheavymetal.com\/index.php\/noticias-del-mes\/fechas-del-galicia-metalhead-festival"},"wordCount":376,"commentCount":0,"image":{"@id":"https:\/\/www.todoheavymetal.com\/index.php\/noticias-del-mes\/fechas-del-galicia-metalhead-festival#primaryimage"},"thumbnailUrl":"https:\/\/scontent.fmad3-6.fna.fbcdn.net\/v\/t1.0-9\/s960x960\/76652035_2501652623492889_5831837646845902848_o.jpg?_nc_cat=109&amp;_nc_ohc=QBFflKQKOi8AQmOShbdSf35V92qBboeGYQOu-vG9VYcC3rYb4tn2AQ30w&amp;_nc_ht=scontent.fmad3-6.fna&amp;oh=83ba066fc095363bd6b1553456030fa5&amp;oe=5E871DAF","keywords":["galicia metalhead festival","heavy metal","noticias heavy metal","noticias thrash metal"],"articleSection":["Noticias del mes"],"inLanguage":"es","potentialAction":[{"@type":"CommentAction","name":"Comment","target":["https:\/\/www.todoheavymetal.com\/index.php\/noticias-del-mes\/fechas-del-galicia-metalhead-festival#respond"]}]},{"@type":"WebPage","@id":"https:\/\/www.todoheavymetal.com\/index.php\/noticias-del-mes\/fechas-del-galicia-metalhead-festival","url":"https:\/\/www.todoheavymetal.com\/index.php\/noticias-del-mes\/fechas-del-galicia-metalhead-festival","name":"FECHAS DEL GALICIA METALHEAD FESTIVAL - HEAVY METAL - NOTICIAS HEAVY METAL","isPartOf":{"@id":"https:\/\/www.todoheavymetal.com\/#website"},"primaryImageOfPage":{"@id":"https:\/\/www.todoheavymetal.com\/index.php\/noticias-del-mes\/fechas-del-galicia-metalhead-festival#primaryimage"},"image":{"@id":"https:\/\/www.todoheavymetal.com\/index.php\/noticias-del-mes\/fechas-del-galicia-metalhead-festival#primaryimage"},"thumbnailUrl":"https:\/\/scontent.fmad3-6.fna.fbcdn.net\/v\/t1.0-9\/s960x960\/76652035_2501652623492889_5831837646845902848_o.jpg?_nc_cat=109&amp;_nc_ohc=QBFflKQKOi8AQmOShbdSf35V92qBboeGYQOu-vG9VYcC3rYb4tn2AQ30w&amp;_nc_ht=scontent.fmad3-6.fna&amp;oh=83ba066fc095363bd6b1553456030fa5&amp;oe=5E871DAF","datePublished":"2019-11-25T13:34:48+00:00","author":{"@id":"https:\/\/www.todoheavymetal.com\/#\/schema\/person\/aa098e79c44b992ec2357a75883ed217"},"breadcrumb":{"@id":"https:\/\/www.todoheavymetal.com\/index.php\/noticias-del-mes\/fechas-del-galicia-metalhead-festival#breadcrumb"},"inLanguage":"es","potentialAction":[{"@type":"ReadAction","target":["https:\/\/www.todoheavymetal.com\/index.php\/noticias-del-mes\/fechas-del-galicia-metalhead-festival"]}]},{"@type":"ImageObject","inLanguage":"es","@id":"https:\/\/www.todoheavymetal.com\/index.php\/noticias-del-mes\/fechas-del-galicia-metalhead-festival#primaryimage","url":"https:\/\/scontent.fmad3-6.fna.fbcdn.net\/v\/t1.0-9\/s960x960\/76652035_2501652623492889_5831837646845902848_o.jpg?_nc_cat=109&amp;_nc_ohc=QBFflKQKOi8AQmOShbdSf35V92qBboeGYQOu-vG9VYcC3rYb4tn2AQ30w&amp;_nc_ht=scontent.fmad3-6.fna&amp;oh=83ba066fc095363bd6b1553456030fa5&amp;oe=5E871DAF","contentUrl":"https:\/\/scontent.fmad3-6.fna.fbcdn.net\/v\/t1.0-9\/s960x960\/76652035_2501652623492889_5831837646845902848_o.jpg?_nc_cat=109&amp;_nc_ohc=QBFflKQKOi8AQmOShbdSf35V92qBboeGYQOu-vG9VYcC3rYb4tn2AQ30w&amp;_nc_ht=scontent.fmad3-6.fna&amp;oh=83ba066fc095363bd6b1553456030fa5&amp;oe=5E871DAF"},{"@type":"BreadcrumbList","@id":"https:\/\/www.todoheavymetal.com\/index.php\/noticias-del-mes\/fechas-del-galicia-metalhead-festival#breadcrumb","itemListElement":[{"@type":"ListItem","position":1,"name":"Portada","item":"https:\/\/www.todoheavymetal.com\/"},{"@type":"ListItem","position":2,"name":"FECHAS DEL GALICIA METALHEAD FESTIVAL"}]},{"@type":"WebSite","@id":"https:\/\/www.todoheavymetal.com\/#website","url":"https:\/\/www.todoheavymetal.com\/","name":"todoheavymetal.com","description":"heavy metal - noticias heavy metal - todoheavymetal","potentialAction":[{"@type":"SearchAction","target":{"@type":"EntryPoint","urlTemplate":"https:\/\/www.todoheavymetal.com\/?s={search_term_string}"},"query-input":{"@type":"PropertyValueSpecification","valueRequired":true,"valueName":"search_term_string"}}],"inLanguage":"es"},{"@type":"Person","@id":"https:\/\/www.todoheavymetal.com\/#\/schema\/person\/aa098e79c44b992ec2357a75883ed217","name":"Javi","image":{"@type":"ImageObject","inLanguage":"es","@id":"https:\/\/secure.gravatar.com\/avatar\/ad9699b1143ed4017d23ce58fa9d83e0375bd1368122b157550ad77cd28bdfdf?s=96&d=monsterid&r=g","url":"https:\/\/secure.gravatar.com\/avatar\/ad9699b1143ed4017d23ce58fa9d83e0375bd1368122b157550ad77cd28bdfdf?s=96&d=monsterid&r=g","contentUrl":"https:\/\/secure.gravatar.com\/avatar\/ad9699b1143ed4017d23ce58fa9d83e0375bd1368122b157550ad77cd28bdfdf?s=96&d=monsterid&r=g","caption":"Javi"},"url":"https:\/\/www.todoheavymetal.com\/index.php\/author\/javipelos"}]}},"_links":{"self":[{"href":"https:\/\/www.todoheavymetal.com\/index.php\/wp-json\/wp\/v2\/posts\/71794","targetHints":{"allow":["GET"]}}],"collection":[{"href":"https:\/\/www.todoheavymetal.com\/index.php\/wp-json\/wp\/v2\/posts"}],"about":[{"href":"https:\/\/www.todoheavymetal.com\/index.php\/wp-json\/wp\/v2\/types\/post"}],"author":[{"embeddable":true,"href":"https:\/\/www.todoheavymetal.com\/index.php\/wp-json\/wp\/v2\/users\/4"}],"replies":[{"embeddable":true,"href":"https:\/\/www.todoheavymetal.com\/index.php\/wp-json\/wp\/v2\/comments?post=71794"}],"version-history":[{"count":5,"href":"https:\/\/www.todoheavymetal.com\/index.php\/wp-json\/wp\/v2\/posts\/71794\/revisions"}],"predecessor-version":[{"id":71813,"href":"https:\/\/www.todoheavymetal.com\/index.php\/wp-json\/wp\/v2\/posts\/71794\/revisions\/71813"}],"wp:attachment":[{"href":"https:\/\/www.todoheavymetal.com\/index.php\/wp-json\/wp\/v2\/media?parent=71794"}],"wp:term":[{"taxonomy":"category","embeddable":true,"href":"https:\/\/www.todoheavymetal.com\/index.php\/wp-json\/wp\/v2\/categories?post=71794"},{"taxonomy":"post_tag","embeddable":true,"href":"https:\/\/www.todoheavymetal.com\/index.php\/wp-json\/wp\/v2\/tags?post=71794"}],"curies":[{"name":"wp","href":"https:\/\/api.w.org\/{rel}","templated":true}]}}