{"id":68258,"date":"2019-06-12T21:04:27","date_gmt":"2019-06-12T19:04:27","guid":{"rendered":"http:\/\/www.todoheavymetal.com\/?p=68258"},"modified":"2019-06-12T20:29:25","modified_gmt":"2019-06-12T18:29:25","slug":"fecha-y-cartel-del-can-mercader-festival","status":"publish","type":"post","link":"https:\/\/www.todoheavymetal.com\/index.php\/noticias-del-mes\/fecha-y-cartel-del-can-mercader-festival","title":{"rendered":"FECHA Y CARTEL DEL CAN MERCADER FESTIVAL"},"content":{"rendered":"<p style=\"text-align: justify;\">A partir de las 19.00 horas del s\u00e1bado 13 del pr\u00f3ximo mes de julio se celebrar\u00e1 una nueva edici\u00f3n del <em>Can Mercader Festival<\/em>.<\/p>\n<p style=\"text-align: justify;\">Ser\u00e1 en el Parc de Can Mercader de Cornell\u00e1 de Llobregat (Barcelona) y la entrada ser\u00e1 gratuita.<\/p>\n<p style=\"text-align: justify;\">Los grupos que estar\u00e1n tocando ser\u00e1n CRISIX, SEEK \u2018EM ALL (tributo a METALLICA), DAERIA, JOLLY JOKER, 11 BIS, SCAPE LAND, WORTH y THY OMEN.<\/p>\n<p><img loading=\"lazy\" decoding=\"async\" class=\"aligncenter \" src=\"https:\/\/scontent.fmad3-7.fna.fbcdn.net\/v\/t1.0-9\/61550879_10219167476487713_3633042471237189632_n.jpg?_nc_cat=103&amp;_nc_ht=scontent.fmad3-7.fna&amp;oh=32f838c9fbcffa482c8b8a103c220340&amp;oe=5D9B6779\" width=\"424\" height=\"601\" \/><\/p>\n","protected":false},"excerpt":{"rendered":"<p>A partir de las 19.00 horas del s\u00e1bado 13 del pr\u00f3ximo mes de julio se celebrar\u00e1 una nueva edici\u00f3n del Can Mercader Festival. Ser\u00e1 en el Parc de Can Mercader de Cornell\u00e1 de Llobregat (Barcelona) y la entrada ser\u00e1 gratuita. Los grupos que estar\u00e1n tocando ser\u00e1n CRISIX, SEEK \u2018EM ALL (tributo a METALLICA), DAERIA, JOLLY [&hellip;]<\/p>\n","protected":false},"author":4,"featured_media":0,"comment_status":"open","ping_status":"open","sticky":false,"template":"","format":"standard","meta":{"footnotes":""},"categories":[8],"tags":[29055,4],"class_list":["post-68258","post","type-post","status-publish","format-standard","hentry","category-noticias-del-mes","tag-can-mercader-festival","tag-heavy-metal"],"yoast_head":"<!-- This site is optimized with the Yoast SEO plugin v27.5 - https:\/\/yoast.com\/product\/yoast-seo-wordpress\/ -->\n<title>FECHA Y CARTEL DEL CAN MERCADER FESTIVAL - HEAVY METAL - NOTICIAS HEAVY METAL<\/title>\n<meta name=\"robots\" content=\"index, follow, max-snippet:-1, max-image-preview:large, max-video-preview:-1\" \/>\n<link rel=\"canonical\" href=\"https:\/\/www.todoheavymetal.com\/index.php\/noticias-del-mes\/fecha-y-cartel-del-can-mercader-festival\" \/>\n<meta property=\"og:locale\" content=\"es_ES\" \/>\n<meta property=\"og:type\" content=\"article\" \/>\n<meta property=\"og:title\" content=\"FECHA Y CARTEL DEL CAN MERCADER FESTIVAL - HEAVY METAL - NOTICIAS HEAVY METAL\" \/>\n<meta property=\"og:description\" content=\"A partir de las 19.00 horas del s\u00e1bado 13 del pr\u00f3ximo mes de julio se celebrar\u00e1 una nueva edici\u00f3n del Can Mercader Festival. Ser\u00e1 en el Parc de Can Mercader de Cornell\u00e1 de Llobregat (Barcelona) y la entrada ser\u00e1 gratuita. Los grupos que estar\u00e1n tocando ser\u00e1n CRISIX, SEEK \u2018EM ALL (tributo a METALLICA), DAERIA, JOLLY [&hellip;]\" \/>\n<meta property=\"og:url\" content=\"https:\/\/www.todoheavymetal.com\/index.php\/noticias-del-mes\/fecha-y-cartel-del-can-mercader-festival\" \/>\n<meta property=\"og:site_name\" content=\"HEAVY METAL - NOTICIAS HEAVY METAL\" \/>\n<meta property=\"article:publisher\" content=\"https:\/\/www.facebook.com\/todoheavymetal\/\" \/>\n<meta property=\"article:published_time\" content=\"2019-06-12T19:04:27+00:00\" \/>\n<meta property=\"og:image\" content=\"https:\/\/scontent.fmad3-7.fna.fbcdn.net\/v\/t1.0-9\/61550879_10219167476487713_3633042471237189632_n.jpg?_nc_cat=103&amp;_nc_ht=scontent.fmad3-7.fna&amp;oh=32f838c9fbcffa482c8b8a103c220340&amp;oe=5D9B6779\" \/>\n<meta name=\"author\" content=\"Javi\" \/>\n<meta name=\"twitter:card\" content=\"summary_large_image\" \/>\n<meta name=\"twitter:creator\" content=\"@todoheavymetal\" \/>\n<meta name=\"twitter:site\" content=\"@todoheavymetal\" \/>\n<meta name=\"twitter:label1\" content=\"Escrito por\" \/>\n\t<meta name=\"twitter:data1\" content=\"Javi\" \/>\n<script type=\"application\/ld+json\" class=\"yoast-schema-graph\">{\"@context\":\"https:\\\/\\\/schema.org\",\"@graph\":[{\"@type\":\"Article\",\"@id\":\"https:\\\/\\\/www.todoheavymetal.com\\\/index.php\\\/noticias-del-mes\\\/fecha-y-cartel-del-can-mercader-festival#article\",\"isPartOf\":{\"@id\":\"https:\\\/\\\/www.todoheavymetal.com\\\/index.php\\\/noticias-del-mes\\\/fecha-y-cartel-del-can-mercader-festival\"},\"author\":{\"name\":\"Javi\",\"@id\":\"https:\\\/\\\/www.todoheavymetal.com\\\/#\\\/schema\\\/person\\\/aa098e79c44b992ec2357a75883ed217\"},\"headline\":\"FECHA Y CARTEL DEL CAN MERCADER FESTIVAL\",\"datePublished\":\"2019-06-12T19:04:27+00:00\",\"mainEntityOfPage\":{\"@id\":\"https:\\\/\\\/www.todoheavymetal.com\\\/index.php\\\/noticias-del-mes\\\/fecha-y-cartel-del-can-mercader-festival\"},\"wordCount\":73,\"commentCount\":0,\"image\":{\"@id\":\"https:\\\/\\\/www.todoheavymetal.com\\\/index.php\\\/noticias-del-mes\\\/fecha-y-cartel-del-can-mercader-festival#primaryimage\"},\"thumbnailUrl\":\"https:\\\/\\\/scontent.fmad3-7.fna.fbcdn.net\\\/v\\\/t1.0-9\\\/61550879_10219167476487713_3633042471237189632_n.jpg?_nc_cat=103&amp;_nc_ht=scontent.fmad3-7.fna&amp;oh=32f838c9fbcffa482c8b8a103c220340&amp;oe=5D9B6779\",\"keywords\":[\"can mercader festival\",\"heavy metal\"],\"articleSection\":[\"Noticias del mes\"],\"inLanguage\":\"es\",\"potentialAction\":[{\"@type\":\"CommentAction\",\"name\":\"Comment\",\"target\":[\"https:\\\/\\\/www.todoheavymetal.com\\\/index.php\\\/noticias-del-mes\\\/fecha-y-cartel-del-can-mercader-festival#respond\"]}]},{\"@type\":\"WebPage\",\"@id\":\"https:\\\/\\\/www.todoheavymetal.com\\\/index.php\\\/noticias-del-mes\\\/fecha-y-cartel-del-can-mercader-festival\",\"url\":\"https:\\\/\\\/www.todoheavymetal.com\\\/index.php\\\/noticias-del-mes\\\/fecha-y-cartel-del-can-mercader-festival\",\"name\":\"FECHA Y CARTEL DEL CAN MERCADER FESTIVAL - HEAVY METAL - NOTICIAS HEAVY METAL\",\"isPartOf\":{\"@id\":\"https:\\\/\\\/www.todoheavymetal.com\\\/#website\"},\"primaryImageOfPage\":{\"@id\":\"https:\\\/\\\/www.todoheavymetal.com\\\/index.php\\\/noticias-del-mes\\\/fecha-y-cartel-del-can-mercader-festival#primaryimage\"},\"image\":{\"@id\":\"https:\\\/\\\/www.todoheavymetal.com\\\/index.php\\\/noticias-del-mes\\\/fecha-y-cartel-del-can-mercader-festival#primaryimage\"},\"thumbnailUrl\":\"https:\\\/\\\/scontent.fmad3-7.fna.fbcdn.net\\\/v\\\/t1.0-9\\\/61550879_10219167476487713_3633042471237189632_n.jpg?_nc_cat=103&amp;_nc_ht=scontent.fmad3-7.fna&amp;oh=32f838c9fbcffa482c8b8a103c220340&amp;oe=5D9B6779\",\"datePublished\":\"2019-06-12T19:04:27+00:00\",\"author\":{\"@id\":\"https:\\\/\\\/www.todoheavymetal.com\\\/#\\\/schema\\\/person\\\/aa098e79c44b992ec2357a75883ed217\"},\"breadcrumb\":{\"@id\":\"https:\\\/\\\/www.todoheavymetal.com\\\/index.php\\\/noticias-del-mes\\\/fecha-y-cartel-del-can-mercader-festival#breadcrumb\"},\"inLanguage\":\"es\",\"potentialAction\":[{\"@type\":\"ReadAction\",\"target\":[\"https:\\\/\\\/www.todoheavymetal.com\\\/index.php\\\/noticias-del-mes\\\/fecha-y-cartel-del-can-mercader-festival\"]}]},{\"@type\":\"ImageObject\",\"inLanguage\":\"es\",\"@id\":\"https:\\\/\\\/www.todoheavymetal.com\\\/index.php\\\/noticias-del-mes\\\/fecha-y-cartel-del-can-mercader-festival#primaryimage\",\"url\":\"https:\\\/\\\/scontent.fmad3-7.fna.fbcdn.net\\\/v\\\/t1.0-9\\\/61550879_10219167476487713_3633042471237189632_n.jpg?_nc_cat=103&amp;_nc_ht=scontent.fmad3-7.fna&amp;oh=32f838c9fbcffa482c8b8a103c220340&amp;oe=5D9B6779\",\"contentUrl\":\"https:\\\/\\\/scontent.fmad3-7.fna.fbcdn.net\\\/v\\\/t1.0-9\\\/61550879_10219167476487713_3633042471237189632_n.jpg?_nc_cat=103&amp;_nc_ht=scontent.fmad3-7.fna&amp;oh=32f838c9fbcffa482c8b8a103c220340&amp;oe=5D9B6779\"},{\"@type\":\"BreadcrumbList\",\"@id\":\"https:\\\/\\\/www.todoheavymetal.com\\\/index.php\\\/noticias-del-mes\\\/fecha-y-cartel-del-can-mercader-festival#breadcrumb\",\"itemListElement\":[{\"@type\":\"ListItem\",\"position\":1,\"name\":\"Portada\",\"item\":\"https:\\\/\\\/www.todoheavymetal.com\\\/\"},{\"@type\":\"ListItem\",\"position\":2,\"name\":\"FECHA Y CARTEL DEL CAN MERCADER FESTIVAL\"}]},{\"@type\":\"WebSite\",\"@id\":\"https:\\\/\\\/www.todoheavymetal.com\\\/#website\",\"url\":\"https:\\\/\\\/www.todoheavymetal.com\\\/\",\"name\":\"todoheavymetal.com\",\"description\":\"heavy metal - noticias heavy metal - todoheavymetal\",\"potentialAction\":[{\"@type\":\"SearchAction\",\"target\":{\"@type\":\"EntryPoint\",\"urlTemplate\":\"https:\\\/\\\/www.todoheavymetal.com\\\/?s={search_term_string}\"},\"query-input\":{\"@type\":\"PropertyValueSpecification\",\"valueRequired\":true,\"valueName\":\"search_term_string\"}}],\"inLanguage\":\"es\"},{\"@type\":\"Person\",\"@id\":\"https:\\\/\\\/www.todoheavymetal.com\\\/#\\\/schema\\\/person\\\/aa098e79c44b992ec2357a75883ed217\",\"name\":\"Javi\",\"image\":{\"@type\":\"ImageObject\",\"inLanguage\":\"es\",\"@id\":\"https:\\\/\\\/secure.gravatar.com\\\/avatar\\\/ad9699b1143ed4017d23ce58fa9d83e0375bd1368122b157550ad77cd28bdfdf?s=96&d=monsterid&r=g\",\"url\":\"https:\\\/\\\/secure.gravatar.com\\\/avatar\\\/ad9699b1143ed4017d23ce58fa9d83e0375bd1368122b157550ad77cd28bdfdf?s=96&d=monsterid&r=g\",\"contentUrl\":\"https:\\\/\\\/secure.gravatar.com\\\/avatar\\\/ad9699b1143ed4017d23ce58fa9d83e0375bd1368122b157550ad77cd28bdfdf?s=96&d=monsterid&r=g\",\"caption\":\"Javi\"},\"url\":\"https:\\\/\\\/www.todoheavymetal.com\\\/index.php\\\/author\\\/javipelos\"}]}<\/script>\n<!-- \/ Yoast SEO plugin. -->","yoast_head_json":{"title":"FECHA Y CARTEL DEL CAN MERCADER FESTIVAL - HEAVY METAL - NOTICIAS HEAVY METAL","robots":{"index":"index","follow":"follow","max-snippet":"max-snippet:-1","max-image-preview":"max-image-preview:large","max-video-preview":"max-video-preview:-1"},"canonical":"https:\/\/www.todoheavymetal.com\/index.php\/noticias-del-mes\/fecha-y-cartel-del-can-mercader-festival","og_locale":"es_ES","og_type":"article","og_title":"FECHA Y CARTEL DEL CAN MERCADER FESTIVAL - HEAVY METAL - NOTICIAS HEAVY METAL","og_description":"A partir de las 19.00 horas del s\u00e1bado 13 del pr\u00f3ximo mes de julio se celebrar\u00e1 una nueva edici\u00f3n del Can Mercader Festival. Ser\u00e1 en el Parc de Can Mercader de Cornell\u00e1 de Llobregat (Barcelona) y la entrada ser\u00e1 gratuita. Los grupos que estar\u00e1n tocando ser\u00e1n CRISIX, SEEK \u2018EM ALL (tributo a METALLICA), DAERIA, JOLLY [&hellip;]","og_url":"https:\/\/www.todoheavymetal.com\/index.php\/noticias-del-mes\/fecha-y-cartel-del-can-mercader-festival","og_site_name":"HEAVY METAL - NOTICIAS HEAVY METAL","article_publisher":"https:\/\/www.facebook.com\/todoheavymetal\/","article_published_time":"2019-06-12T19:04:27+00:00","og_image":[{"url":"https:\/\/scontent.fmad3-7.fna.fbcdn.net\/v\/t1.0-9\/61550879_10219167476487713_3633042471237189632_n.jpg?_nc_cat=103&amp;_nc_ht=scontent.fmad3-7.fna&amp;oh=32f838c9fbcffa482c8b8a103c220340&amp;oe=5D9B6779","type":"","width":"","height":""}],"author":"Javi","twitter_card":"summary_large_image","twitter_creator":"@todoheavymetal","twitter_site":"@todoheavymetal","twitter_misc":{"Escrito por":"Javi"},"schema":{"@context":"https:\/\/schema.org","@graph":[{"@type":"Article","@id":"https:\/\/www.todoheavymetal.com\/index.php\/noticias-del-mes\/fecha-y-cartel-del-can-mercader-festival#article","isPartOf":{"@id":"https:\/\/www.todoheavymetal.com\/index.php\/noticias-del-mes\/fecha-y-cartel-del-can-mercader-festival"},"author":{"name":"Javi","@id":"https:\/\/www.todoheavymetal.com\/#\/schema\/person\/aa098e79c44b992ec2357a75883ed217"},"headline":"FECHA Y CARTEL DEL CAN MERCADER FESTIVAL","datePublished":"2019-06-12T19:04:27+00:00","mainEntityOfPage":{"@id":"https:\/\/www.todoheavymetal.com\/index.php\/noticias-del-mes\/fecha-y-cartel-del-can-mercader-festival"},"wordCount":73,"commentCount":0,"image":{"@id":"https:\/\/www.todoheavymetal.com\/index.php\/noticias-del-mes\/fecha-y-cartel-del-can-mercader-festival#primaryimage"},"thumbnailUrl":"https:\/\/scontent.fmad3-7.fna.fbcdn.net\/v\/t1.0-9\/61550879_10219167476487713_3633042471237189632_n.jpg?_nc_cat=103&amp;_nc_ht=scontent.fmad3-7.fna&amp;oh=32f838c9fbcffa482c8b8a103c220340&amp;oe=5D9B6779","keywords":["can mercader festival","heavy metal"],"articleSection":["Noticias del mes"],"inLanguage":"es","potentialAction":[{"@type":"CommentAction","name":"Comment","target":["https:\/\/www.todoheavymetal.com\/index.php\/noticias-del-mes\/fecha-y-cartel-del-can-mercader-festival#respond"]}]},{"@type":"WebPage","@id":"https:\/\/www.todoheavymetal.com\/index.php\/noticias-del-mes\/fecha-y-cartel-del-can-mercader-festival","url":"https:\/\/www.todoheavymetal.com\/index.php\/noticias-del-mes\/fecha-y-cartel-del-can-mercader-festival","name":"FECHA Y CARTEL DEL CAN MERCADER FESTIVAL - HEAVY METAL - NOTICIAS HEAVY METAL","isPartOf":{"@id":"https:\/\/www.todoheavymetal.com\/#website"},"primaryImageOfPage":{"@id":"https:\/\/www.todoheavymetal.com\/index.php\/noticias-del-mes\/fecha-y-cartel-del-can-mercader-festival#primaryimage"},"image":{"@id":"https:\/\/www.todoheavymetal.com\/index.php\/noticias-del-mes\/fecha-y-cartel-del-can-mercader-festival#primaryimage"},"thumbnailUrl":"https:\/\/scontent.fmad3-7.fna.fbcdn.net\/v\/t1.0-9\/61550879_10219167476487713_3633042471237189632_n.jpg?_nc_cat=103&amp;_nc_ht=scontent.fmad3-7.fna&amp;oh=32f838c9fbcffa482c8b8a103c220340&amp;oe=5D9B6779","datePublished":"2019-06-12T19:04:27+00:00","author":{"@id":"https:\/\/www.todoheavymetal.com\/#\/schema\/person\/aa098e79c44b992ec2357a75883ed217"},"breadcrumb":{"@id":"https:\/\/www.todoheavymetal.com\/index.php\/noticias-del-mes\/fecha-y-cartel-del-can-mercader-festival#breadcrumb"},"inLanguage":"es","potentialAction":[{"@type":"ReadAction","target":["https:\/\/www.todoheavymetal.com\/index.php\/noticias-del-mes\/fecha-y-cartel-del-can-mercader-festival"]}]},{"@type":"ImageObject","inLanguage":"es","@id":"https:\/\/www.todoheavymetal.com\/index.php\/noticias-del-mes\/fecha-y-cartel-del-can-mercader-festival#primaryimage","url":"https:\/\/scontent.fmad3-7.fna.fbcdn.net\/v\/t1.0-9\/61550879_10219167476487713_3633042471237189632_n.jpg?_nc_cat=103&amp;_nc_ht=scontent.fmad3-7.fna&amp;oh=32f838c9fbcffa482c8b8a103c220340&amp;oe=5D9B6779","contentUrl":"https:\/\/scontent.fmad3-7.fna.fbcdn.net\/v\/t1.0-9\/61550879_10219167476487713_3633042471237189632_n.jpg?_nc_cat=103&amp;_nc_ht=scontent.fmad3-7.fna&amp;oh=32f838c9fbcffa482c8b8a103c220340&amp;oe=5D9B6779"},{"@type":"BreadcrumbList","@id":"https:\/\/www.todoheavymetal.com\/index.php\/noticias-del-mes\/fecha-y-cartel-del-can-mercader-festival#breadcrumb","itemListElement":[{"@type":"ListItem","position":1,"name":"Portada","item":"https:\/\/www.todoheavymetal.com\/"},{"@type":"ListItem","position":2,"name":"FECHA Y CARTEL DEL CAN MERCADER FESTIVAL"}]},{"@type":"WebSite","@id":"https:\/\/www.todoheavymetal.com\/#website","url":"https:\/\/www.todoheavymetal.com\/","name":"todoheavymetal.com","description":"heavy metal - noticias heavy metal - todoheavymetal","potentialAction":[{"@type":"SearchAction","target":{"@type":"EntryPoint","urlTemplate":"https:\/\/www.todoheavymetal.com\/?s={search_term_string}"},"query-input":{"@type":"PropertyValueSpecification","valueRequired":true,"valueName":"search_term_string"}}],"inLanguage":"es"},{"@type":"Person","@id":"https:\/\/www.todoheavymetal.com\/#\/schema\/person\/aa098e79c44b992ec2357a75883ed217","name":"Javi","image":{"@type":"ImageObject","inLanguage":"es","@id":"https:\/\/secure.gravatar.com\/avatar\/ad9699b1143ed4017d23ce58fa9d83e0375bd1368122b157550ad77cd28bdfdf?s=96&d=monsterid&r=g","url":"https:\/\/secure.gravatar.com\/avatar\/ad9699b1143ed4017d23ce58fa9d83e0375bd1368122b157550ad77cd28bdfdf?s=96&d=monsterid&r=g","contentUrl":"https:\/\/secure.gravatar.com\/avatar\/ad9699b1143ed4017d23ce58fa9d83e0375bd1368122b157550ad77cd28bdfdf?s=96&d=monsterid&r=g","caption":"Javi"},"url":"https:\/\/www.todoheavymetal.com\/index.php\/author\/javipelos"}]}},"_links":{"self":[{"href":"https:\/\/www.todoheavymetal.com\/index.php\/wp-json\/wp\/v2\/posts\/68258","targetHints":{"allow":["GET"]}}],"collection":[{"href":"https:\/\/www.todoheavymetal.com\/index.php\/wp-json\/wp\/v2\/posts"}],"about":[{"href":"https:\/\/www.todoheavymetal.com\/index.php\/wp-json\/wp\/v2\/types\/post"}],"author":[{"embeddable":true,"href":"https:\/\/www.todoheavymetal.com\/index.php\/wp-json\/wp\/v2\/users\/4"}],"replies":[{"embeddable":true,"href":"https:\/\/www.todoheavymetal.com\/index.php\/wp-json\/wp\/v2\/comments?post=68258"}],"version-history":[{"count":1,"href":"https:\/\/www.todoheavymetal.com\/index.php\/wp-json\/wp\/v2\/posts\/68258\/revisions"}],"predecessor-version":[{"id":68260,"href":"https:\/\/www.todoheavymetal.com\/index.php\/wp-json\/wp\/v2\/posts\/68258\/revisions\/68260"}],"wp:attachment":[{"href":"https:\/\/www.todoheavymetal.com\/index.php\/wp-json\/wp\/v2\/media?parent=68258"}],"wp:term":[{"taxonomy":"category","embeddable":true,"href":"https:\/\/www.todoheavymetal.com\/index.php\/wp-json\/wp\/v2\/categories?post=68258"},{"taxonomy":"post_tag","embeddable":true,"href":"https:\/\/www.todoheavymetal.com\/index.php\/wp-json\/wp\/v2\/tags?post=68258"}],"curies":[{"name":"wp","href":"https:\/\/api.w.org\/{rel}","templated":true}]}}