{"id":66150,"date":"2019-03-05T18:25:41","date_gmt":"2019-03-05T17:25:41","guid":{"rendered":"http:\/\/www.todoheavymetal.com\/?p=66150"},"modified":"2019-03-05T12:42:05","modified_gmt":"2019-03-05T11:42:05","slug":"el-leyendas-anuncia-su-segundo-cabeza-de-cartel","status":"publish","type":"post","link":"https:\/\/www.todoheavymetal.com\/index.php\/noticias-del-mes\/el-leyendas-anuncia-su-segundo-cabeza-de-cartel","title":{"rendered":"EL LEYENDAS ANUNCIA SU SEGUNDO CABEZA DE CARTEL"},"content":{"rendered":"<p style=\"text-align: justify;\">THIN LIZZY es el segundo cabeza de cartel del <em>Leyendas del Rock 2019<\/em>.<\/p>\n<p style=\"text-align: justify;\">\u201c<em>La m\u00edtica formaci\u00f3n Thin Lizzy, iconos universales del hard rock, con influencias de blues, rock celta y de la m\u00fasica tradicional irlandesa, ser\u00e1 uno de los cabezas de cartel del festival Leyendas del Rock, a celebrar los d\u00edas 7, 8, 9 y 10 de agosto en Villena, Alicante. La actuaci\u00f3n est\u00e1 encuadrada en la celebraci\u00f3n de su 50 aniversa<\/em>rio y es, hasta el momento, su \u00fanica presencia en todo el continente europeo en 2019.<\/p>\n<p style=\"text-align: justify;\"><em>Scott Gorham, guitarra y l\u00edder de la formaci\u00f3n en la actualidad, estar\u00e1 acompa\u00f1ado de una potent\u00edsima banda: Darren Wharton, teclados; Ricky Warwick, otrora l\u00edder de The Almighty, a la voz; Scott Travis, en Judas Priest desde 1989, a la bater\u00eda; y Damon Johnson al bajo. En definitiva, la alineaci\u00f3n m\u00e1s solvente de cara interpretar en directo las grandes composiciones repletas de melancol\u00eda y sabor a\u00f1ejo que en su d\u00eda dejaron cinceladas Phil Lynott, Eric Bell, Gary Moore, Brian Downey, Brian Robertson y John Sykes, entre otros grandes m\u00fasicos\u201d.<\/em><\/p>\n<p style=\"text-align: justify;\">Por el momento el cartel de 14\u00aa edici\u00f3n del\u00a0<em>Leyendas <\/em>del Rock\u00a0se completa con\u00a0AIRBOURNE, APOCALYPTICA, AVALANCH, AVATAR, BADANA, BEAST IN BLACK, BELLA BESTIA, BRAINSTORM, BURNING WITCHES, CANDLEMASS, CRADLE OF FILTH, CRISIX, CRUACHAN, DARK MOOR (1\u00aa vez en el\u00a0Leyendas), DEBLER, DECAPITATED, DEE SNIDER, DEICIDE, DELAIN,\u00a0DIE APOKALYPTISCHEN REITER, DRY RIVER, ELUVEITIVE, FLOTSAM &amp; JETSAM, GLORYHAMMER, HAMMERFALL, JOS\u00c9 ANDR\u00cbA UR\u00d3BOROS, KILLCODE, KOMA, LACUNA COIL, L\u00c8POKA, LORDS OF BLACK, LUJURIA, MEDINA AZAHARA, MEGARA, METAL CHURCH, MIND DRILLER, MOJINOS ESCOZIOS, PESTILENCE, POWER QUEST, RATA BLANCA, ROSE TATTOO, SARATOGA, SAUROM, SHERPA, SOMAS CURE, THE LAZYS, TIERRA SANTA, UNEARTH,\u00a0UNLEASHED y WARCRY.<\/p>\n<p style=\"text-align: justify;\">Los abonos para los cuatro d\u00edas del festival los puedes comprar en la p\u00e1gina web del festival (www.leyendasdelrockfestival.com) y en toda la red ticketmaster (fnac, Carrefour, Halc\u00f3n Viajes) al precio de 100\u20ac +gastos.<\/p>\n<p style=\"text-align: justify;\">Os recuerdo que el festival se celebrar\u00e1 en el Polideportivo Municipal de Villena (Alicante) durante los d\u00edas 7, 8, 9 y 10 de agosto de 2019.<\/p>\n<p><img loading=\"lazy\" decoding=\"async\" class=\"aligncenter \" src=\"https:\/\/scontent.fmad3-6.fna.fbcdn.net\/v\/t1.0-9\/53077619_2109743665775328_9188103839889227776_n.jpg?_nc_cat=111&amp;_nc_ht=scontent.fmad3-6.fna&amp;oh=41bcabe4e68b4413fa19aa68b0d59632&amp;oe=5D116485\" width=\"555\" height=\"371\" \/><\/p>\n","protected":false},"excerpt":{"rendered":"<p>THIN LIZZY es el segundo cabeza de cartel del Leyendas del Rock 2019. \u201cLa m\u00edtica formaci\u00f3n Thin Lizzy, iconos universales del hard rock, con influencias de blues, rock celta y de la m\u00fasica tradicional irlandesa, ser\u00e1 uno de los cabezas de cartel del festival Leyendas del Rock, a celebrar los d\u00edas 7, 8, 9 y [&hellip;]<\/p>\n","protected":false},"author":4,"featured_media":0,"comment_status":"open","ping_status":"open","sticky":false,"template":"","format":"standard","meta":{"footnotes":""},"categories":[8],"tags":[4,742,28176],"class_list":["post-66150","post","type-post","status-publish","format-standard","hentry","category-noticias-del-mes","tag-heavy-metal","tag-leyendas-del-rock","tag-leyendas-del-rock-2019"],"yoast_head":"<!-- This site is optimized with the Yoast SEO plugin v27.5 - https:\/\/yoast.com\/product\/yoast-seo-wordpress\/ -->\n<title>EL LEYENDAS ANUNCIA SU SEGUNDO CABEZA DE CARTEL - HEAVY METAL - NOTICIAS HEAVY METAL<\/title>\n<meta name=\"robots\" content=\"index, follow, max-snippet:-1, max-image-preview:large, max-video-preview:-1\" \/>\n<link rel=\"canonical\" href=\"https:\/\/www.todoheavymetal.com\/index.php\/noticias-del-mes\/el-leyendas-anuncia-su-segundo-cabeza-de-cartel\" \/>\n<meta property=\"og:locale\" content=\"es_ES\" \/>\n<meta property=\"og:type\" content=\"article\" \/>\n<meta property=\"og:title\" content=\"EL LEYENDAS ANUNCIA SU SEGUNDO CABEZA DE CARTEL - HEAVY METAL - NOTICIAS HEAVY METAL\" \/>\n<meta property=\"og:description\" content=\"THIN LIZZY es el segundo cabeza de cartel del Leyendas del Rock 2019. \u201cLa m\u00edtica formaci\u00f3n Thin Lizzy, iconos universales del hard rock, con influencias de blues, rock celta y de la m\u00fasica tradicional irlandesa, ser\u00e1 uno de los cabezas de cartel del festival Leyendas del Rock, a celebrar los d\u00edas 7, 8, 9 y [&hellip;]\" \/>\n<meta property=\"og:url\" content=\"https:\/\/www.todoheavymetal.com\/index.php\/noticias-del-mes\/el-leyendas-anuncia-su-segundo-cabeza-de-cartel\" \/>\n<meta property=\"og:site_name\" content=\"HEAVY METAL - NOTICIAS HEAVY METAL\" \/>\n<meta property=\"article:publisher\" content=\"https:\/\/www.facebook.com\/todoheavymetal\/\" \/>\n<meta property=\"article:published_time\" content=\"2019-03-05T17:25:41+00:00\" \/>\n<meta property=\"og:image\" content=\"https:\/\/scontent.fmad3-6.fna.fbcdn.net\/v\/t1.0-9\/53077619_2109743665775328_9188103839889227776_n.jpg?_nc_cat=111&amp;_nc_ht=scontent.fmad3-6.fna&amp;oh=41bcabe4e68b4413fa19aa68b0d59632&amp;oe=5D116485\" \/>\n<meta name=\"author\" content=\"Javi\" \/>\n<meta name=\"twitter:card\" content=\"summary_large_image\" \/>\n<meta name=\"twitter:creator\" content=\"@todoheavymetal\" \/>\n<meta name=\"twitter:site\" content=\"@todoheavymetal\" \/>\n<meta name=\"twitter:label1\" content=\"Escrito por\" \/>\n\t<meta name=\"twitter:data1\" content=\"Javi\" \/>\n\t<meta name=\"twitter:label2\" content=\"Tiempo de lectura\" \/>\n\t<meta name=\"twitter:data2\" content=\"2 minutos\" \/>\n<script type=\"application\/ld+json\" class=\"yoast-schema-graph\">{\"@context\":\"https:\\\/\\\/schema.org\",\"@graph\":[{\"@type\":\"Article\",\"@id\":\"https:\\\/\\\/www.todoheavymetal.com\\\/index.php\\\/noticias-del-mes\\\/el-leyendas-anuncia-su-segundo-cabeza-de-cartel#article\",\"isPartOf\":{\"@id\":\"https:\\\/\\\/www.todoheavymetal.com\\\/index.php\\\/noticias-del-mes\\\/el-leyendas-anuncia-su-segundo-cabeza-de-cartel\"},\"author\":{\"name\":\"Javi\",\"@id\":\"https:\\\/\\\/www.todoheavymetal.com\\\/#\\\/schema\\\/person\\\/aa098e79c44b992ec2357a75883ed217\"},\"headline\":\"EL LEYENDAS ANUNCIA SU SEGUNDO CABEZA DE CARTEL\",\"datePublished\":\"2019-03-05T17:25:41+00:00\",\"mainEntityOfPage\":{\"@id\":\"https:\\\/\\\/www.todoheavymetal.com\\\/index.php\\\/noticias-del-mes\\\/el-leyendas-anuncia-su-segundo-cabeza-de-cartel\"},\"wordCount\":353,\"commentCount\":0,\"image\":{\"@id\":\"https:\\\/\\\/www.todoheavymetal.com\\\/index.php\\\/noticias-del-mes\\\/el-leyendas-anuncia-su-segundo-cabeza-de-cartel#primaryimage\"},\"thumbnailUrl\":\"https:\\\/\\\/scontent.fmad3-6.fna.fbcdn.net\\\/v\\\/t1.0-9\\\/53077619_2109743665775328_9188103839889227776_n.jpg?_nc_cat=111&amp;_nc_ht=scontent.fmad3-6.fna&amp;oh=41bcabe4e68b4413fa19aa68b0d59632&amp;oe=5D116485\",\"keywords\":[\"heavy metal\",\"leyendas del rock\",\"leyendas del rock 2019\"],\"articleSection\":[\"Noticias del mes\"],\"inLanguage\":\"es\",\"potentialAction\":[{\"@type\":\"CommentAction\",\"name\":\"Comment\",\"target\":[\"https:\\\/\\\/www.todoheavymetal.com\\\/index.php\\\/noticias-del-mes\\\/el-leyendas-anuncia-su-segundo-cabeza-de-cartel#respond\"]}]},{\"@type\":\"WebPage\",\"@id\":\"https:\\\/\\\/www.todoheavymetal.com\\\/index.php\\\/noticias-del-mes\\\/el-leyendas-anuncia-su-segundo-cabeza-de-cartel\",\"url\":\"https:\\\/\\\/www.todoheavymetal.com\\\/index.php\\\/noticias-del-mes\\\/el-leyendas-anuncia-su-segundo-cabeza-de-cartel\",\"name\":\"EL LEYENDAS ANUNCIA SU SEGUNDO CABEZA DE CARTEL - HEAVY METAL - NOTICIAS HEAVY METAL\",\"isPartOf\":{\"@id\":\"https:\\\/\\\/www.todoheavymetal.com\\\/#website\"},\"primaryImageOfPage\":{\"@id\":\"https:\\\/\\\/www.todoheavymetal.com\\\/index.php\\\/noticias-del-mes\\\/el-leyendas-anuncia-su-segundo-cabeza-de-cartel#primaryimage\"},\"image\":{\"@id\":\"https:\\\/\\\/www.todoheavymetal.com\\\/index.php\\\/noticias-del-mes\\\/el-leyendas-anuncia-su-segundo-cabeza-de-cartel#primaryimage\"},\"thumbnailUrl\":\"https:\\\/\\\/scontent.fmad3-6.fna.fbcdn.net\\\/v\\\/t1.0-9\\\/53077619_2109743665775328_9188103839889227776_n.jpg?_nc_cat=111&amp;_nc_ht=scontent.fmad3-6.fna&amp;oh=41bcabe4e68b4413fa19aa68b0d59632&amp;oe=5D116485\",\"datePublished\":\"2019-03-05T17:25:41+00:00\",\"author\":{\"@id\":\"https:\\\/\\\/www.todoheavymetal.com\\\/#\\\/schema\\\/person\\\/aa098e79c44b992ec2357a75883ed217\"},\"breadcrumb\":{\"@id\":\"https:\\\/\\\/www.todoheavymetal.com\\\/index.php\\\/noticias-del-mes\\\/el-leyendas-anuncia-su-segundo-cabeza-de-cartel#breadcrumb\"},\"inLanguage\":\"es\",\"potentialAction\":[{\"@type\":\"ReadAction\",\"target\":[\"https:\\\/\\\/www.todoheavymetal.com\\\/index.php\\\/noticias-del-mes\\\/el-leyendas-anuncia-su-segundo-cabeza-de-cartel\"]}]},{\"@type\":\"ImageObject\",\"inLanguage\":\"es\",\"@id\":\"https:\\\/\\\/www.todoheavymetal.com\\\/index.php\\\/noticias-del-mes\\\/el-leyendas-anuncia-su-segundo-cabeza-de-cartel#primaryimage\",\"url\":\"https:\\\/\\\/scontent.fmad3-6.fna.fbcdn.net\\\/v\\\/t1.0-9\\\/53077619_2109743665775328_9188103839889227776_n.jpg?_nc_cat=111&amp;_nc_ht=scontent.fmad3-6.fna&amp;oh=41bcabe4e68b4413fa19aa68b0d59632&amp;oe=5D116485\",\"contentUrl\":\"https:\\\/\\\/scontent.fmad3-6.fna.fbcdn.net\\\/v\\\/t1.0-9\\\/53077619_2109743665775328_9188103839889227776_n.jpg?_nc_cat=111&amp;_nc_ht=scontent.fmad3-6.fna&amp;oh=41bcabe4e68b4413fa19aa68b0d59632&amp;oe=5D116485\"},{\"@type\":\"BreadcrumbList\",\"@id\":\"https:\\\/\\\/www.todoheavymetal.com\\\/index.php\\\/noticias-del-mes\\\/el-leyendas-anuncia-su-segundo-cabeza-de-cartel#breadcrumb\",\"itemListElement\":[{\"@type\":\"ListItem\",\"position\":1,\"name\":\"Portada\",\"item\":\"https:\\\/\\\/www.todoheavymetal.com\\\/\"},{\"@type\":\"ListItem\",\"position\":2,\"name\":\"EL LEYENDAS ANUNCIA SU SEGUNDO CABEZA DE CARTEL\"}]},{\"@type\":\"WebSite\",\"@id\":\"https:\\\/\\\/www.todoheavymetal.com\\\/#website\",\"url\":\"https:\\\/\\\/www.todoheavymetal.com\\\/\",\"name\":\"todoheavymetal.com\",\"description\":\"heavy metal - noticias heavy metal - todoheavymetal\",\"potentialAction\":[{\"@type\":\"SearchAction\",\"target\":{\"@type\":\"EntryPoint\",\"urlTemplate\":\"https:\\\/\\\/www.todoheavymetal.com\\\/?s={search_term_string}\"},\"query-input\":{\"@type\":\"PropertyValueSpecification\",\"valueRequired\":true,\"valueName\":\"search_term_string\"}}],\"inLanguage\":\"es\"},{\"@type\":\"Person\",\"@id\":\"https:\\\/\\\/www.todoheavymetal.com\\\/#\\\/schema\\\/person\\\/aa098e79c44b992ec2357a75883ed217\",\"name\":\"Javi\",\"image\":{\"@type\":\"ImageObject\",\"inLanguage\":\"es\",\"@id\":\"https:\\\/\\\/secure.gravatar.com\\\/avatar\\\/ad9699b1143ed4017d23ce58fa9d83e0375bd1368122b157550ad77cd28bdfdf?s=96&d=monsterid&r=g\",\"url\":\"https:\\\/\\\/secure.gravatar.com\\\/avatar\\\/ad9699b1143ed4017d23ce58fa9d83e0375bd1368122b157550ad77cd28bdfdf?s=96&d=monsterid&r=g\",\"contentUrl\":\"https:\\\/\\\/secure.gravatar.com\\\/avatar\\\/ad9699b1143ed4017d23ce58fa9d83e0375bd1368122b157550ad77cd28bdfdf?s=96&d=monsterid&r=g\",\"caption\":\"Javi\"},\"url\":\"https:\\\/\\\/www.todoheavymetal.com\\\/index.php\\\/author\\\/javipelos\"}]}<\/script>\n<!-- \/ Yoast SEO plugin. -->","yoast_head_json":{"title":"EL LEYENDAS ANUNCIA SU SEGUNDO CABEZA DE CARTEL - HEAVY METAL - NOTICIAS HEAVY METAL","robots":{"index":"index","follow":"follow","max-snippet":"max-snippet:-1","max-image-preview":"max-image-preview:large","max-video-preview":"max-video-preview:-1"},"canonical":"https:\/\/www.todoheavymetal.com\/index.php\/noticias-del-mes\/el-leyendas-anuncia-su-segundo-cabeza-de-cartel","og_locale":"es_ES","og_type":"article","og_title":"EL LEYENDAS ANUNCIA SU SEGUNDO CABEZA DE CARTEL - HEAVY METAL - NOTICIAS HEAVY METAL","og_description":"THIN LIZZY es el segundo cabeza de cartel del Leyendas del Rock 2019. \u201cLa m\u00edtica formaci\u00f3n Thin Lizzy, iconos universales del hard rock, con influencias de blues, rock celta y de la m\u00fasica tradicional irlandesa, ser\u00e1 uno de los cabezas de cartel del festival Leyendas del Rock, a celebrar los d\u00edas 7, 8, 9 y [&hellip;]","og_url":"https:\/\/www.todoheavymetal.com\/index.php\/noticias-del-mes\/el-leyendas-anuncia-su-segundo-cabeza-de-cartel","og_site_name":"HEAVY METAL - NOTICIAS HEAVY METAL","article_publisher":"https:\/\/www.facebook.com\/todoheavymetal\/","article_published_time":"2019-03-05T17:25:41+00:00","og_image":[{"url":"https:\/\/scontent.fmad3-6.fna.fbcdn.net\/v\/t1.0-9\/53077619_2109743665775328_9188103839889227776_n.jpg?_nc_cat=111&amp;_nc_ht=scontent.fmad3-6.fna&amp;oh=41bcabe4e68b4413fa19aa68b0d59632&amp;oe=5D116485","type":"","width":"","height":""}],"author":"Javi","twitter_card":"summary_large_image","twitter_creator":"@todoheavymetal","twitter_site":"@todoheavymetal","twitter_misc":{"Escrito por":"Javi","Tiempo de lectura":"2 minutos"},"schema":{"@context":"https:\/\/schema.org","@graph":[{"@type":"Article","@id":"https:\/\/www.todoheavymetal.com\/index.php\/noticias-del-mes\/el-leyendas-anuncia-su-segundo-cabeza-de-cartel#article","isPartOf":{"@id":"https:\/\/www.todoheavymetal.com\/index.php\/noticias-del-mes\/el-leyendas-anuncia-su-segundo-cabeza-de-cartel"},"author":{"name":"Javi","@id":"https:\/\/www.todoheavymetal.com\/#\/schema\/person\/aa098e79c44b992ec2357a75883ed217"},"headline":"EL LEYENDAS ANUNCIA SU SEGUNDO CABEZA DE CARTEL","datePublished":"2019-03-05T17:25:41+00:00","mainEntityOfPage":{"@id":"https:\/\/www.todoheavymetal.com\/index.php\/noticias-del-mes\/el-leyendas-anuncia-su-segundo-cabeza-de-cartel"},"wordCount":353,"commentCount":0,"image":{"@id":"https:\/\/www.todoheavymetal.com\/index.php\/noticias-del-mes\/el-leyendas-anuncia-su-segundo-cabeza-de-cartel#primaryimage"},"thumbnailUrl":"https:\/\/scontent.fmad3-6.fna.fbcdn.net\/v\/t1.0-9\/53077619_2109743665775328_9188103839889227776_n.jpg?_nc_cat=111&amp;_nc_ht=scontent.fmad3-6.fna&amp;oh=41bcabe4e68b4413fa19aa68b0d59632&amp;oe=5D116485","keywords":["heavy metal","leyendas del rock","leyendas del rock 2019"],"articleSection":["Noticias del mes"],"inLanguage":"es","potentialAction":[{"@type":"CommentAction","name":"Comment","target":["https:\/\/www.todoheavymetal.com\/index.php\/noticias-del-mes\/el-leyendas-anuncia-su-segundo-cabeza-de-cartel#respond"]}]},{"@type":"WebPage","@id":"https:\/\/www.todoheavymetal.com\/index.php\/noticias-del-mes\/el-leyendas-anuncia-su-segundo-cabeza-de-cartel","url":"https:\/\/www.todoheavymetal.com\/index.php\/noticias-del-mes\/el-leyendas-anuncia-su-segundo-cabeza-de-cartel","name":"EL LEYENDAS ANUNCIA SU SEGUNDO CABEZA DE CARTEL - HEAVY METAL - NOTICIAS HEAVY METAL","isPartOf":{"@id":"https:\/\/www.todoheavymetal.com\/#website"},"primaryImageOfPage":{"@id":"https:\/\/www.todoheavymetal.com\/index.php\/noticias-del-mes\/el-leyendas-anuncia-su-segundo-cabeza-de-cartel#primaryimage"},"image":{"@id":"https:\/\/www.todoheavymetal.com\/index.php\/noticias-del-mes\/el-leyendas-anuncia-su-segundo-cabeza-de-cartel#primaryimage"},"thumbnailUrl":"https:\/\/scontent.fmad3-6.fna.fbcdn.net\/v\/t1.0-9\/53077619_2109743665775328_9188103839889227776_n.jpg?_nc_cat=111&amp;_nc_ht=scontent.fmad3-6.fna&amp;oh=41bcabe4e68b4413fa19aa68b0d59632&amp;oe=5D116485","datePublished":"2019-03-05T17:25:41+00:00","author":{"@id":"https:\/\/www.todoheavymetal.com\/#\/schema\/person\/aa098e79c44b992ec2357a75883ed217"},"breadcrumb":{"@id":"https:\/\/www.todoheavymetal.com\/index.php\/noticias-del-mes\/el-leyendas-anuncia-su-segundo-cabeza-de-cartel#breadcrumb"},"inLanguage":"es","potentialAction":[{"@type":"ReadAction","target":["https:\/\/www.todoheavymetal.com\/index.php\/noticias-del-mes\/el-leyendas-anuncia-su-segundo-cabeza-de-cartel"]}]},{"@type":"ImageObject","inLanguage":"es","@id":"https:\/\/www.todoheavymetal.com\/index.php\/noticias-del-mes\/el-leyendas-anuncia-su-segundo-cabeza-de-cartel#primaryimage","url":"https:\/\/scontent.fmad3-6.fna.fbcdn.net\/v\/t1.0-9\/53077619_2109743665775328_9188103839889227776_n.jpg?_nc_cat=111&amp;_nc_ht=scontent.fmad3-6.fna&amp;oh=41bcabe4e68b4413fa19aa68b0d59632&amp;oe=5D116485","contentUrl":"https:\/\/scontent.fmad3-6.fna.fbcdn.net\/v\/t1.0-9\/53077619_2109743665775328_9188103839889227776_n.jpg?_nc_cat=111&amp;_nc_ht=scontent.fmad3-6.fna&amp;oh=41bcabe4e68b4413fa19aa68b0d59632&amp;oe=5D116485"},{"@type":"BreadcrumbList","@id":"https:\/\/www.todoheavymetal.com\/index.php\/noticias-del-mes\/el-leyendas-anuncia-su-segundo-cabeza-de-cartel#breadcrumb","itemListElement":[{"@type":"ListItem","position":1,"name":"Portada","item":"https:\/\/www.todoheavymetal.com\/"},{"@type":"ListItem","position":2,"name":"EL LEYENDAS ANUNCIA SU SEGUNDO CABEZA DE CARTEL"}]},{"@type":"WebSite","@id":"https:\/\/www.todoheavymetal.com\/#website","url":"https:\/\/www.todoheavymetal.com\/","name":"todoheavymetal.com","description":"heavy metal - noticias heavy metal - todoheavymetal","potentialAction":[{"@type":"SearchAction","target":{"@type":"EntryPoint","urlTemplate":"https:\/\/www.todoheavymetal.com\/?s={search_term_string}"},"query-input":{"@type":"PropertyValueSpecification","valueRequired":true,"valueName":"search_term_string"}}],"inLanguage":"es"},{"@type":"Person","@id":"https:\/\/www.todoheavymetal.com\/#\/schema\/person\/aa098e79c44b992ec2357a75883ed217","name":"Javi","image":{"@type":"ImageObject","inLanguage":"es","@id":"https:\/\/secure.gravatar.com\/avatar\/ad9699b1143ed4017d23ce58fa9d83e0375bd1368122b157550ad77cd28bdfdf?s=96&d=monsterid&r=g","url":"https:\/\/secure.gravatar.com\/avatar\/ad9699b1143ed4017d23ce58fa9d83e0375bd1368122b157550ad77cd28bdfdf?s=96&d=monsterid&r=g","contentUrl":"https:\/\/secure.gravatar.com\/avatar\/ad9699b1143ed4017d23ce58fa9d83e0375bd1368122b157550ad77cd28bdfdf?s=96&d=monsterid&r=g","caption":"Javi"},"url":"https:\/\/www.todoheavymetal.com\/index.php\/author\/javipelos"}]}},"_links":{"self":[{"href":"https:\/\/www.todoheavymetal.com\/index.php\/wp-json\/wp\/v2\/posts\/66150","targetHints":{"allow":["GET"]}}],"collection":[{"href":"https:\/\/www.todoheavymetal.com\/index.php\/wp-json\/wp\/v2\/posts"}],"about":[{"href":"https:\/\/www.todoheavymetal.com\/index.php\/wp-json\/wp\/v2\/types\/post"}],"author":[{"embeddable":true,"href":"https:\/\/www.todoheavymetal.com\/index.php\/wp-json\/wp\/v2\/users\/4"}],"replies":[{"embeddable":true,"href":"https:\/\/www.todoheavymetal.com\/index.php\/wp-json\/wp\/v2\/comments?post=66150"}],"version-history":[{"count":1,"href":"https:\/\/www.todoheavymetal.com\/index.php\/wp-json\/wp\/v2\/posts\/66150\/revisions"}],"predecessor-version":[{"id":66152,"href":"https:\/\/www.todoheavymetal.com\/index.php\/wp-json\/wp\/v2\/posts\/66150\/revisions\/66152"}],"wp:attachment":[{"href":"https:\/\/www.todoheavymetal.com\/index.php\/wp-json\/wp\/v2\/media?parent=66150"}],"wp:term":[{"taxonomy":"category","embeddable":true,"href":"https:\/\/www.todoheavymetal.com\/index.php\/wp-json\/wp\/v2\/categories?post=66150"},{"taxonomy":"post_tag","embeddable":true,"href":"https:\/\/www.todoheavymetal.com\/index.php\/wp-json\/wp\/v2\/tags?post=66150"}],"curies":[{"name":"wp","href":"https:\/\/api.w.org\/{rel}","templated":true}]}}