{"id":65503,"date":"2019-02-06T17:07:05","date_gmt":"2019-02-06T16:07:05","guid":{"rendered":"http:\/\/www.todoheavymetal.com\/?p=65503"},"modified":"2019-02-06T14:00:57","modified_gmt":"2019-02-06T13:00:57","slug":"nueva-incorporacion-al-leyendas-del-rock","status":"publish","type":"post","link":"https:\/\/www.todoheavymetal.com\/index.php\/noticias-del-mes\/nueva-incorporacion-al-leyendas-del-rock","title":{"rendered":"NUEVA INCORPORACI\u00d3N AL LEYENDAS DEL ROCK"},"content":{"rendered":"<p style=\"text-align: justify;\">Los asturianos WARCRY, una de las bandas cl\u00e1sicas del <em>Leyendas del Rock<\/em>, se incorporan a su cartel de esta nueva edici\u00f3n.<\/p>\n<p style=\"text-align: justify;\">Os recuerdo que el festival se celebrar\u00e1 en el Polideportivo Municipal de Villena (Alicante) durante los d\u00edas 7, 8, 9 y 10 de agosto de 2019.<\/p>\n<p style=\"text-align: justify;\">Por el momento el cartel de 14\u00aa edici\u00f3n del\u00a0<em>Leyendas del Rock<\/em>\u00a0se completa con\u00a0AIRBOURNE, APOCALYPTICA, AVALANCH, AVATAR, BADANA, BELLA BESTIA, BRAINSTORM, BURNING WITCHES, CANDLEMASS, CRADLE OF FILTH, CRISIX, CRUACHAN, DARK MOOR (1\u00aa vez en el\u00a0Leyendas), DEBLER, DECAPITATED, DEE SNIDER, DEICIDE, DELAIN, DIE APOCALYPTISCHEN REITER, DRY RIVER, ELUVEITIVE, FLOTSAM &amp; JETSAM, GLORYHAMMER, HAMMERFALL, JOS\u00c9 ANDR\u00cbA UR\u00d3BOROS, KILLCODE, KOMA, LACUNA COIL, L\u00c8POKA, LORDS OF BLACK, LUJURIA, MEDINA AZAHARA, MEGARA, METAL CHURCH, MIND DRILLER, MOJINOS ESCOZIOS, PESTILENCE, POWER QUEST, RATA BLANCA, ROSE TATTOO, SARATOGA, SAUROM, SHERPA, SOMAS CURE, THE LAZYS, TIERRA SANTA, UNEARTH y UNLEASHED.<\/p>\n<p style=\"text-align: justify;\">Los abonos para los cuatro d\u00edas del festival los puedes comprar en la p\u00e1gina web del festival (www.leyendasdelrockfestival.com) y en toda la red ticketmaster (fnac, Carrefour, Halc\u00f3n Viajes) al precio de 100\u20ac +gastos.<\/p>\n<p><img loading=\"lazy\" decoding=\"async\" class=\"aligncenter \" src=\"https:\/\/scontent.fmad8-1.fna.fbcdn.net\/v\/t1.0-9\/51338561_2067443506672011_811344692586217472_n.jpg?_nc_cat=111&amp;_nc_ht=scontent.fmad8-1.fna&amp;oh=6db7837caf1c416b0b671b458a8450d4&amp;oe=5CEA72CE\" width=\"525\" height=\"350\" \/><\/p>\n","protected":false},"excerpt":{"rendered":"<p>Los asturianos WARCRY, una de las bandas cl\u00e1sicas del Leyendas del Rock, se incorporan a su cartel de esta nueva edici\u00f3n. Os recuerdo que el festival se celebrar\u00e1 en el Polideportivo Municipal de Villena (Alicante) durante los d\u00edas 7, 8, 9 y 10 de agosto de 2019. Por el momento el cartel de 14\u00aa edici\u00f3n [&hellip;]<\/p>\n","protected":false},"author":4,"featured_media":0,"comment_status":"open","ping_status":"open","sticky":false,"template":"","format":"standard","meta":{"footnotes":""},"categories":[8],"tags":[4,28176],"class_list":["post-65503","post","type-post","status-publish","format-standard","hentry","category-noticias-del-mes","tag-heavy-metal","tag-leyendas-del-rock-2019"],"yoast_head":"<!-- This site is optimized with the Yoast SEO plugin v27.5 - https:\/\/yoast.com\/product\/yoast-seo-wordpress\/ -->\n<title>NUEVA INCORPORACI\u00d3N AL LEYENDAS DEL ROCK - HEAVY METAL - NOTICIAS HEAVY METAL<\/title>\n<meta name=\"robots\" content=\"index, follow, max-snippet:-1, max-image-preview:large, max-video-preview:-1\" \/>\n<link rel=\"canonical\" href=\"https:\/\/www.todoheavymetal.com\/index.php\/noticias-del-mes\/nueva-incorporacion-al-leyendas-del-rock\" \/>\n<meta property=\"og:locale\" content=\"es_ES\" \/>\n<meta property=\"og:type\" content=\"article\" \/>\n<meta property=\"og:title\" content=\"NUEVA INCORPORACI\u00d3N AL LEYENDAS DEL ROCK - HEAVY METAL - NOTICIAS HEAVY METAL\" \/>\n<meta property=\"og:description\" content=\"Los asturianos WARCRY, una de las bandas cl\u00e1sicas del Leyendas del Rock, se incorporan a su cartel de esta nueva edici\u00f3n. Os recuerdo que el festival se celebrar\u00e1 en el Polideportivo Municipal de Villena (Alicante) durante los d\u00edas 7, 8, 9 y 10 de agosto de 2019. Por el momento el cartel de 14\u00aa edici\u00f3n [&hellip;]\" \/>\n<meta property=\"og:url\" content=\"https:\/\/www.todoheavymetal.com\/index.php\/noticias-del-mes\/nueva-incorporacion-al-leyendas-del-rock\" \/>\n<meta property=\"og:site_name\" content=\"HEAVY METAL - NOTICIAS HEAVY METAL\" \/>\n<meta property=\"article:publisher\" content=\"https:\/\/www.facebook.com\/todoheavymetal\/\" \/>\n<meta property=\"article:published_time\" content=\"2019-02-06T16:07:05+00:00\" \/>\n<meta property=\"og:image\" content=\"https:\/\/scontent.fmad8-1.fna.fbcdn.net\/v\/t1.0-9\/51338561_2067443506672011_811344692586217472_n.jpg?_nc_cat=111&amp;_nc_ht=scontent.fmad8-1.fna&amp;oh=6db7837caf1c416b0b671b458a8450d4&amp;oe=5CEA72CE\" \/>\n<meta name=\"author\" content=\"Javi\" \/>\n<meta name=\"twitter:card\" content=\"summary_large_image\" \/>\n<meta name=\"twitter:creator\" content=\"@todoheavymetal\" \/>\n<meta name=\"twitter:site\" content=\"@todoheavymetal\" \/>\n<meta name=\"twitter:label1\" content=\"Escrito por\" \/>\n\t<meta name=\"twitter:data1\" content=\"Javi\" \/>\n\t<meta name=\"twitter:label2\" content=\"Tiempo de lectura\" \/>\n\t<meta name=\"twitter:data2\" content=\"1 minuto\" \/>\n<script type=\"application\/ld+json\" class=\"yoast-schema-graph\">{\"@context\":\"https:\\\/\\\/schema.org\",\"@graph\":[{\"@type\":\"Article\",\"@id\":\"https:\\\/\\\/www.todoheavymetal.com\\\/index.php\\\/noticias-del-mes\\\/nueva-incorporacion-al-leyendas-del-rock#article\",\"isPartOf\":{\"@id\":\"https:\\\/\\\/www.todoheavymetal.com\\\/index.php\\\/noticias-del-mes\\\/nueva-incorporacion-al-leyendas-del-rock\"},\"author\":{\"name\":\"Javi\",\"@id\":\"https:\\\/\\\/www.todoheavymetal.com\\\/#\\\/schema\\\/person\\\/aa098e79c44b992ec2357a75883ed217\"},\"headline\":\"NUEVA INCORPORACI\u00d3N AL LEYENDAS DEL ROCK\",\"datePublished\":\"2019-02-06T16:07:05+00:00\",\"mainEntityOfPage\":{\"@id\":\"https:\\\/\\\/www.todoheavymetal.com\\\/index.php\\\/noticias-del-mes\\\/nueva-incorporacion-al-leyendas-del-rock\"},\"wordCount\":186,\"commentCount\":0,\"image\":{\"@id\":\"https:\\\/\\\/www.todoheavymetal.com\\\/index.php\\\/noticias-del-mes\\\/nueva-incorporacion-al-leyendas-del-rock#primaryimage\"},\"thumbnailUrl\":\"https:\\\/\\\/scontent.fmad8-1.fna.fbcdn.net\\\/v\\\/t1.0-9\\\/51338561_2067443506672011_811344692586217472_n.jpg?_nc_cat=111&amp;_nc_ht=scontent.fmad8-1.fna&amp;oh=6db7837caf1c416b0b671b458a8450d4&amp;oe=5CEA72CE\",\"keywords\":[\"heavy metal\",\"leyendas del rock 2019\"],\"articleSection\":[\"Noticias del mes\"],\"inLanguage\":\"es\",\"potentialAction\":[{\"@type\":\"CommentAction\",\"name\":\"Comment\",\"target\":[\"https:\\\/\\\/www.todoheavymetal.com\\\/index.php\\\/noticias-del-mes\\\/nueva-incorporacion-al-leyendas-del-rock#respond\"]}]},{\"@type\":\"WebPage\",\"@id\":\"https:\\\/\\\/www.todoheavymetal.com\\\/index.php\\\/noticias-del-mes\\\/nueva-incorporacion-al-leyendas-del-rock\",\"url\":\"https:\\\/\\\/www.todoheavymetal.com\\\/index.php\\\/noticias-del-mes\\\/nueva-incorporacion-al-leyendas-del-rock\",\"name\":\"NUEVA INCORPORACI\u00d3N AL LEYENDAS DEL ROCK - HEAVY METAL - NOTICIAS HEAVY METAL\",\"isPartOf\":{\"@id\":\"https:\\\/\\\/www.todoheavymetal.com\\\/#website\"},\"primaryImageOfPage\":{\"@id\":\"https:\\\/\\\/www.todoheavymetal.com\\\/index.php\\\/noticias-del-mes\\\/nueva-incorporacion-al-leyendas-del-rock#primaryimage\"},\"image\":{\"@id\":\"https:\\\/\\\/www.todoheavymetal.com\\\/index.php\\\/noticias-del-mes\\\/nueva-incorporacion-al-leyendas-del-rock#primaryimage\"},\"thumbnailUrl\":\"https:\\\/\\\/scontent.fmad8-1.fna.fbcdn.net\\\/v\\\/t1.0-9\\\/51338561_2067443506672011_811344692586217472_n.jpg?_nc_cat=111&amp;_nc_ht=scontent.fmad8-1.fna&amp;oh=6db7837caf1c416b0b671b458a8450d4&amp;oe=5CEA72CE\",\"datePublished\":\"2019-02-06T16:07:05+00:00\",\"author\":{\"@id\":\"https:\\\/\\\/www.todoheavymetal.com\\\/#\\\/schema\\\/person\\\/aa098e79c44b992ec2357a75883ed217\"},\"breadcrumb\":{\"@id\":\"https:\\\/\\\/www.todoheavymetal.com\\\/index.php\\\/noticias-del-mes\\\/nueva-incorporacion-al-leyendas-del-rock#breadcrumb\"},\"inLanguage\":\"es\",\"potentialAction\":[{\"@type\":\"ReadAction\",\"target\":[\"https:\\\/\\\/www.todoheavymetal.com\\\/index.php\\\/noticias-del-mes\\\/nueva-incorporacion-al-leyendas-del-rock\"]}]},{\"@type\":\"ImageObject\",\"inLanguage\":\"es\",\"@id\":\"https:\\\/\\\/www.todoheavymetal.com\\\/index.php\\\/noticias-del-mes\\\/nueva-incorporacion-al-leyendas-del-rock#primaryimage\",\"url\":\"https:\\\/\\\/scontent.fmad8-1.fna.fbcdn.net\\\/v\\\/t1.0-9\\\/51338561_2067443506672011_811344692586217472_n.jpg?_nc_cat=111&amp;_nc_ht=scontent.fmad8-1.fna&amp;oh=6db7837caf1c416b0b671b458a8450d4&amp;oe=5CEA72CE\",\"contentUrl\":\"https:\\\/\\\/scontent.fmad8-1.fna.fbcdn.net\\\/v\\\/t1.0-9\\\/51338561_2067443506672011_811344692586217472_n.jpg?_nc_cat=111&amp;_nc_ht=scontent.fmad8-1.fna&amp;oh=6db7837caf1c416b0b671b458a8450d4&amp;oe=5CEA72CE\"},{\"@type\":\"BreadcrumbList\",\"@id\":\"https:\\\/\\\/www.todoheavymetal.com\\\/index.php\\\/noticias-del-mes\\\/nueva-incorporacion-al-leyendas-del-rock#breadcrumb\",\"itemListElement\":[{\"@type\":\"ListItem\",\"position\":1,\"name\":\"Portada\",\"item\":\"https:\\\/\\\/www.todoheavymetal.com\\\/\"},{\"@type\":\"ListItem\",\"position\":2,\"name\":\"NUEVA INCORPORACI\u00d3N AL LEYENDAS DEL ROCK\"}]},{\"@type\":\"WebSite\",\"@id\":\"https:\\\/\\\/www.todoheavymetal.com\\\/#website\",\"url\":\"https:\\\/\\\/www.todoheavymetal.com\\\/\",\"name\":\"todoheavymetal.com\",\"description\":\"heavy metal - noticias heavy metal - todoheavymetal\",\"potentialAction\":[{\"@type\":\"SearchAction\",\"target\":{\"@type\":\"EntryPoint\",\"urlTemplate\":\"https:\\\/\\\/www.todoheavymetal.com\\\/?s={search_term_string}\"},\"query-input\":{\"@type\":\"PropertyValueSpecification\",\"valueRequired\":true,\"valueName\":\"search_term_string\"}}],\"inLanguage\":\"es\"},{\"@type\":\"Person\",\"@id\":\"https:\\\/\\\/www.todoheavymetal.com\\\/#\\\/schema\\\/person\\\/aa098e79c44b992ec2357a75883ed217\",\"name\":\"Javi\",\"image\":{\"@type\":\"ImageObject\",\"inLanguage\":\"es\",\"@id\":\"https:\\\/\\\/secure.gravatar.com\\\/avatar\\\/ad9699b1143ed4017d23ce58fa9d83e0375bd1368122b157550ad77cd28bdfdf?s=96&d=monsterid&r=g\",\"url\":\"https:\\\/\\\/secure.gravatar.com\\\/avatar\\\/ad9699b1143ed4017d23ce58fa9d83e0375bd1368122b157550ad77cd28bdfdf?s=96&d=monsterid&r=g\",\"contentUrl\":\"https:\\\/\\\/secure.gravatar.com\\\/avatar\\\/ad9699b1143ed4017d23ce58fa9d83e0375bd1368122b157550ad77cd28bdfdf?s=96&d=monsterid&r=g\",\"caption\":\"Javi\"},\"url\":\"https:\\\/\\\/www.todoheavymetal.com\\\/index.php\\\/author\\\/javipelos\"}]}<\/script>\n<!-- \/ Yoast SEO plugin. -->","yoast_head_json":{"title":"NUEVA INCORPORACI\u00d3N AL LEYENDAS DEL ROCK - HEAVY METAL - NOTICIAS HEAVY METAL","robots":{"index":"index","follow":"follow","max-snippet":"max-snippet:-1","max-image-preview":"max-image-preview:large","max-video-preview":"max-video-preview:-1"},"canonical":"https:\/\/www.todoheavymetal.com\/index.php\/noticias-del-mes\/nueva-incorporacion-al-leyendas-del-rock","og_locale":"es_ES","og_type":"article","og_title":"NUEVA INCORPORACI\u00d3N AL LEYENDAS DEL ROCK - HEAVY METAL - NOTICIAS HEAVY METAL","og_description":"Los asturianos WARCRY, una de las bandas cl\u00e1sicas del Leyendas del Rock, se incorporan a su cartel de esta nueva edici\u00f3n. Os recuerdo que el festival se celebrar\u00e1 en el Polideportivo Municipal de Villena (Alicante) durante los d\u00edas 7, 8, 9 y 10 de agosto de 2019. Por el momento el cartel de 14\u00aa edici\u00f3n [&hellip;]","og_url":"https:\/\/www.todoheavymetal.com\/index.php\/noticias-del-mes\/nueva-incorporacion-al-leyendas-del-rock","og_site_name":"HEAVY METAL - NOTICIAS HEAVY METAL","article_publisher":"https:\/\/www.facebook.com\/todoheavymetal\/","article_published_time":"2019-02-06T16:07:05+00:00","og_image":[{"url":"https:\/\/scontent.fmad8-1.fna.fbcdn.net\/v\/t1.0-9\/51338561_2067443506672011_811344692586217472_n.jpg?_nc_cat=111&amp;_nc_ht=scontent.fmad8-1.fna&amp;oh=6db7837caf1c416b0b671b458a8450d4&amp;oe=5CEA72CE","type":"","width":"","height":""}],"author":"Javi","twitter_card":"summary_large_image","twitter_creator":"@todoheavymetal","twitter_site":"@todoheavymetal","twitter_misc":{"Escrito por":"Javi","Tiempo de lectura":"1 minuto"},"schema":{"@context":"https:\/\/schema.org","@graph":[{"@type":"Article","@id":"https:\/\/www.todoheavymetal.com\/index.php\/noticias-del-mes\/nueva-incorporacion-al-leyendas-del-rock#article","isPartOf":{"@id":"https:\/\/www.todoheavymetal.com\/index.php\/noticias-del-mes\/nueva-incorporacion-al-leyendas-del-rock"},"author":{"name":"Javi","@id":"https:\/\/www.todoheavymetal.com\/#\/schema\/person\/aa098e79c44b992ec2357a75883ed217"},"headline":"NUEVA INCORPORACI\u00d3N AL LEYENDAS DEL ROCK","datePublished":"2019-02-06T16:07:05+00:00","mainEntityOfPage":{"@id":"https:\/\/www.todoheavymetal.com\/index.php\/noticias-del-mes\/nueva-incorporacion-al-leyendas-del-rock"},"wordCount":186,"commentCount":0,"image":{"@id":"https:\/\/www.todoheavymetal.com\/index.php\/noticias-del-mes\/nueva-incorporacion-al-leyendas-del-rock#primaryimage"},"thumbnailUrl":"https:\/\/scontent.fmad8-1.fna.fbcdn.net\/v\/t1.0-9\/51338561_2067443506672011_811344692586217472_n.jpg?_nc_cat=111&amp;_nc_ht=scontent.fmad8-1.fna&amp;oh=6db7837caf1c416b0b671b458a8450d4&amp;oe=5CEA72CE","keywords":["heavy metal","leyendas del rock 2019"],"articleSection":["Noticias del mes"],"inLanguage":"es","potentialAction":[{"@type":"CommentAction","name":"Comment","target":["https:\/\/www.todoheavymetal.com\/index.php\/noticias-del-mes\/nueva-incorporacion-al-leyendas-del-rock#respond"]}]},{"@type":"WebPage","@id":"https:\/\/www.todoheavymetal.com\/index.php\/noticias-del-mes\/nueva-incorporacion-al-leyendas-del-rock","url":"https:\/\/www.todoheavymetal.com\/index.php\/noticias-del-mes\/nueva-incorporacion-al-leyendas-del-rock","name":"NUEVA INCORPORACI\u00d3N AL LEYENDAS DEL ROCK - HEAVY METAL - NOTICIAS HEAVY METAL","isPartOf":{"@id":"https:\/\/www.todoheavymetal.com\/#website"},"primaryImageOfPage":{"@id":"https:\/\/www.todoheavymetal.com\/index.php\/noticias-del-mes\/nueva-incorporacion-al-leyendas-del-rock#primaryimage"},"image":{"@id":"https:\/\/www.todoheavymetal.com\/index.php\/noticias-del-mes\/nueva-incorporacion-al-leyendas-del-rock#primaryimage"},"thumbnailUrl":"https:\/\/scontent.fmad8-1.fna.fbcdn.net\/v\/t1.0-9\/51338561_2067443506672011_811344692586217472_n.jpg?_nc_cat=111&amp;_nc_ht=scontent.fmad8-1.fna&amp;oh=6db7837caf1c416b0b671b458a8450d4&amp;oe=5CEA72CE","datePublished":"2019-02-06T16:07:05+00:00","author":{"@id":"https:\/\/www.todoheavymetal.com\/#\/schema\/person\/aa098e79c44b992ec2357a75883ed217"},"breadcrumb":{"@id":"https:\/\/www.todoheavymetal.com\/index.php\/noticias-del-mes\/nueva-incorporacion-al-leyendas-del-rock#breadcrumb"},"inLanguage":"es","potentialAction":[{"@type":"ReadAction","target":["https:\/\/www.todoheavymetal.com\/index.php\/noticias-del-mes\/nueva-incorporacion-al-leyendas-del-rock"]}]},{"@type":"ImageObject","inLanguage":"es","@id":"https:\/\/www.todoheavymetal.com\/index.php\/noticias-del-mes\/nueva-incorporacion-al-leyendas-del-rock#primaryimage","url":"https:\/\/scontent.fmad8-1.fna.fbcdn.net\/v\/t1.0-9\/51338561_2067443506672011_811344692586217472_n.jpg?_nc_cat=111&amp;_nc_ht=scontent.fmad8-1.fna&amp;oh=6db7837caf1c416b0b671b458a8450d4&amp;oe=5CEA72CE","contentUrl":"https:\/\/scontent.fmad8-1.fna.fbcdn.net\/v\/t1.0-9\/51338561_2067443506672011_811344692586217472_n.jpg?_nc_cat=111&amp;_nc_ht=scontent.fmad8-1.fna&amp;oh=6db7837caf1c416b0b671b458a8450d4&amp;oe=5CEA72CE"},{"@type":"BreadcrumbList","@id":"https:\/\/www.todoheavymetal.com\/index.php\/noticias-del-mes\/nueva-incorporacion-al-leyendas-del-rock#breadcrumb","itemListElement":[{"@type":"ListItem","position":1,"name":"Portada","item":"https:\/\/www.todoheavymetal.com\/"},{"@type":"ListItem","position":2,"name":"NUEVA INCORPORACI\u00d3N AL LEYENDAS DEL ROCK"}]},{"@type":"WebSite","@id":"https:\/\/www.todoheavymetal.com\/#website","url":"https:\/\/www.todoheavymetal.com\/","name":"todoheavymetal.com","description":"heavy metal - noticias heavy metal - todoheavymetal","potentialAction":[{"@type":"SearchAction","target":{"@type":"EntryPoint","urlTemplate":"https:\/\/www.todoheavymetal.com\/?s={search_term_string}"},"query-input":{"@type":"PropertyValueSpecification","valueRequired":true,"valueName":"search_term_string"}}],"inLanguage":"es"},{"@type":"Person","@id":"https:\/\/www.todoheavymetal.com\/#\/schema\/person\/aa098e79c44b992ec2357a75883ed217","name":"Javi","image":{"@type":"ImageObject","inLanguage":"es","@id":"https:\/\/secure.gravatar.com\/avatar\/ad9699b1143ed4017d23ce58fa9d83e0375bd1368122b157550ad77cd28bdfdf?s=96&d=monsterid&r=g","url":"https:\/\/secure.gravatar.com\/avatar\/ad9699b1143ed4017d23ce58fa9d83e0375bd1368122b157550ad77cd28bdfdf?s=96&d=monsterid&r=g","contentUrl":"https:\/\/secure.gravatar.com\/avatar\/ad9699b1143ed4017d23ce58fa9d83e0375bd1368122b157550ad77cd28bdfdf?s=96&d=monsterid&r=g","caption":"Javi"},"url":"https:\/\/www.todoheavymetal.com\/index.php\/author\/javipelos"}]}},"_links":{"self":[{"href":"https:\/\/www.todoheavymetal.com\/index.php\/wp-json\/wp\/v2\/posts\/65503","targetHints":{"allow":["GET"]}}],"collection":[{"href":"https:\/\/www.todoheavymetal.com\/index.php\/wp-json\/wp\/v2\/posts"}],"about":[{"href":"https:\/\/www.todoheavymetal.com\/index.php\/wp-json\/wp\/v2\/types\/post"}],"author":[{"embeddable":true,"href":"https:\/\/www.todoheavymetal.com\/index.php\/wp-json\/wp\/v2\/users\/4"}],"replies":[{"embeddable":true,"href":"https:\/\/www.todoheavymetal.com\/index.php\/wp-json\/wp\/v2\/comments?post=65503"}],"version-history":[{"count":1,"href":"https:\/\/www.todoheavymetal.com\/index.php\/wp-json\/wp\/v2\/posts\/65503\/revisions"}],"predecessor-version":[{"id":65505,"href":"https:\/\/www.todoheavymetal.com\/index.php\/wp-json\/wp\/v2\/posts\/65503\/revisions\/65505"}],"wp:attachment":[{"href":"https:\/\/www.todoheavymetal.com\/index.php\/wp-json\/wp\/v2\/media?parent=65503"}],"wp:term":[{"taxonomy":"category","embeddable":true,"href":"https:\/\/www.todoheavymetal.com\/index.php\/wp-json\/wp\/v2\/categories?post=65503"},{"taxonomy":"post_tag","embeddable":true,"href":"https:\/\/www.todoheavymetal.com\/index.php\/wp-json\/wp\/v2\/tags?post=65503"}],"curies":[{"name":"wp","href":"https:\/\/api.w.org\/{rel}","templated":true}]}}