{"id":63457,"date":"2018-11-08T10:25:03","date_gmt":"2018-11-08T09:25:03","guid":{"rendered":"http:\/\/www.todoheavymetal.com\/?p=63457"},"modified":"2018-11-07T18:08:42","modified_gmt":"2018-11-07T17:08:42","slug":"conciertos-despedida-del-cantante-de-regresion","status":"publish","type":"post","link":"https:\/\/www.todoheavymetal.com\/index.php\/noticias-del-mes\/conciertos-despedida-del-cantante-de-regresion","title":{"rendered":"CONCIERTOS DESPEDIDA DEL CANTANTE DE REGRESION"},"content":{"rendered":"<p style=\"text-align: justify;\">Pedro Guijarro, cantante de REGRESION, ha decidido dejar el grupo por \u201c<em>motivos estrictamente personales\u201d. <\/em>Os dejo la nota de prensa que han emitido\u2026<\/p>\n<p style=\"text-align: justify;\"><em>\u201cSu decisi\u00f3n cuenta con el respaldo y apoyo del resto de la banda, como no pod\u00eda ser de otra manera.<\/em><\/p>\n<p style=\"text-align: justify;\"><em>La ruptura se ha producido en el mejor de los ambientes posibles, hablando y analizando cada detalle con calma\u2026 Hemos vivido muchas cosas juntos. Pedro es y ser\u00e1 siempre una m\u00e1s de nosotros, no teng\u00e1is ni la menor duda de ello. Por tanto compa\u00f1ero, \u00a1muchas gracias por tu esfuerzo y dedicaci\u00f3n! Despu\u00e9s de todo no ha sido un mal viaje \u00bfverdad?<\/em><\/p>\n<p style=\"text-align: justify;\">Para que Pedro pueda despedirse de su p\u00fablico, REGRESION han anunciado 2 fechas en Madrid y Barcelona respectivamente:<\/p>\n<ul>\n<li style=\"text-align: justify;\">Viernes 8 de marzo de 2019 Sala We Rock, Madrid<\/li>\n<li style=\"text-align: justify;\">S\u00e1bado 16 de marzo de 2018 Sala B\u00f3veda, Barcelona<\/li>\n<\/ul>\n<p style=\"text-align: justify;\">El resto de la banda ha decidido continuar con su camino y \u201c<em>escribir un cap\u00edtulo m\u00e1s con un nuevo cantante\u2026 pero esa ya es otra historia\u201d.<\/em><\/p>\n<p><img loading=\"lazy\" decoding=\"async\" class=\"aligncenter\" src=\"https:\/\/cduque.es\/wp-content\/uploads\/2018\/11\/Regresion-cartel-despedida-pedro-Medium-600x849.jpg\" width=\"424\" height=\"600\" \/><\/p>\n","protected":false},"excerpt":{"rendered":"<p>Pedro Guijarro, cantante de REGRESION, ha decidido dejar el grupo por \u201cmotivos estrictamente personales\u201d. Os dejo la nota de prensa que han emitido\u2026 \u201cSu decisi\u00f3n cuenta con el respaldo y apoyo del resto de la banda, como no pod\u00eda ser de otra manera. La ruptura se ha producido en el mejor de los ambientes posibles, [&hellip;]<\/p>\n","protected":false},"author":4,"featured_media":0,"comment_status":"open","ping_status":"open","sticky":false,"template":"","format":"standard","meta":{"footnotes":""},"categories":[8],"tags":[12084,13173,12460,4,12163,2895],"class_list":["post-63457","post","type-post","status-publish","format-standard","hentry","category-noticias-del-mes","tag-conciertos-regresion","tag-conciertos-sala-boveda","tag-conciertos-sala-we-rock","tag-heavy-metal","tag-noticias-heavy-rock","tag-regresion"],"yoast_head":"<!-- This site is optimized with the Yoast SEO plugin v27.5 - https:\/\/yoast.com\/product\/yoast-seo-wordpress\/ -->\n<title>CONCIERTOS DESPEDIDA DEL CANTANTE DE REGRESION - HEAVY METAL - NOTICIAS HEAVY METAL<\/title>\n<meta name=\"robots\" content=\"index, follow, max-snippet:-1, max-image-preview:large, max-video-preview:-1\" \/>\n<link rel=\"canonical\" href=\"https:\/\/www.todoheavymetal.com\/index.php\/noticias-del-mes\/conciertos-despedida-del-cantante-de-regresion\" \/>\n<meta property=\"og:locale\" content=\"es_ES\" \/>\n<meta property=\"og:type\" content=\"article\" \/>\n<meta property=\"og:title\" content=\"CONCIERTOS DESPEDIDA DEL CANTANTE DE REGRESION - HEAVY METAL - NOTICIAS HEAVY METAL\" \/>\n<meta property=\"og:description\" content=\"Pedro Guijarro, cantante de REGRESION, ha decidido dejar el grupo por \u201cmotivos estrictamente personales\u201d. Os dejo la nota de prensa que han emitido\u2026 \u201cSu decisi\u00f3n cuenta con el respaldo y apoyo del resto de la banda, como no pod\u00eda ser de otra manera. La ruptura se ha producido en el mejor de los ambientes posibles, [&hellip;]\" \/>\n<meta property=\"og:url\" content=\"https:\/\/www.todoheavymetal.com\/index.php\/noticias-del-mes\/conciertos-despedida-del-cantante-de-regresion\" \/>\n<meta property=\"og:site_name\" content=\"HEAVY METAL - NOTICIAS HEAVY METAL\" \/>\n<meta property=\"article:publisher\" content=\"https:\/\/www.facebook.com\/todoheavymetal\/\" \/>\n<meta property=\"article:published_time\" content=\"2018-11-08T09:25:03+00:00\" \/>\n<meta property=\"og:image\" content=\"https:\/\/cduque.es\/wp-content\/uploads\/2018\/11\/Regresion-cartel-despedida-pedro-Medium-600x849.jpg\" \/>\n<meta name=\"author\" content=\"Javi\" \/>\n<meta name=\"twitter:card\" content=\"summary_large_image\" \/>\n<meta name=\"twitter:creator\" content=\"@todoheavymetal\" \/>\n<meta name=\"twitter:site\" content=\"@todoheavymetal\" \/>\n<meta name=\"twitter:label1\" content=\"Escrito por\" \/>\n\t<meta name=\"twitter:data1\" content=\"Javi\" \/>\n\t<meta name=\"twitter:label2\" content=\"Tiempo de lectura\" \/>\n\t<meta name=\"twitter:data2\" content=\"1 minuto\" \/>\n<script type=\"application\/ld+json\" class=\"yoast-schema-graph\">{\"@context\":\"https:\\\/\\\/schema.org\",\"@graph\":[{\"@type\":\"Article\",\"@id\":\"https:\\\/\\\/www.todoheavymetal.com\\\/index.php\\\/noticias-del-mes\\\/conciertos-despedida-del-cantante-de-regresion#article\",\"isPartOf\":{\"@id\":\"https:\\\/\\\/www.todoheavymetal.com\\\/index.php\\\/noticias-del-mes\\\/conciertos-despedida-del-cantante-de-regresion\"},\"author\":{\"name\":\"Javi\",\"@id\":\"https:\\\/\\\/www.todoheavymetal.com\\\/#\\\/schema\\\/person\\\/aa098e79c44b992ec2357a75883ed217\"},\"headline\":\"CONCIERTOS DESPEDIDA DEL CANTANTE DE REGRESION\",\"datePublished\":\"2018-11-08T09:25:03+00:00\",\"mainEntityOfPage\":{\"@id\":\"https:\\\/\\\/www.todoheavymetal.com\\\/index.php\\\/noticias-del-mes\\\/conciertos-despedida-del-cantante-de-regresion\"},\"wordCount\":180,\"commentCount\":0,\"image\":{\"@id\":\"https:\\\/\\\/www.todoheavymetal.com\\\/index.php\\\/noticias-del-mes\\\/conciertos-despedida-del-cantante-de-regresion#primaryimage\"},\"thumbnailUrl\":\"https:\\\/\\\/cduque.es\\\/wp-content\\\/uploads\\\/2018\\\/11\\\/Regresion-cartel-despedida-pedro-Medium-600x849.jpg\",\"keywords\":[\"conciertos regresion\",\"conciertos sala boveda\",\"conciertos sala we rock\",\"heavy metal\",\"noticias heavy rock\",\"regresion\"],\"articleSection\":[\"Noticias del mes\"],\"inLanguage\":\"es\",\"potentialAction\":[{\"@type\":\"CommentAction\",\"name\":\"Comment\",\"target\":[\"https:\\\/\\\/www.todoheavymetal.com\\\/index.php\\\/noticias-del-mes\\\/conciertos-despedida-del-cantante-de-regresion#respond\"]}]},{\"@type\":\"WebPage\",\"@id\":\"https:\\\/\\\/www.todoheavymetal.com\\\/index.php\\\/noticias-del-mes\\\/conciertos-despedida-del-cantante-de-regresion\",\"url\":\"https:\\\/\\\/www.todoheavymetal.com\\\/index.php\\\/noticias-del-mes\\\/conciertos-despedida-del-cantante-de-regresion\",\"name\":\"CONCIERTOS DESPEDIDA DEL CANTANTE DE REGRESION - HEAVY METAL - NOTICIAS HEAVY METAL\",\"isPartOf\":{\"@id\":\"https:\\\/\\\/www.todoheavymetal.com\\\/#website\"},\"primaryImageOfPage\":{\"@id\":\"https:\\\/\\\/www.todoheavymetal.com\\\/index.php\\\/noticias-del-mes\\\/conciertos-despedida-del-cantante-de-regresion#primaryimage\"},\"image\":{\"@id\":\"https:\\\/\\\/www.todoheavymetal.com\\\/index.php\\\/noticias-del-mes\\\/conciertos-despedida-del-cantante-de-regresion#primaryimage\"},\"thumbnailUrl\":\"https:\\\/\\\/cduque.es\\\/wp-content\\\/uploads\\\/2018\\\/11\\\/Regresion-cartel-despedida-pedro-Medium-600x849.jpg\",\"datePublished\":\"2018-11-08T09:25:03+00:00\",\"author\":{\"@id\":\"https:\\\/\\\/www.todoheavymetal.com\\\/#\\\/schema\\\/person\\\/aa098e79c44b992ec2357a75883ed217\"},\"breadcrumb\":{\"@id\":\"https:\\\/\\\/www.todoheavymetal.com\\\/index.php\\\/noticias-del-mes\\\/conciertos-despedida-del-cantante-de-regresion#breadcrumb\"},\"inLanguage\":\"es\",\"potentialAction\":[{\"@type\":\"ReadAction\",\"target\":[\"https:\\\/\\\/www.todoheavymetal.com\\\/index.php\\\/noticias-del-mes\\\/conciertos-despedida-del-cantante-de-regresion\"]}]},{\"@type\":\"ImageObject\",\"inLanguage\":\"es\",\"@id\":\"https:\\\/\\\/www.todoheavymetal.com\\\/index.php\\\/noticias-del-mes\\\/conciertos-despedida-del-cantante-de-regresion#primaryimage\",\"url\":\"https:\\\/\\\/cduque.es\\\/wp-content\\\/uploads\\\/2018\\\/11\\\/Regresion-cartel-despedida-pedro-Medium-600x849.jpg\",\"contentUrl\":\"https:\\\/\\\/cduque.es\\\/wp-content\\\/uploads\\\/2018\\\/11\\\/Regresion-cartel-despedida-pedro-Medium-600x849.jpg\"},{\"@type\":\"BreadcrumbList\",\"@id\":\"https:\\\/\\\/www.todoheavymetal.com\\\/index.php\\\/noticias-del-mes\\\/conciertos-despedida-del-cantante-de-regresion#breadcrumb\",\"itemListElement\":[{\"@type\":\"ListItem\",\"position\":1,\"name\":\"Portada\",\"item\":\"https:\\\/\\\/www.todoheavymetal.com\\\/\"},{\"@type\":\"ListItem\",\"position\":2,\"name\":\"CONCIERTOS DESPEDIDA DEL CANTANTE DE REGRESION\"}]},{\"@type\":\"WebSite\",\"@id\":\"https:\\\/\\\/www.todoheavymetal.com\\\/#website\",\"url\":\"https:\\\/\\\/www.todoheavymetal.com\\\/\",\"name\":\"todoheavymetal.com\",\"description\":\"heavy metal - noticias heavy metal - todoheavymetal\",\"potentialAction\":[{\"@type\":\"SearchAction\",\"target\":{\"@type\":\"EntryPoint\",\"urlTemplate\":\"https:\\\/\\\/www.todoheavymetal.com\\\/?s={search_term_string}\"},\"query-input\":{\"@type\":\"PropertyValueSpecification\",\"valueRequired\":true,\"valueName\":\"search_term_string\"}}],\"inLanguage\":\"es\"},{\"@type\":\"Person\",\"@id\":\"https:\\\/\\\/www.todoheavymetal.com\\\/#\\\/schema\\\/person\\\/aa098e79c44b992ec2357a75883ed217\",\"name\":\"Javi\",\"image\":{\"@type\":\"ImageObject\",\"inLanguage\":\"es\",\"@id\":\"https:\\\/\\\/secure.gravatar.com\\\/avatar\\\/ad9699b1143ed4017d23ce58fa9d83e0375bd1368122b157550ad77cd28bdfdf?s=96&d=monsterid&r=g\",\"url\":\"https:\\\/\\\/secure.gravatar.com\\\/avatar\\\/ad9699b1143ed4017d23ce58fa9d83e0375bd1368122b157550ad77cd28bdfdf?s=96&d=monsterid&r=g\",\"contentUrl\":\"https:\\\/\\\/secure.gravatar.com\\\/avatar\\\/ad9699b1143ed4017d23ce58fa9d83e0375bd1368122b157550ad77cd28bdfdf?s=96&d=monsterid&r=g\",\"caption\":\"Javi\"},\"url\":\"https:\\\/\\\/www.todoheavymetal.com\\\/index.php\\\/author\\\/javipelos\"}]}<\/script>\n<!-- \/ Yoast SEO plugin. -->","yoast_head_json":{"title":"CONCIERTOS DESPEDIDA DEL CANTANTE DE REGRESION - HEAVY METAL - NOTICIAS HEAVY METAL","robots":{"index":"index","follow":"follow","max-snippet":"max-snippet:-1","max-image-preview":"max-image-preview:large","max-video-preview":"max-video-preview:-1"},"canonical":"https:\/\/www.todoheavymetal.com\/index.php\/noticias-del-mes\/conciertos-despedida-del-cantante-de-regresion","og_locale":"es_ES","og_type":"article","og_title":"CONCIERTOS DESPEDIDA DEL CANTANTE DE REGRESION - HEAVY METAL - NOTICIAS HEAVY METAL","og_description":"Pedro Guijarro, cantante de REGRESION, ha decidido dejar el grupo por \u201cmotivos estrictamente personales\u201d. Os dejo la nota de prensa que han emitido\u2026 \u201cSu decisi\u00f3n cuenta con el respaldo y apoyo del resto de la banda, como no pod\u00eda ser de otra manera. La ruptura se ha producido en el mejor de los ambientes posibles, [&hellip;]","og_url":"https:\/\/www.todoheavymetal.com\/index.php\/noticias-del-mes\/conciertos-despedida-del-cantante-de-regresion","og_site_name":"HEAVY METAL - NOTICIAS HEAVY METAL","article_publisher":"https:\/\/www.facebook.com\/todoheavymetal\/","article_published_time":"2018-11-08T09:25:03+00:00","og_image":[{"url":"https:\/\/cduque.es\/wp-content\/uploads\/2018\/11\/Regresion-cartel-despedida-pedro-Medium-600x849.jpg","type":"","width":"","height":""}],"author":"Javi","twitter_card":"summary_large_image","twitter_creator":"@todoheavymetal","twitter_site":"@todoheavymetal","twitter_misc":{"Escrito por":"Javi","Tiempo de lectura":"1 minuto"},"schema":{"@context":"https:\/\/schema.org","@graph":[{"@type":"Article","@id":"https:\/\/www.todoheavymetal.com\/index.php\/noticias-del-mes\/conciertos-despedida-del-cantante-de-regresion#article","isPartOf":{"@id":"https:\/\/www.todoheavymetal.com\/index.php\/noticias-del-mes\/conciertos-despedida-del-cantante-de-regresion"},"author":{"name":"Javi","@id":"https:\/\/www.todoheavymetal.com\/#\/schema\/person\/aa098e79c44b992ec2357a75883ed217"},"headline":"CONCIERTOS DESPEDIDA DEL CANTANTE DE REGRESION","datePublished":"2018-11-08T09:25:03+00:00","mainEntityOfPage":{"@id":"https:\/\/www.todoheavymetal.com\/index.php\/noticias-del-mes\/conciertos-despedida-del-cantante-de-regresion"},"wordCount":180,"commentCount":0,"image":{"@id":"https:\/\/www.todoheavymetal.com\/index.php\/noticias-del-mes\/conciertos-despedida-del-cantante-de-regresion#primaryimage"},"thumbnailUrl":"https:\/\/cduque.es\/wp-content\/uploads\/2018\/11\/Regresion-cartel-despedida-pedro-Medium-600x849.jpg","keywords":["conciertos regresion","conciertos sala boveda","conciertos sala we rock","heavy metal","noticias heavy rock","regresion"],"articleSection":["Noticias del mes"],"inLanguage":"es","potentialAction":[{"@type":"CommentAction","name":"Comment","target":["https:\/\/www.todoheavymetal.com\/index.php\/noticias-del-mes\/conciertos-despedida-del-cantante-de-regresion#respond"]}]},{"@type":"WebPage","@id":"https:\/\/www.todoheavymetal.com\/index.php\/noticias-del-mes\/conciertos-despedida-del-cantante-de-regresion","url":"https:\/\/www.todoheavymetal.com\/index.php\/noticias-del-mes\/conciertos-despedida-del-cantante-de-regresion","name":"CONCIERTOS DESPEDIDA DEL CANTANTE DE REGRESION - HEAVY METAL - NOTICIAS HEAVY METAL","isPartOf":{"@id":"https:\/\/www.todoheavymetal.com\/#website"},"primaryImageOfPage":{"@id":"https:\/\/www.todoheavymetal.com\/index.php\/noticias-del-mes\/conciertos-despedida-del-cantante-de-regresion#primaryimage"},"image":{"@id":"https:\/\/www.todoheavymetal.com\/index.php\/noticias-del-mes\/conciertos-despedida-del-cantante-de-regresion#primaryimage"},"thumbnailUrl":"https:\/\/cduque.es\/wp-content\/uploads\/2018\/11\/Regresion-cartel-despedida-pedro-Medium-600x849.jpg","datePublished":"2018-11-08T09:25:03+00:00","author":{"@id":"https:\/\/www.todoheavymetal.com\/#\/schema\/person\/aa098e79c44b992ec2357a75883ed217"},"breadcrumb":{"@id":"https:\/\/www.todoheavymetal.com\/index.php\/noticias-del-mes\/conciertos-despedida-del-cantante-de-regresion#breadcrumb"},"inLanguage":"es","potentialAction":[{"@type":"ReadAction","target":["https:\/\/www.todoheavymetal.com\/index.php\/noticias-del-mes\/conciertos-despedida-del-cantante-de-regresion"]}]},{"@type":"ImageObject","inLanguage":"es","@id":"https:\/\/www.todoheavymetal.com\/index.php\/noticias-del-mes\/conciertos-despedida-del-cantante-de-regresion#primaryimage","url":"https:\/\/cduque.es\/wp-content\/uploads\/2018\/11\/Regresion-cartel-despedida-pedro-Medium-600x849.jpg","contentUrl":"https:\/\/cduque.es\/wp-content\/uploads\/2018\/11\/Regresion-cartel-despedida-pedro-Medium-600x849.jpg"},{"@type":"BreadcrumbList","@id":"https:\/\/www.todoheavymetal.com\/index.php\/noticias-del-mes\/conciertos-despedida-del-cantante-de-regresion#breadcrumb","itemListElement":[{"@type":"ListItem","position":1,"name":"Portada","item":"https:\/\/www.todoheavymetal.com\/"},{"@type":"ListItem","position":2,"name":"CONCIERTOS DESPEDIDA DEL CANTANTE DE REGRESION"}]},{"@type":"WebSite","@id":"https:\/\/www.todoheavymetal.com\/#website","url":"https:\/\/www.todoheavymetal.com\/","name":"todoheavymetal.com","description":"heavy metal - noticias heavy metal - todoheavymetal","potentialAction":[{"@type":"SearchAction","target":{"@type":"EntryPoint","urlTemplate":"https:\/\/www.todoheavymetal.com\/?s={search_term_string}"},"query-input":{"@type":"PropertyValueSpecification","valueRequired":true,"valueName":"search_term_string"}}],"inLanguage":"es"},{"@type":"Person","@id":"https:\/\/www.todoheavymetal.com\/#\/schema\/person\/aa098e79c44b992ec2357a75883ed217","name":"Javi","image":{"@type":"ImageObject","inLanguage":"es","@id":"https:\/\/secure.gravatar.com\/avatar\/ad9699b1143ed4017d23ce58fa9d83e0375bd1368122b157550ad77cd28bdfdf?s=96&d=monsterid&r=g","url":"https:\/\/secure.gravatar.com\/avatar\/ad9699b1143ed4017d23ce58fa9d83e0375bd1368122b157550ad77cd28bdfdf?s=96&d=monsterid&r=g","contentUrl":"https:\/\/secure.gravatar.com\/avatar\/ad9699b1143ed4017d23ce58fa9d83e0375bd1368122b157550ad77cd28bdfdf?s=96&d=monsterid&r=g","caption":"Javi"},"url":"https:\/\/www.todoheavymetal.com\/index.php\/author\/javipelos"}]}},"_links":{"self":[{"href":"https:\/\/www.todoheavymetal.com\/index.php\/wp-json\/wp\/v2\/posts\/63457","targetHints":{"allow":["GET"]}}],"collection":[{"href":"https:\/\/www.todoheavymetal.com\/index.php\/wp-json\/wp\/v2\/posts"}],"about":[{"href":"https:\/\/www.todoheavymetal.com\/index.php\/wp-json\/wp\/v2\/types\/post"}],"author":[{"embeddable":true,"href":"https:\/\/www.todoheavymetal.com\/index.php\/wp-json\/wp\/v2\/users\/4"}],"replies":[{"embeddable":true,"href":"https:\/\/www.todoheavymetal.com\/index.php\/wp-json\/wp\/v2\/comments?post=63457"}],"version-history":[{"count":1,"href":"https:\/\/www.todoheavymetal.com\/index.php\/wp-json\/wp\/v2\/posts\/63457\/revisions"}],"predecessor-version":[{"id":63459,"href":"https:\/\/www.todoheavymetal.com\/index.php\/wp-json\/wp\/v2\/posts\/63457\/revisions\/63459"}],"wp:attachment":[{"href":"https:\/\/www.todoheavymetal.com\/index.php\/wp-json\/wp\/v2\/media?parent=63457"}],"wp:term":[{"taxonomy":"category","embeddable":true,"href":"https:\/\/www.todoheavymetal.com\/index.php\/wp-json\/wp\/v2\/categories?post=63457"},{"taxonomy":"post_tag","embeddable":true,"href":"https:\/\/www.todoheavymetal.com\/index.php\/wp-json\/wp\/v2\/tags?post=63457"}],"curies":[{"name":"wp","href":"https:\/\/api.w.org\/{rel}","templated":true}]}}