{"id":60221,"date":"2018-06-07T17:35:24","date_gmt":"2018-06-07T15:35:24","guid":{"rendered":"http:\/\/www.todoheavymetal.com\/?p=60221"},"modified":"2018-06-07T17:46:08","modified_gmt":"2018-06-07T15:46:08","slug":"angelus-apatrida-confirman-nuevas-fechas-en-barcelona-y-valencia","status":"publish","type":"post","link":"https:\/\/www.todoheavymetal.com\/index.php\/noticias-del-mes\/angelus-apatrida-confirman-nuevas-fechas-en-barcelona-y-valencia","title":{"rendered":"ANGELUS APATRIDA CONFIRMAN NUEVAS FECHAS EN BARCELONA Y VALENCIA"},"content":{"rendered":"<p style=\"text-align: justify;\">Tras verse obligados a cancelar los conciertos de su <em>Le Tour de la Guillotine<\/em> previstos en Barcelona y Valencia debido a los problemas de salud de su bater\u00eda V\u00edctor Valera, ANGELUS APATRIDA anuncian ahora las nuevas fechas en ambas ciudades. Son \u00e9stas:<\/p>\n<ul>\n<li style=\"text-align: justify;\">S\u00e1bado 15 de septiembre Sala Salamandra, L\u2019Hospitalet (Barcelona) +artista invitado<\/li>\n<li style=\"text-align: justify;\">Viernes 21 de septiembre Sala Rock City, Alm\u00e0ssera, (Valencia) +artista invitado<\/li>\n<\/ul>\n<p style=\"text-align: justify;\"><em>\u201c\u00a1Ya tenemos nuevas fechas para los conciertos de Barcelona y Valencia! Como sab\u00e9is, los shows finales de la gira europea junto a SKELETAL REMAINS y TRALLERY de los d\u00edas 21 y 22 de mayo, fueron cancelados debido a la hospitalizaci\u00f3n urgente de nuestro bater\u00eda V\u00edctor. Nos comprometimos a que volver\u00edamos lo antes posible mientras pod\u00edais disfrutar de las otras bandas y aqu\u00ed est\u00e1n las fechas. \u00a1Apunta en tu calendario!<\/em><\/p>\n<p style=\"text-align: justify;\"><em>Quienes comprasteis las entradas en tienda o en sala y acudisteis a los shows, recibisteis un sello en la entrada y ese mismo ticket ser\u00e1 v\u00e1lido para la nueva fecha. Los que la comprasteis online recibir\u00e9is un mail con el nuevo ticket. Por el contrario, si decidiste no entrar al concierto pero prefieres devolver tu entrada ahora por incompatibilidad de fechas, puedes hacerlo en el mismo punto de venta en el que se compr\u00f3. Os agradecer\u00edamos mucho que los que decid\u00e1is devolver la entrada lo hag\u00e1is con la mayor brevedad posible para poder as\u00ed realizar el cambio a la nueva entrada de ticketmaster.<\/em><\/p>\n<p style=\"text-align: justify;\"><em>Los que no comprasteis entrada ten\u00e9is ahora la oportunidad de venir a ver un CONCIERTAZO de la HOSTIA \u00bfPor qu\u00e9? Pues porque al no ser el formato de la gira europea de presentaci\u00f3n y con \u2018Cabaret de la Guillotine\u2019 ya varios meses en la calle, haremos un show de duraci\u00f3n completa, y sobre todo, \u00a1en compensaci\u00f3n a toda la gratitud y mensajes de apoyo que hemos recibido de todos vosotros en estas semanas!\u201d<\/em><\/p>\n<p><img loading=\"lazy\" decoding=\"async\" class=\"aligncenter \" src=\"https:\/\/scontent-mad1-1.xx.fbcdn.net\/v\/t1.0-9\/34645108_10158009191233636_7040536817984077824_n.jpg?_nc_cat=0&amp;oh=f4c3303b67563808a3f0961e8c60b931&amp;oe=5BBF30A0\" width=\"414\" height=\"591\" \/><\/p>\n","protected":false},"excerpt":{"rendered":"<p>Tras verse obligados a cancelar los conciertos de su Le Tour de la Guillotine previstos en Barcelona y Valencia debido a los problemas de salud de su bater\u00eda V\u00edctor Valera, ANGELUS APATRIDA anuncian ahora las nuevas fechas en ambas ciudades. Son \u00e9stas: S\u00e1bado 15 de septiembre Sala Salamandra, L\u2019Hospitalet (Barcelona) +artista invitado Viernes 21 de [&hellip;]<\/p>\n","protected":false},"author":4,"featured_media":0,"comment_status":"open","ping_status":"open","sticky":false,"template":"","format":"standard","meta":{"footnotes":""},"categories":[8],"tags":[1010,8546,12713,15183,4,1946],"class_list":["post-60221","post","type-post","status-publish","format-standard","hentry","category-noticias-del-mes","tag-angelus-apatrida","tag-conciertos-angelus-apatrida","tag-conciertos-sala-rock-city","tag-conciertos-sala-salamandra","tag-heavy-metal","tag-noticias-thrash-metal"],"yoast_head":"<!-- This site is optimized with the Yoast SEO plugin v27.5 - https:\/\/yoast.com\/product\/yoast-seo-wordpress\/ -->\n<title>ANGELUS APATRIDA CONFIRMAN NUEVAS FECHAS EN BARCELONA Y VALENCIA - HEAVY METAL - NOTICIAS HEAVY METAL<\/title>\n<meta name=\"robots\" content=\"index, follow, max-snippet:-1, max-image-preview:large, max-video-preview:-1\" \/>\n<link rel=\"canonical\" href=\"https:\/\/www.todoheavymetal.com\/index.php\/noticias-del-mes\/angelus-apatrida-confirman-nuevas-fechas-en-barcelona-y-valencia\" \/>\n<meta property=\"og:locale\" content=\"es_ES\" \/>\n<meta property=\"og:type\" content=\"article\" \/>\n<meta property=\"og:title\" content=\"ANGELUS APATRIDA CONFIRMAN NUEVAS FECHAS EN BARCELONA Y VALENCIA - HEAVY METAL - NOTICIAS HEAVY METAL\" \/>\n<meta property=\"og:description\" content=\"Tras verse obligados a cancelar los conciertos de su Le Tour de la Guillotine previstos en Barcelona y Valencia debido a los problemas de salud de su bater\u00eda V\u00edctor Valera, ANGELUS APATRIDA anuncian ahora las nuevas fechas en ambas ciudades. Son \u00e9stas: S\u00e1bado 15 de septiembre Sala Salamandra, L\u2019Hospitalet (Barcelona) +artista invitado Viernes 21 de [&hellip;]\" \/>\n<meta property=\"og:url\" content=\"https:\/\/www.todoheavymetal.com\/index.php\/noticias-del-mes\/angelus-apatrida-confirman-nuevas-fechas-en-barcelona-y-valencia\" \/>\n<meta property=\"og:site_name\" content=\"HEAVY METAL - NOTICIAS HEAVY METAL\" \/>\n<meta property=\"article:publisher\" content=\"https:\/\/www.facebook.com\/todoheavymetal\/\" \/>\n<meta property=\"article:published_time\" content=\"2018-06-07T15:35:24+00:00\" \/>\n<meta property=\"article:modified_time\" content=\"2018-06-07T15:46:08+00:00\" \/>\n<meta property=\"og:image\" content=\"https:\/\/scontent-mad1-1.xx.fbcdn.net\/v\/t1.0-9\/34645108_10158009191233636_7040536817984077824_n.jpg?_nc_cat=0&amp;oh=f4c3303b67563808a3f0961e8c60b931&amp;oe=5BBF30A0\" \/>\n<meta name=\"author\" content=\"Javi\" \/>\n<meta name=\"twitter:card\" content=\"summary_large_image\" \/>\n<meta name=\"twitter:creator\" content=\"@todoheavymetal\" \/>\n<meta name=\"twitter:site\" content=\"@todoheavymetal\" \/>\n<meta name=\"twitter:label1\" content=\"Escrito por\" \/>\n\t<meta name=\"twitter:data1\" content=\"Javi\" \/>\n\t<meta name=\"twitter:label2\" content=\"Tiempo de lectura\" \/>\n\t<meta name=\"twitter:data2\" content=\"2 minutos\" \/>\n<script type=\"application\/ld+json\" class=\"yoast-schema-graph\">{\"@context\":\"https:\\\/\\\/schema.org\",\"@graph\":[{\"@type\":\"Article\",\"@id\":\"https:\\\/\\\/www.todoheavymetal.com\\\/index.php\\\/noticias-del-mes\\\/angelus-apatrida-confirman-nuevas-fechas-en-barcelona-y-valencia#article\",\"isPartOf\":{\"@id\":\"https:\\\/\\\/www.todoheavymetal.com\\\/index.php\\\/noticias-del-mes\\\/angelus-apatrida-confirman-nuevas-fechas-en-barcelona-y-valencia\"},\"author\":{\"name\":\"Javi\",\"@id\":\"https:\\\/\\\/www.todoheavymetal.com\\\/#\\\/schema\\\/person\\\/aa098e79c44b992ec2357a75883ed217\"},\"headline\":\"ANGELUS APATRIDA CONFIRMAN NUEVAS FECHAS EN BARCELONA Y VALENCIA\",\"datePublished\":\"2018-06-07T15:35:24+00:00\",\"dateModified\":\"2018-06-07T15:46:08+00:00\",\"mainEntityOfPage\":{\"@id\":\"https:\\\/\\\/www.todoheavymetal.com\\\/index.php\\\/noticias-del-mes\\\/angelus-apatrida-confirman-nuevas-fechas-en-barcelona-y-valencia\"},\"wordCount\":335,\"commentCount\":0,\"image\":{\"@id\":\"https:\\\/\\\/www.todoheavymetal.com\\\/index.php\\\/noticias-del-mes\\\/angelus-apatrida-confirman-nuevas-fechas-en-barcelona-y-valencia#primaryimage\"},\"thumbnailUrl\":\"https:\\\/\\\/scontent-mad1-1.xx.fbcdn.net\\\/v\\\/t1.0-9\\\/34645108_10158009191233636_7040536817984077824_n.jpg?_nc_cat=0&amp;oh=f4c3303b67563808a3f0961e8c60b931&amp;oe=5BBF30A0\",\"keywords\":[\"angelus apatrida\",\"conciertos angelus apatrida\",\"conciertos sala rock city\",\"conciertos sala salamandra\",\"heavy metal\",\"noticias thrash metal\"],\"articleSection\":[\"Noticias del mes\"],\"inLanguage\":\"es\",\"potentialAction\":[{\"@type\":\"CommentAction\",\"name\":\"Comment\",\"target\":[\"https:\\\/\\\/www.todoheavymetal.com\\\/index.php\\\/noticias-del-mes\\\/angelus-apatrida-confirman-nuevas-fechas-en-barcelona-y-valencia#respond\"]}]},{\"@type\":\"WebPage\",\"@id\":\"https:\\\/\\\/www.todoheavymetal.com\\\/index.php\\\/noticias-del-mes\\\/angelus-apatrida-confirman-nuevas-fechas-en-barcelona-y-valencia\",\"url\":\"https:\\\/\\\/www.todoheavymetal.com\\\/index.php\\\/noticias-del-mes\\\/angelus-apatrida-confirman-nuevas-fechas-en-barcelona-y-valencia\",\"name\":\"ANGELUS APATRIDA CONFIRMAN NUEVAS FECHAS EN BARCELONA Y VALENCIA - HEAVY METAL - NOTICIAS HEAVY METAL\",\"isPartOf\":{\"@id\":\"https:\\\/\\\/www.todoheavymetal.com\\\/#website\"},\"primaryImageOfPage\":{\"@id\":\"https:\\\/\\\/www.todoheavymetal.com\\\/index.php\\\/noticias-del-mes\\\/angelus-apatrida-confirman-nuevas-fechas-en-barcelona-y-valencia#primaryimage\"},\"image\":{\"@id\":\"https:\\\/\\\/www.todoheavymetal.com\\\/index.php\\\/noticias-del-mes\\\/angelus-apatrida-confirman-nuevas-fechas-en-barcelona-y-valencia#primaryimage\"},\"thumbnailUrl\":\"https:\\\/\\\/scontent-mad1-1.xx.fbcdn.net\\\/v\\\/t1.0-9\\\/34645108_10158009191233636_7040536817984077824_n.jpg?_nc_cat=0&amp;oh=f4c3303b67563808a3f0961e8c60b931&amp;oe=5BBF30A0\",\"datePublished\":\"2018-06-07T15:35:24+00:00\",\"dateModified\":\"2018-06-07T15:46:08+00:00\",\"author\":{\"@id\":\"https:\\\/\\\/www.todoheavymetal.com\\\/#\\\/schema\\\/person\\\/aa098e79c44b992ec2357a75883ed217\"},\"breadcrumb\":{\"@id\":\"https:\\\/\\\/www.todoheavymetal.com\\\/index.php\\\/noticias-del-mes\\\/angelus-apatrida-confirman-nuevas-fechas-en-barcelona-y-valencia#breadcrumb\"},\"inLanguage\":\"es\",\"potentialAction\":[{\"@type\":\"ReadAction\",\"target\":[\"https:\\\/\\\/www.todoheavymetal.com\\\/index.php\\\/noticias-del-mes\\\/angelus-apatrida-confirman-nuevas-fechas-en-barcelona-y-valencia\"]}]},{\"@type\":\"ImageObject\",\"inLanguage\":\"es\",\"@id\":\"https:\\\/\\\/www.todoheavymetal.com\\\/index.php\\\/noticias-del-mes\\\/angelus-apatrida-confirman-nuevas-fechas-en-barcelona-y-valencia#primaryimage\",\"url\":\"https:\\\/\\\/scontent-mad1-1.xx.fbcdn.net\\\/v\\\/t1.0-9\\\/34645108_10158009191233636_7040536817984077824_n.jpg?_nc_cat=0&amp;oh=f4c3303b67563808a3f0961e8c60b931&amp;oe=5BBF30A0\",\"contentUrl\":\"https:\\\/\\\/scontent-mad1-1.xx.fbcdn.net\\\/v\\\/t1.0-9\\\/34645108_10158009191233636_7040536817984077824_n.jpg?_nc_cat=0&amp;oh=f4c3303b67563808a3f0961e8c60b931&amp;oe=5BBF30A0\"},{\"@type\":\"BreadcrumbList\",\"@id\":\"https:\\\/\\\/www.todoheavymetal.com\\\/index.php\\\/noticias-del-mes\\\/angelus-apatrida-confirman-nuevas-fechas-en-barcelona-y-valencia#breadcrumb\",\"itemListElement\":[{\"@type\":\"ListItem\",\"position\":1,\"name\":\"Portada\",\"item\":\"https:\\\/\\\/www.todoheavymetal.com\\\/\"},{\"@type\":\"ListItem\",\"position\":2,\"name\":\"ANGELUS APATRIDA CONFIRMAN NUEVAS FECHAS EN BARCELONA Y VALENCIA\"}]},{\"@type\":\"WebSite\",\"@id\":\"https:\\\/\\\/www.todoheavymetal.com\\\/#website\",\"url\":\"https:\\\/\\\/www.todoheavymetal.com\\\/\",\"name\":\"todoheavymetal.com\",\"description\":\"heavy metal - noticias heavy metal - todoheavymetal\",\"potentialAction\":[{\"@type\":\"SearchAction\",\"target\":{\"@type\":\"EntryPoint\",\"urlTemplate\":\"https:\\\/\\\/www.todoheavymetal.com\\\/?s={search_term_string}\"},\"query-input\":{\"@type\":\"PropertyValueSpecification\",\"valueRequired\":true,\"valueName\":\"search_term_string\"}}],\"inLanguage\":\"es\"},{\"@type\":\"Person\",\"@id\":\"https:\\\/\\\/www.todoheavymetal.com\\\/#\\\/schema\\\/person\\\/aa098e79c44b992ec2357a75883ed217\",\"name\":\"Javi\",\"image\":{\"@type\":\"ImageObject\",\"inLanguage\":\"es\",\"@id\":\"https:\\\/\\\/secure.gravatar.com\\\/avatar\\\/ad9699b1143ed4017d23ce58fa9d83e0375bd1368122b157550ad77cd28bdfdf?s=96&d=monsterid&r=g\",\"url\":\"https:\\\/\\\/secure.gravatar.com\\\/avatar\\\/ad9699b1143ed4017d23ce58fa9d83e0375bd1368122b157550ad77cd28bdfdf?s=96&d=monsterid&r=g\",\"contentUrl\":\"https:\\\/\\\/secure.gravatar.com\\\/avatar\\\/ad9699b1143ed4017d23ce58fa9d83e0375bd1368122b157550ad77cd28bdfdf?s=96&d=monsterid&r=g\",\"caption\":\"Javi\"},\"url\":\"https:\\\/\\\/www.todoheavymetal.com\\\/index.php\\\/author\\\/javipelos\"}]}<\/script>\n<!-- \/ Yoast SEO plugin. -->","yoast_head_json":{"title":"ANGELUS APATRIDA CONFIRMAN NUEVAS FECHAS EN BARCELONA Y VALENCIA - HEAVY METAL - NOTICIAS HEAVY METAL","robots":{"index":"index","follow":"follow","max-snippet":"max-snippet:-1","max-image-preview":"max-image-preview:large","max-video-preview":"max-video-preview:-1"},"canonical":"https:\/\/www.todoheavymetal.com\/index.php\/noticias-del-mes\/angelus-apatrida-confirman-nuevas-fechas-en-barcelona-y-valencia","og_locale":"es_ES","og_type":"article","og_title":"ANGELUS APATRIDA CONFIRMAN NUEVAS FECHAS EN BARCELONA Y VALENCIA - HEAVY METAL - NOTICIAS HEAVY METAL","og_description":"Tras verse obligados a cancelar los conciertos de su Le Tour de la Guillotine previstos en Barcelona y Valencia debido a los problemas de salud de su bater\u00eda V\u00edctor Valera, ANGELUS APATRIDA anuncian ahora las nuevas fechas en ambas ciudades. Son \u00e9stas: S\u00e1bado 15 de septiembre Sala Salamandra, L\u2019Hospitalet (Barcelona) +artista invitado Viernes 21 de [&hellip;]","og_url":"https:\/\/www.todoheavymetal.com\/index.php\/noticias-del-mes\/angelus-apatrida-confirman-nuevas-fechas-en-barcelona-y-valencia","og_site_name":"HEAVY METAL - NOTICIAS HEAVY METAL","article_publisher":"https:\/\/www.facebook.com\/todoheavymetal\/","article_published_time":"2018-06-07T15:35:24+00:00","article_modified_time":"2018-06-07T15:46:08+00:00","og_image":[{"url":"https:\/\/scontent-mad1-1.xx.fbcdn.net\/v\/t1.0-9\/34645108_10158009191233636_7040536817984077824_n.jpg?_nc_cat=0&amp;oh=f4c3303b67563808a3f0961e8c60b931&amp;oe=5BBF30A0","type":"","width":"","height":""}],"author":"Javi","twitter_card":"summary_large_image","twitter_creator":"@todoheavymetal","twitter_site":"@todoheavymetal","twitter_misc":{"Escrito por":"Javi","Tiempo de lectura":"2 minutos"},"schema":{"@context":"https:\/\/schema.org","@graph":[{"@type":"Article","@id":"https:\/\/www.todoheavymetal.com\/index.php\/noticias-del-mes\/angelus-apatrida-confirman-nuevas-fechas-en-barcelona-y-valencia#article","isPartOf":{"@id":"https:\/\/www.todoheavymetal.com\/index.php\/noticias-del-mes\/angelus-apatrida-confirman-nuevas-fechas-en-barcelona-y-valencia"},"author":{"name":"Javi","@id":"https:\/\/www.todoheavymetal.com\/#\/schema\/person\/aa098e79c44b992ec2357a75883ed217"},"headline":"ANGELUS APATRIDA CONFIRMAN NUEVAS FECHAS EN BARCELONA Y VALENCIA","datePublished":"2018-06-07T15:35:24+00:00","dateModified":"2018-06-07T15:46:08+00:00","mainEntityOfPage":{"@id":"https:\/\/www.todoheavymetal.com\/index.php\/noticias-del-mes\/angelus-apatrida-confirman-nuevas-fechas-en-barcelona-y-valencia"},"wordCount":335,"commentCount":0,"image":{"@id":"https:\/\/www.todoheavymetal.com\/index.php\/noticias-del-mes\/angelus-apatrida-confirman-nuevas-fechas-en-barcelona-y-valencia#primaryimage"},"thumbnailUrl":"https:\/\/scontent-mad1-1.xx.fbcdn.net\/v\/t1.0-9\/34645108_10158009191233636_7040536817984077824_n.jpg?_nc_cat=0&amp;oh=f4c3303b67563808a3f0961e8c60b931&amp;oe=5BBF30A0","keywords":["angelus apatrida","conciertos angelus apatrida","conciertos sala rock city","conciertos sala salamandra","heavy metal","noticias thrash metal"],"articleSection":["Noticias del mes"],"inLanguage":"es","potentialAction":[{"@type":"CommentAction","name":"Comment","target":["https:\/\/www.todoheavymetal.com\/index.php\/noticias-del-mes\/angelus-apatrida-confirman-nuevas-fechas-en-barcelona-y-valencia#respond"]}]},{"@type":"WebPage","@id":"https:\/\/www.todoheavymetal.com\/index.php\/noticias-del-mes\/angelus-apatrida-confirman-nuevas-fechas-en-barcelona-y-valencia","url":"https:\/\/www.todoheavymetal.com\/index.php\/noticias-del-mes\/angelus-apatrida-confirman-nuevas-fechas-en-barcelona-y-valencia","name":"ANGELUS APATRIDA CONFIRMAN NUEVAS FECHAS EN BARCELONA Y VALENCIA - HEAVY METAL - NOTICIAS HEAVY METAL","isPartOf":{"@id":"https:\/\/www.todoheavymetal.com\/#website"},"primaryImageOfPage":{"@id":"https:\/\/www.todoheavymetal.com\/index.php\/noticias-del-mes\/angelus-apatrida-confirman-nuevas-fechas-en-barcelona-y-valencia#primaryimage"},"image":{"@id":"https:\/\/www.todoheavymetal.com\/index.php\/noticias-del-mes\/angelus-apatrida-confirman-nuevas-fechas-en-barcelona-y-valencia#primaryimage"},"thumbnailUrl":"https:\/\/scontent-mad1-1.xx.fbcdn.net\/v\/t1.0-9\/34645108_10158009191233636_7040536817984077824_n.jpg?_nc_cat=0&amp;oh=f4c3303b67563808a3f0961e8c60b931&amp;oe=5BBF30A0","datePublished":"2018-06-07T15:35:24+00:00","dateModified":"2018-06-07T15:46:08+00:00","author":{"@id":"https:\/\/www.todoheavymetal.com\/#\/schema\/person\/aa098e79c44b992ec2357a75883ed217"},"breadcrumb":{"@id":"https:\/\/www.todoheavymetal.com\/index.php\/noticias-del-mes\/angelus-apatrida-confirman-nuevas-fechas-en-barcelona-y-valencia#breadcrumb"},"inLanguage":"es","potentialAction":[{"@type":"ReadAction","target":["https:\/\/www.todoheavymetal.com\/index.php\/noticias-del-mes\/angelus-apatrida-confirman-nuevas-fechas-en-barcelona-y-valencia"]}]},{"@type":"ImageObject","inLanguage":"es","@id":"https:\/\/www.todoheavymetal.com\/index.php\/noticias-del-mes\/angelus-apatrida-confirman-nuevas-fechas-en-barcelona-y-valencia#primaryimage","url":"https:\/\/scontent-mad1-1.xx.fbcdn.net\/v\/t1.0-9\/34645108_10158009191233636_7040536817984077824_n.jpg?_nc_cat=0&amp;oh=f4c3303b67563808a3f0961e8c60b931&amp;oe=5BBF30A0","contentUrl":"https:\/\/scontent-mad1-1.xx.fbcdn.net\/v\/t1.0-9\/34645108_10158009191233636_7040536817984077824_n.jpg?_nc_cat=0&amp;oh=f4c3303b67563808a3f0961e8c60b931&amp;oe=5BBF30A0"},{"@type":"BreadcrumbList","@id":"https:\/\/www.todoheavymetal.com\/index.php\/noticias-del-mes\/angelus-apatrida-confirman-nuevas-fechas-en-barcelona-y-valencia#breadcrumb","itemListElement":[{"@type":"ListItem","position":1,"name":"Portada","item":"https:\/\/www.todoheavymetal.com\/"},{"@type":"ListItem","position":2,"name":"ANGELUS APATRIDA CONFIRMAN NUEVAS FECHAS EN BARCELONA Y VALENCIA"}]},{"@type":"WebSite","@id":"https:\/\/www.todoheavymetal.com\/#website","url":"https:\/\/www.todoheavymetal.com\/","name":"todoheavymetal.com","description":"heavy metal - noticias heavy metal - todoheavymetal","potentialAction":[{"@type":"SearchAction","target":{"@type":"EntryPoint","urlTemplate":"https:\/\/www.todoheavymetal.com\/?s={search_term_string}"},"query-input":{"@type":"PropertyValueSpecification","valueRequired":true,"valueName":"search_term_string"}}],"inLanguage":"es"},{"@type":"Person","@id":"https:\/\/www.todoheavymetal.com\/#\/schema\/person\/aa098e79c44b992ec2357a75883ed217","name":"Javi","image":{"@type":"ImageObject","inLanguage":"es","@id":"https:\/\/secure.gravatar.com\/avatar\/ad9699b1143ed4017d23ce58fa9d83e0375bd1368122b157550ad77cd28bdfdf?s=96&d=monsterid&r=g","url":"https:\/\/secure.gravatar.com\/avatar\/ad9699b1143ed4017d23ce58fa9d83e0375bd1368122b157550ad77cd28bdfdf?s=96&d=monsterid&r=g","contentUrl":"https:\/\/secure.gravatar.com\/avatar\/ad9699b1143ed4017d23ce58fa9d83e0375bd1368122b157550ad77cd28bdfdf?s=96&d=monsterid&r=g","caption":"Javi"},"url":"https:\/\/www.todoheavymetal.com\/index.php\/author\/javipelos"}]}},"_links":{"self":[{"href":"https:\/\/www.todoheavymetal.com\/index.php\/wp-json\/wp\/v2\/posts\/60221","targetHints":{"allow":["GET"]}}],"collection":[{"href":"https:\/\/www.todoheavymetal.com\/index.php\/wp-json\/wp\/v2\/posts"}],"about":[{"href":"https:\/\/www.todoheavymetal.com\/index.php\/wp-json\/wp\/v2\/types\/post"}],"author":[{"embeddable":true,"href":"https:\/\/www.todoheavymetal.com\/index.php\/wp-json\/wp\/v2\/users\/4"}],"replies":[{"embeddable":true,"href":"https:\/\/www.todoheavymetal.com\/index.php\/wp-json\/wp\/v2\/comments?post=60221"}],"version-history":[{"count":3,"href":"https:\/\/www.todoheavymetal.com\/index.php\/wp-json\/wp\/v2\/posts\/60221\/revisions"}],"predecessor-version":[{"id":60242,"href":"https:\/\/www.todoheavymetal.com\/index.php\/wp-json\/wp\/v2\/posts\/60221\/revisions\/60242"}],"wp:attachment":[{"href":"https:\/\/www.todoheavymetal.com\/index.php\/wp-json\/wp\/v2\/media?parent=60221"}],"wp:term":[{"taxonomy":"category","embeddable":true,"href":"https:\/\/www.todoheavymetal.com\/index.php\/wp-json\/wp\/v2\/categories?post=60221"},{"taxonomy":"post_tag","embeddable":true,"href":"https:\/\/www.todoheavymetal.com\/index.php\/wp-json\/wp\/v2\/tags?post=60221"}],"curies":[{"name":"wp","href":"https:\/\/api.w.org\/{rel}","templated":true}]}}