{"id":59958,"date":"2018-05-22T15:31:21","date_gmt":"2018-05-22T13:31:21","guid":{"rendered":"http:\/\/www.todoheavymetal.com\/?p=59958"},"modified":"2018-05-22T19:13:54","modified_gmt":"2018-05-22T17:13:54","slug":"primal-fear-estrena-tema","status":"publish","type":"post","link":"https:\/\/www.todoheavymetal.com\/index.php\/noticias-del-mes\/primal-fear-estrena-tema","title":{"rendered":"PRIMAL FEAR ESTRENA TEMA"},"content":{"rendered":"<p style=\"text-align: justify;\">\u201cHounds of justice\u201d es el primer tema que PRIMAL FEAR estrenan de su nuevo trabajo <em>Apocalypse<\/em>, que llegar\u00e1 de la mano del sello italiano Frontiers Music el d\u00eda 10 de agosto.<\/p>\n<p style=\"text-align: justify;\">El disco contendr\u00e1 12 temas, elegidos de entre m\u00e1s de 30 composiciones. Mat Sinner junto con Jacob Hansen se encargaron de la producci\u00f3n del material que mezcl\u00f3 Hansen en sus Hansen Studios de Dinamarca.<\/p>\n<p style=\"text-align: justify;\">La banda comenta que \u201c<em>estil\u00edsticamente los nuevos temas llevan la misma direcci\u00f3n que nuestro \u00faltimo trabajo Rulebreaker<\/em>\u201d, que PRIMAL FEAR public\u00f3 en 2016.<\/p>\n<p style=\"text-align: justify;\">Ralf Scheepers a\u00f1ade \u201c<em>no s\u00e9 de donde viene y como lo hacemos, pero parece que tenemos algunas de las mejores canciones de heavy metal que hemos hecho desde hace tiempo. No lanzaremos nada con lo que no estemos satisfechos 100%\u201d.<\/em><\/p>\n<p style=\"text-align: justify;\">Mat Sinner comenta tambi\u00e9n \u201c<em>estoy realmente sorprendido por la creatividad que hay en la banda. Cada miembro contribuye en la composici\u00f3n de los temas y estoy muy contento con las canciones elegidas. \u00a1Puedes esperar un \u00e1lbum de metal lleno de energ\u00eda y con una actitud y potencia brutal!\u201d.<\/em><\/p>\n<p style=\"text-align: justify;\">\n<p><iframe loading=\"lazy\" title=\"Primal Fear - &quot;Hounds Of Justice&quot; (Official Lyric Video)\" width=\"625\" height=\"352\" src=\"https:\/\/www.youtube.com\/embed\/qyZWktAtUpk?feature=oembed\" frameborder=\"0\" allow=\"accelerometer; autoplay; clipboard-write; encrypted-media; gyroscope; picture-in-picture; web-share\" referrerpolicy=\"strict-origin-when-cross-origin\" allowfullscreen><\/iframe><br \/>\n<img loading=\"lazy\" decoding=\"async\" class=\"aligncenter\" src=\"https:\/\/www.rocknytt.net\/wp-content\/uploads\/2018\/05\/primal-fear-2018-768x425.jpg\" width=\"531\" height=\"293\" \/><\/p>\n","protected":false},"excerpt":{"rendered":"<p>\u201cHounds of justice\u201d es el primer tema que PRIMAL FEAR estrenan de su nuevo trabajo Apocalypse, que llegar\u00e1 de la mano del sello italiano Frontiers Music el d\u00eda 10 de agosto. El disco contendr\u00e1 12 temas, elegidos de entre m\u00e1s de 30 composiciones. Mat Sinner junto con Jacob Hansen se encargaron de la producci\u00f3n del [&hellip;]<\/p>\n","protected":false},"author":4,"featured_media":0,"comment_status":"open","ping_status":"open","sticky":false,"template":"","format":"standard","meta":{"footnotes":""},"categories":[8],"tags":[27018,7987,23955,4,27785,6,1300],"class_list":["post-59958","post","type-post","status-publish","format-standard","hentry","category-noticias-del-mes","tag-apocalypse","tag-conciertos-espana-primal-fear","tag-frontiers-music-srl","tag-heavy-metal","tag-lyric-videos-primal-fear","tag-noticias-heavy-metal","tag-primal-fear"],"yoast_head":"<!-- This site is optimized with the Yoast SEO plugin v27.5 - https:\/\/yoast.com\/product\/yoast-seo-wordpress\/ -->\n<title>PRIMAL FEAR ESTRENA TEMA - HEAVY METAL - NOTICIAS HEAVY METAL<\/title>\n<meta name=\"robots\" content=\"index, follow, max-snippet:-1, max-image-preview:large, max-video-preview:-1\" \/>\n<link rel=\"canonical\" href=\"https:\/\/www.todoheavymetal.com\/index.php\/noticias-del-mes\/primal-fear-estrena-tema\" \/>\n<meta property=\"og:locale\" content=\"es_ES\" \/>\n<meta property=\"og:type\" content=\"article\" \/>\n<meta property=\"og:title\" content=\"PRIMAL FEAR ESTRENA TEMA - HEAVY METAL - NOTICIAS HEAVY METAL\" \/>\n<meta property=\"og:description\" content=\"\u201cHounds of justice\u201d es el primer tema que PRIMAL FEAR estrenan de su nuevo trabajo Apocalypse, que llegar\u00e1 de la mano del sello italiano Frontiers Music el d\u00eda 10 de agosto. El disco contendr\u00e1 12 temas, elegidos de entre m\u00e1s de 30 composiciones. Mat Sinner junto con Jacob Hansen se encargaron de la producci\u00f3n del [&hellip;]\" \/>\n<meta property=\"og:url\" content=\"https:\/\/www.todoheavymetal.com\/index.php\/noticias-del-mes\/primal-fear-estrena-tema\" \/>\n<meta property=\"og:site_name\" content=\"HEAVY METAL - NOTICIAS HEAVY METAL\" \/>\n<meta property=\"article:publisher\" content=\"https:\/\/www.facebook.com\/todoheavymetal\/\" \/>\n<meta property=\"article:published_time\" content=\"2018-05-22T13:31:21+00:00\" \/>\n<meta property=\"article:modified_time\" content=\"2018-05-22T17:13:54+00:00\" \/>\n<meta property=\"og:image\" content=\"https:\/\/www.rocknytt.net\/wp-content\/uploads\/2018\/05\/primal-fear-2018-768x425.jpg\" \/>\n<meta name=\"author\" content=\"Javi\" \/>\n<meta name=\"twitter:card\" content=\"summary_large_image\" \/>\n<meta name=\"twitter:creator\" content=\"@todoheavymetal\" \/>\n<meta name=\"twitter:site\" content=\"@todoheavymetal\" \/>\n<meta name=\"twitter:label1\" content=\"Escrito por\" \/>\n\t<meta name=\"twitter:data1\" content=\"Javi\" \/>\n\t<meta name=\"twitter:label2\" content=\"Tiempo de lectura\" \/>\n\t<meta name=\"twitter:data2\" content=\"1 minuto\" \/>\n<script type=\"application\/ld+json\" class=\"yoast-schema-graph\">{\"@context\":\"https:\\\/\\\/schema.org\",\"@graph\":[{\"@type\":\"Article\",\"@id\":\"https:\\\/\\\/www.todoheavymetal.com\\\/index.php\\\/noticias-del-mes\\\/primal-fear-estrena-tema#article\",\"isPartOf\":{\"@id\":\"https:\\\/\\\/www.todoheavymetal.com\\\/index.php\\\/noticias-del-mes\\\/primal-fear-estrena-tema\"},\"author\":{\"name\":\"Javi\",\"@id\":\"https:\\\/\\\/www.todoheavymetal.com\\\/#\\\/schema\\\/person\\\/aa098e79c44b992ec2357a75883ed217\"},\"headline\":\"PRIMAL FEAR ESTRENA TEMA\",\"datePublished\":\"2018-05-22T13:31:21+00:00\",\"dateModified\":\"2018-05-22T17:13:54+00:00\",\"mainEntityOfPage\":{\"@id\":\"https:\\\/\\\/www.todoheavymetal.com\\\/index.php\\\/noticias-del-mes\\\/primal-fear-estrena-tema\"},\"wordCount\":195,\"commentCount\":0,\"image\":{\"@id\":\"https:\\\/\\\/www.todoheavymetal.com\\\/index.php\\\/noticias-del-mes\\\/primal-fear-estrena-tema#primaryimage\"},\"thumbnailUrl\":\"https:\\\/\\\/www.rocknytt.net\\\/wp-content\\\/uploads\\\/2018\\\/05\\\/primal-fear-2018-768x425.jpg\",\"keywords\":[\"apocalypse\",\"conciertos espa\u00f1a primal fear\",\"frontiers music srl\",\"heavy metal\",\"lyric videos primal fear\",\"noticias heavy metal\",\"primal fear\"],\"articleSection\":[\"Noticias del mes\"],\"inLanguage\":\"es\",\"potentialAction\":[{\"@type\":\"CommentAction\",\"name\":\"Comment\",\"target\":[\"https:\\\/\\\/www.todoheavymetal.com\\\/index.php\\\/noticias-del-mes\\\/primal-fear-estrena-tema#respond\"]}]},{\"@type\":\"WebPage\",\"@id\":\"https:\\\/\\\/www.todoheavymetal.com\\\/index.php\\\/noticias-del-mes\\\/primal-fear-estrena-tema\",\"url\":\"https:\\\/\\\/www.todoheavymetal.com\\\/index.php\\\/noticias-del-mes\\\/primal-fear-estrena-tema\",\"name\":\"PRIMAL FEAR ESTRENA TEMA - HEAVY METAL - NOTICIAS HEAVY METAL\",\"isPartOf\":{\"@id\":\"https:\\\/\\\/www.todoheavymetal.com\\\/#website\"},\"primaryImageOfPage\":{\"@id\":\"https:\\\/\\\/www.todoheavymetal.com\\\/index.php\\\/noticias-del-mes\\\/primal-fear-estrena-tema#primaryimage\"},\"image\":{\"@id\":\"https:\\\/\\\/www.todoheavymetal.com\\\/index.php\\\/noticias-del-mes\\\/primal-fear-estrena-tema#primaryimage\"},\"thumbnailUrl\":\"https:\\\/\\\/www.rocknytt.net\\\/wp-content\\\/uploads\\\/2018\\\/05\\\/primal-fear-2018-768x425.jpg\",\"datePublished\":\"2018-05-22T13:31:21+00:00\",\"dateModified\":\"2018-05-22T17:13:54+00:00\",\"author\":{\"@id\":\"https:\\\/\\\/www.todoheavymetal.com\\\/#\\\/schema\\\/person\\\/aa098e79c44b992ec2357a75883ed217\"},\"breadcrumb\":{\"@id\":\"https:\\\/\\\/www.todoheavymetal.com\\\/index.php\\\/noticias-del-mes\\\/primal-fear-estrena-tema#breadcrumb\"},\"inLanguage\":\"es\",\"potentialAction\":[{\"@type\":\"ReadAction\",\"target\":[\"https:\\\/\\\/www.todoheavymetal.com\\\/index.php\\\/noticias-del-mes\\\/primal-fear-estrena-tema\"]}]},{\"@type\":\"ImageObject\",\"inLanguage\":\"es\",\"@id\":\"https:\\\/\\\/www.todoheavymetal.com\\\/index.php\\\/noticias-del-mes\\\/primal-fear-estrena-tema#primaryimage\",\"url\":\"https:\\\/\\\/www.rocknytt.net\\\/wp-content\\\/uploads\\\/2018\\\/05\\\/primal-fear-2018-768x425.jpg\",\"contentUrl\":\"https:\\\/\\\/www.rocknytt.net\\\/wp-content\\\/uploads\\\/2018\\\/05\\\/primal-fear-2018-768x425.jpg\"},{\"@type\":\"BreadcrumbList\",\"@id\":\"https:\\\/\\\/www.todoheavymetal.com\\\/index.php\\\/noticias-del-mes\\\/primal-fear-estrena-tema#breadcrumb\",\"itemListElement\":[{\"@type\":\"ListItem\",\"position\":1,\"name\":\"Portada\",\"item\":\"https:\\\/\\\/www.todoheavymetal.com\\\/\"},{\"@type\":\"ListItem\",\"position\":2,\"name\":\"PRIMAL FEAR ESTRENA TEMA\"}]},{\"@type\":\"WebSite\",\"@id\":\"https:\\\/\\\/www.todoheavymetal.com\\\/#website\",\"url\":\"https:\\\/\\\/www.todoheavymetal.com\\\/\",\"name\":\"todoheavymetal.com\",\"description\":\"heavy metal - noticias heavy metal - todoheavymetal\",\"potentialAction\":[{\"@type\":\"SearchAction\",\"target\":{\"@type\":\"EntryPoint\",\"urlTemplate\":\"https:\\\/\\\/www.todoheavymetal.com\\\/?s={search_term_string}\"},\"query-input\":{\"@type\":\"PropertyValueSpecification\",\"valueRequired\":true,\"valueName\":\"search_term_string\"}}],\"inLanguage\":\"es\"},{\"@type\":\"Person\",\"@id\":\"https:\\\/\\\/www.todoheavymetal.com\\\/#\\\/schema\\\/person\\\/aa098e79c44b992ec2357a75883ed217\",\"name\":\"Javi\",\"image\":{\"@type\":\"ImageObject\",\"inLanguage\":\"es\",\"@id\":\"https:\\\/\\\/secure.gravatar.com\\\/avatar\\\/ad9699b1143ed4017d23ce58fa9d83e0375bd1368122b157550ad77cd28bdfdf?s=96&d=monsterid&r=g\",\"url\":\"https:\\\/\\\/secure.gravatar.com\\\/avatar\\\/ad9699b1143ed4017d23ce58fa9d83e0375bd1368122b157550ad77cd28bdfdf?s=96&d=monsterid&r=g\",\"contentUrl\":\"https:\\\/\\\/secure.gravatar.com\\\/avatar\\\/ad9699b1143ed4017d23ce58fa9d83e0375bd1368122b157550ad77cd28bdfdf?s=96&d=monsterid&r=g\",\"caption\":\"Javi\"},\"url\":\"https:\\\/\\\/www.todoheavymetal.com\\\/index.php\\\/author\\\/javipelos\"}]}<\/script>\n<!-- \/ Yoast SEO plugin. -->","yoast_head_json":{"title":"PRIMAL FEAR ESTRENA TEMA - HEAVY METAL - NOTICIAS HEAVY METAL","robots":{"index":"index","follow":"follow","max-snippet":"max-snippet:-1","max-image-preview":"max-image-preview:large","max-video-preview":"max-video-preview:-1"},"canonical":"https:\/\/www.todoheavymetal.com\/index.php\/noticias-del-mes\/primal-fear-estrena-tema","og_locale":"es_ES","og_type":"article","og_title":"PRIMAL FEAR ESTRENA TEMA - HEAVY METAL - NOTICIAS HEAVY METAL","og_description":"\u201cHounds of justice\u201d es el primer tema que PRIMAL FEAR estrenan de su nuevo trabajo Apocalypse, que llegar\u00e1 de la mano del sello italiano Frontiers Music el d\u00eda 10 de agosto. El disco contendr\u00e1 12 temas, elegidos de entre m\u00e1s de 30 composiciones. Mat Sinner junto con Jacob Hansen se encargaron de la producci\u00f3n del [&hellip;]","og_url":"https:\/\/www.todoheavymetal.com\/index.php\/noticias-del-mes\/primal-fear-estrena-tema","og_site_name":"HEAVY METAL - NOTICIAS HEAVY METAL","article_publisher":"https:\/\/www.facebook.com\/todoheavymetal\/","article_published_time":"2018-05-22T13:31:21+00:00","article_modified_time":"2018-05-22T17:13:54+00:00","og_image":[{"url":"https:\/\/www.rocknytt.net\/wp-content\/uploads\/2018\/05\/primal-fear-2018-768x425.jpg","type":"","width":"","height":""}],"author":"Javi","twitter_card":"summary_large_image","twitter_creator":"@todoheavymetal","twitter_site":"@todoheavymetal","twitter_misc":{"Escrito por":"Javi","Tiempo de lectura":"1 minuto"},"schema":{"@context":"https:\/\/schema.org","@graph":[{"@type":"Article","@id":"https:\/\/www.todoheavymetal.com\/index.php\/noticias-del-mes\/primal-fear-estrena-tema#article","isPartOf":{"@id":"https:\/\/www.todoheavymetal.com\/index.php\/noticias-del-mes\/primal-fear-estrena-tema"},"author":{"name":"Javi","@id":"https:\/\/www.todoheavymetal.com\/#\/schema\/person\/aa098e79c44b992ec2357a75883ed217"},"headline":"PRIMAL FEAR ESTRENA TEMA","datePublished":"2018-05-22T13:31:21+00:00","dateModified":"2018-05-22T17:13:54+00:00","mainEntityOfPage":{"@id":"https:\/\/www.todoheavymetal.com\/index.php\/noticias-del-mes\/primal-fear-estrena-tema"},"wordCount":195,"commentCount":0,"image":{"@id":"https:\/\/www.todoheavymetal.com\/index.php\/noticias-del-mes\/primal-fear-estrena-tema#primaryimage"},"thumbnailUrl":"https:\/\/www.rocknytt.net\/wp-content\/uploads\/2018\/05\/primal-fear-2018-768x425.jpg","keywords":["apocalypse","conciertos espa\u00f1a primal fear","frontiers music srl","heavy metal","lyric videos primal fear","noticias heavy metal","primal fear"],"articleSection":["Noticias del mes"],"inLanguage":"es","potentialAction":[{"@type":"CommentAction","name":"Comment","target":["https:\/\/www.todoheavymetal.com\/index.php\/noticias-del-mes\/primal-fear-estrena-tema#respond"]}]},{"@type":"WebPage","@id":"https:\/\/www.todoheavymetal.com\/index.php\/noticias-del-mes\/primal-fear-estrena-tema","url":"https:\/\/www.todoheavymetal.com\/index.php\/noticias-del-mes\/primal-fear-estrena-tema","name":"PRIMAL FEAR ESTRENA TEMA - HEAVY METAL - NOTICIAS HEAVY METAL","isPartOf":{"@id":"https:\/\/www.todoheavymetal.com\/#website"},"primaryImageOfPage":{"@id":"https:\/\/www.todoheavymetal.com\/index.php\/noticias-del-mes\/primal-fear-estrena-tema#primaryimage"},"image":{"@id":"https:\/\/www.todoheavymetal.com\/index.php\/noticias-del-mes\/primal-fear-estrena-tema#primaryimage"},"thumbnailUrl":"https:\/\/www.rocknytt.net\/wp-content\/uploads\/2018\/05\/primal-fear-2018-768x425.jpg","datePublished":"2018-05-22T13:31:21+00:00","dateModified":"2018-05-22T17:13:54+00:00","author":{"@id":"https:\/\/www.todoheavymetal.com\/#\/schema\/person\/aa098e79c44b992ec2357a75883ed217"},"breadcrumb":{"@id":"https:\/\/www.todoheavymetal.com\/index.php\/noticias-del-mes\/primal-fear-estrena-tema#breadcrumb"},"inLanguage":"es","potentialAction":[{"@type":"ReadAction","target":["https:\/\/www.todoheavymetal.com\/index.php\/noticias-del-mes\/primal-fear-estrena-tema"]}]},{"@type":"ImageObject","inLanguage":"es","@id":"https:\/\/www.todoheavymetal.com\/index.php\/noticias-del-mes\/primal-fear-estrena-tema#primaryimage","url":"https:\/\/www.rocknytt.net\/wp-content\/uploads\/2018\/05\/primal-fear-2018-768x425.jpg","contentUrl":"https:\/\/www.rocknytt.net\/wp-content\/uploads\/2018\/05\/primal-fear-2018-768x425.jpg"},{"@type":"BreadcrumbList","@id":"https:\/\/www.todoheavymetal.com\/index.php\/noticias-del-mes\/primal-fear-estrena-tema#breadcrumb","itemListElement":[{"@type":"ListItem","position":1,"name":"Portada","item":"https:\/\/www.todoheavymetal.com\/"},{"@type":"ListItem","position":2,"name":"PRIMAL FEAR ESTRENA TEMA"}]},{"@type":"WebSite","@id":"https:\/\/www.todoheavymetal.com\/#website","url":"https:\/\/www.todoheavymetal.com\/","name":"todoheavymetal.com","description":"heavy metal - noticias heavy metal - todoheavymetal","potentialAction":[{"@type":"SearchAction","target":{"@type":"EntryPoint","urlTemplate":"https:\/\/www.todoheavymetal.com\/?s={search_term_string}"},"query-input":{"@type":"PropertyValueSpecification","valueRequired":true,"valueName":"search_term_string"}}],"inLanguage":"es"},{"@type":"Person","@id":"https:\/\/www.todoheavymetal.com\/#\/schema\/person\/aa098e79c44b992ec2357a75883ed217","name":"Javi","image":{"@type":"ImageObject","inLanguage":"es","@id":"https:\/\/secure.gravatar.com\/avatar\/ad9699b1143ed4017d23ce58fa9d83e0375bd1368122b157550ad77cd28bdfdf?s=96&d=monsterid&r=g","url":"https:\/\/secure.gravatar.com\/avatar\/ad9699b1143ed4017d23ce58fa9d83e0375bd1368122b157550ad77cd28bdfdf?s=96&d=monsterid&r=g","contentUrl":"https:\/\/secure.gravatar.com\/avatar\/ad9699b1143ed4017d23ce58fa9d83e0375bd1368122b157550ad77cd28bdfdf?s=96&d=monsterid&r=g","caption":"Javi"},"url":"https:\/\/www.todoheavymetal.com\/index.php\/author\/javipelos"}]}},"_links":{"self":[{"href":"https:\/\/www.todoheavymetal.com\/index.php\/wp-json\/wp\/v2\/posts\/59958","targetHints":{"allow":["GET"]}}],"collection":[{"href":"https:\/\/www.todoheavymetal.com\/index.php\/wp-json\/wp\/v2\/posts"}],"about":[{"href":"https:\/\/www.todoheavymetal.com\/index.php\/wp-json\/wp\/v2\/types\/post"}],"author":[{"embeddable":true,"href":"https:\/\/www.todoheavymetal.com\/index.php\/wp-json\/wp\/v2\/users\/4"}],"replies":[{"embeddable":true,"href":"https:\/\/www.todoheavymetal.com\/index.php\/wp-json\/wp\/v2\/comments?post=59958"}],"version-history":[{"count":5,"href":"https:\/\/www.todoheavymetal.com\/index.php\/wp-json\/wp\/v2\/posts\/59958\/revisions"}],"predecessor-version":[{"id":59983,"href":"https:\/\/www.todoheavymetal.com\/index.php\/wp-json\/wp\/v2\/posts\/59958\/revisions\/59983"}],"wp:attachment":[{"href":"https:\/\/www.todoheavymetal.com\/index.php\/wp-json\/wp\/v2\/media?parent=59958"}],"wp:term":[{"taxonomy":"category","embeddable":true,"href":"https:\/\/www.todoheavymetal.com\/index.php\/wp-json\/wp\/v2\/categories?post=59958"},{"taxonomy":"post_tag","embeddable":true,"href":"https:\/\/www.todoheavymetal.com\/index.php\/wp-json\/wp\/v2\/tags?post=59958"}],"curies":[{"name":"wp","href":"https:\/\/api.w.org\/{rel}","templated":true}]}}