{"id":5879,"date":"2011-06-23T19:45:29","date_gmt":"2011-06-23T17:45:29","guid":{"rendered":"http:\/\/www.todoheavymetal.com\/?p=5879"},"modified":"2011-06-23T19:46:26","modified_gmt":"2011-06-23T17:46:26","slug":"el-festival-leyendas-del-rock-cambia-de-ubicacion","status":"publish","type":"post","link":"https:\/\/www.todoheavymetal.com\/index.php\/noticias-del-mes\/el-festival-leyendas-del-rock-cambia-de-ubicacion","title":{"rendered":"EL FESTIVAL LEYENDAS DEL ROCK CAMBIA DE UBICACI\u00d3N"},"content":{"rendered":"<p><img loading=\"lazy\" decoding=\"async\" class=\"alignright\" src=\"http:\/\/www.lorcarockfestival.com\/leyendas\/leyendas2011.jpg\" alt=\"\" width=\"263\" height=\"411\" \/>\u00c9sta es la nota que ha dejado la organizaci\u00f3n:<\/p>\n<p><em>\u201cLeyendas del Rock cambia de ubicaci\u00f3n; nos vamos a Beniel.<\/em><\/p>\n<p><em>Queridos amigos, el Leyendas vuelve a retomar su esp\u00edritu n\u00f3mada y busca nuevos horizontes. El nuevo alcalde de San Javier no tiene intenci\u00f3n en absoluto de respetar los acuerdos alcanzados hace ya un a\u00f1o con el anterior gobierno de la localidad y, sobre todo, no ha mostrado el respeto que se merecen ni el Leyendas ni su p\u00fablico, por lo que nos vemos obligados a tomar esta dolorosa decisi\u00f3n.<\/em><\/p>\n<p><em>Beniel es la nueva localidad que acoger\u00e1 el Leyendas del Rock. Su gente nos ha abierto las puertas desde el primer momento. Las puertas y lo que es m\u00e1s importante, su coraz\u00f3n. Beniel es una modesta localidad murciana, de unos 10.000 habitantes, colindante con Orihuela y con un equipo de gobierno \u00e1gil, din\u00e1mico y con ganas de trabajar por y para sus ciudadanos. El festival se celebrar\u00e1 en las fechas previstas, en el Colegio R\u00edo Segura, un lugar asfaltado, amplio y muy c\u00f3modo. La zona de acampada estar\u00e1 situada a escasos 3 minutos andando desde el recinto de conciertos y, aunque no dispone de zona arbolada, s\u00ed que instalaremos una gran carpa con mesas y sillas donde poder descansar tranquilamente a la sombra. Indicar tambi\u00e9n que Beniel cuenta con una parada de tren justo al lado del colegio R\u00edo Segura. En d\u00edas sucesivos, iremos proporcionando toda la informaci\u00f3n al respecto.<\/em><\/p>\n<p><em>Queremos agradecer profundamente, en estos dos a\u00f1os que hemos permanecido en San Javier, el excelente trato recibido; a la antigua corporaci\u00f3n municipal, con su alcaldesa a la cabeza y a todo el personal del ayuntamiento\u00a0por su dedicaci\u00f3n al\u00a0festival, consiguiendo que\u00a0las cosas fuesen f\u00e1ciles y agradables.<\/em><\/p>\n<p><em>A nuestro p\u00fablico; disculpad las molestias que esto os pueda ocasionar con respecto a reservas hoteleras y viajes ya previamente organizados, pero entended que era necesario por el bien del Leyendas. Todos aquellos que deseen devolver su entrada adquirida en la red de Ticketmaster, pueden hacerlo desde hoy mismo y en un plazo de 15 d\u00edas.<\/em><\/p>\n<p><em>Como suele decir \u00d3scar Lujuria; hoy m\u00e1s que nunca: por el puto Rock and Roll.<\/em><\/p>\n<p><em>Marcos Rubio Sicilia. Leyendas del Rock\u201d.<\/em><em><\/em><\/p>\n","protected":false},"excerpt":{"rendered":"<p>\u00c9sta es la nota que ha dejado la organizaci\u00f3n: \u201cLeyendas del Rock cambia de ubicaci\u00f3n; nos vamos a Beniel. Queridos amigos, el Leyendas vuelve a retomar su esp\u00edritu n\u00f3mada y busca nuevos horizontes. El nuevo alcalde de San Javier no tiene intenci\u00f3n en absoluto de respetar los acuerdos alcanzados hace ya un a\u00f1o con el [&hellip;]<\/p>\n","protected":false},"author":4,"featured_media":0,"comment_status":"open","ping_status":"open","sticky":false,"template":"","format":"standard","meta":{"footnotes":""},"categories":[8],"tags":[1175,4682,4683,6,1978],"class_list":["post-5879","post","type-post","status-publish","format-standard","hentry","category-noticias-del-mes","tag-festival-leyendas-del-rock","tag-leyendas-del-rock-cambia-de-ubicacion","tag-leyendas-del-rock-en-beniel","tag-noticias-heavy-metal","tag-noticias-todoheavymetal"],"yoast_head":"<!-- This site is optimized with the Yoast SEO plugin v27.5 - https:\/\/yoast.com\/product\/yoast-seo-wordpress\/ -->\n<title>EL FESTIVAL LEYENDAS DEL ROCK CAMBIA DE UBICACI\u00d3N - HEAVY METAL - NOTICIAS HEAVY METAL<\/title>\n<meta name=\"robots\" content=\"index, follow, max-snippet:-1, max-image-preview:large, max-video-preview:-1\" \/>\n<link rel=\"canonical\" href=\"https:\/\/www.todoheavymetal.com\/index.php\/noticias-del-mes\/el-festival-leyendas-del-rock-cambia-de-ubicacion\" \/>\n<meta property=\"og:locale\" content=\"es_ES\" \/>\n<meta property=\"og:type\" content=\"article\" \/>\n<meta property=\"og:title\" content=\"EL FESTIVAL LEYENDAS DEL ROCK CAMBIA DE UBICACI\u00d3N - HEAVY METAL - NOTICIAS HEAVY METAL\" \/>\n<meta property=\"og:description\" content=\"\u00c9sta es la nota que ha dejado la organizaci\u00f3n: \u201cLeyendas del Rock cambia de ubicaci\u00f3n; nos vamos a Beniel. Queridos amigos, el Leyendas vuelve a retomar su esp\u00edritu n\u00f3mada y busca nuevos horizontes. El nuevo alcalde de San Javier no tiene intenci\u00f3n en absoluto de respetar los acuerdos alcanzados hace ya un a\u00f1o con el [&hellip;]\" \/>\n<meta property=\"og:url\" content=\"https:\/\/www.todoheavymetal.com\/index.php\/noticias-del-mes\/el-festival-leyendas-del-rock-cambia-de-ubicacion\" \/>\n<meta property=\"og:site_name\" content=\"HEAVY METAL - NOTICIAS HEAVY METAL\" \/>\n<meta property=\"article:publisher\" content=\"https:\/\/www.facebook.com\/todoheavymetal\/\" \/>\n<meta property=\"article:published_time\" content=\"2011-06-23T17:45:29+00:00\" \/>\n<meta property=\"article:modified_time\" content=\"2011-06-23T17:46:26+00:00\" \/>\n<meta property=\"og:image\" content=\"http:\/\/www.lorcarockfestival.com\/leyendas\/leyendas2011.jpg\" \/>\n<meta name=\"author\" content=\"Javi\" \/>\n<meta name=\"twitter:card\" content=\"summary_large_image\" \/>\n<meta name=\"twitter:creator\" content=\"@todoheavymetal\" \/>\n<meta name=\"twitter:site\" content=\"@todoheavymetal\" \/>\n<meta name=\"twitter:label1\" content=\"Escrito por\" \/>\n\t<meta name=\"twitter:data1\" content=\"Javi\" \/>\n\t<meta name=\"twitter:label2\" content=\"Tiempo de lectura\" \/>\n\t<meta name=\"twitter:data2\" content=\"2 minutos\" \/>\n<script type=\"application\/ld+json\" class=\"yoast-schema-graph\">{\"@context\":\"https:\\\/\\\/schema.org\",\"@graph\":[{\"@type\":\"Article\",\"@id\":\"https:\\\/\\\/www.todoheavymetal.com\\\/index.php\\\/noticias-del-mes\\\/el-festival-leyendas-del-rock-cambia-de-ubicacion#article\",\"isPartOf\":{\"@id\":\"https:\\\/\\\/www.todoheavymetal.com\\\/index.php\\\/noticias-del-mes\\\/el-festival-leyendas-del-rock-cambia-de-ubicacion\"},\"author\":{\"name\":\"Javi\",\"@id\":\"https:\\\/\\\/www.todoheavymetal.com\\\/#\\\/schema\\\/person\\\/aa098e79c44b992ec2357a75883ed217\"},\"headline\":\"EL FESTIVAL LEYENDAS DEL ROCK CAMBIA DE UBICACI\u00d3N\",\"datePublished\":\"2011-06-23T17:45:29+00:00\",\"dateModified\":\"2011-06-23T17:46:26+00:00\",\"mainEntityOfPage\":{\"@id\":\"https:\\\/\\\/www.todoheavymetal.com\\\/index.php\\\/noticias-del-mes\\\/el-festival-leyendas-del-rock-cambia-de-ubicacion\"},\"wordCount\":393,\"commentCount\":0,\"image\":{\"@id\":\"https:\\\/\\\/www.todoheavymetal.com\\\/index.php\\\/noticias-del-mes\\\/el-festival-leyendas-del-rock-cambia-de-ubicacion#primaryimage\"},\"thumbnailUrl\":\"http:\\\/\\\/www.lorcarockfestival.com\\\/leyendas\\\/leyendas2011.jpg\",\"keywords\":[\"festival leyendas del rock\",\"leyendas del rock cambia de ubicacion\",\"leyendas del rock en beniel\",\"noticias heavy metal\",\"noticias todoheavymetal\"],\"articleSection\":[\"Noticias del mes\"],\"inLanguage\":\"es\",\"potentialAction\":[{\"@type\":\"CommentAction\",\"name\":\"Comment\",\"target\":[\"https:\\\/\\\/www.todoheavymetal.com\\\/index.php\\\/noticias-del-mes\\\/el-festival-leyendas-del-rock-cambia-de-ubicacion#respond\"]}]},{\"@type\":\"WebPage\",\"@id\":\"https:\\\/\\\/www.todoheavymetal.com\\\/index.php\\\/noticias-del-mes\\\/el-festival-leyendas-del-rock-cambia-de-ubicacion\",\"url\":\"https:\\\/\\\/www.todoheavymetal.com\\\/index.php\\\/noticias-del-mes\\\/el-festival-leyendas-del-rock-cambia-de-ubicacion\",\"name\":\"EL FESTIVAL LEYENDAS DEL ROCK CAMBIA DE UBICACI\u00d3N - HEAVY METAL - NOTICIAS HEAVY METAL\",\"isPartOf\":{\"@id\":\"https:\\\/\\\/www.todoheavymetal.com\\\/#website\"},\"primaryImageOfPage\":{\"@id\":\"https:\\\/\\\/www.todoheavymetal.com\\\/index.php\\\/noticias-del-mes\\\/el-festival-leyendas-del-rock-cambia-de-ubicacion#primaryimage\"},\"image\":{\"@id\":\"https:\\\/\\\/www.todoheavymetal.com\\\/index.php\\\/noticias-del-mes\\\/el-festival-leyendas-del-rock-cambia-de-ubicacion#primaryimage\"},\"thumbnailUrl\":\"http:\\\/\\\/www.lorcarockfestival.com\\\/leyendas\\\/leyendas2011.jpg\",\"datePublished\":\"2011-06-23T17:45:29+00:00\",\"dateModified\":\"2011-06-23T17:46:26+00:00\",\"author\":{\"@id\":\"https:\\\/\\\/www.todoheavymetal.com\\\/#\\\/schema\\\/person\\\/aa098e79c44b992ec2357a75883ed217\"},\"breadcrumb\":{\"@id\":\"https:\\\/\\\/www.todoheavymetal.com\\\/index.php\\\/noticias-del-mes\\\/el-festival-leyendas-del-rock-cambia-de-ubicacion#breadcrumb\"},\"inLanguage\":\"es\",\"potentialAction\":[{\"@type\":\"ReadAction\",\"target\":[\"https:\\\/\\\/www.todoheavymetal.com\\\/index.php\\\/noticias-del-mes\\\/el-festival-leyendas-del-rock-cambia-de-ubicacion\"]}]},{\"@type\":\"ImageObject\",\"inLanguage\":\"es\",\"@id\":\"https:\\\/\\\/www.todoheavymetal.com\\\/index.php\\\/noticias-del-mes\\\/el-festival-leyendas-del-rock-cambia-de-ubicacion#primaryimage\",\"url\":\"http:\\\/\\\/www.lorcarockfestival.com\\\/leyendas\\\/leyendas2011.jpg\",\"contentUrl\":\"http:\\\/\\\/www.lorcarockfestival.com\\\/leyendas\\\/leyendas2011.jpg\"},{\"@type\":\"BreadcrumbList\",\"@id\":\"https:\\\/\\\/www.todoheavymetal.com\\\/index.php\\\/noticias-del-mes\\\/el-festival-leyendas-del-rock-cambia-de-ubicacion#breadcrumb\",\"itemListElement\":[{\"@type\":\"ListItem\",\"position\":1,\"name\":\"Portada\",\"item\":\"https:\\\/\\\/www.todoheavymetal.com\\\/\"},{\"@type\":\"ListItem\",\"position\":2,\"name\":\"EL FESTIVAL LEYENDAS DEL ROCK CAMBIA DE UBICACI\u00d3N\"}]},{\"@type\":\"WebSite\",\"@id\":\"https:\\\/\\\/www.todoheavymetal.com\\\/#website\",\"url\":\"https:\\\/\\\/www.todoheavymetal.com\\\/\",\"name\":\"todoheavymetal.com\",\"description\":\"heavy metal - noticias heavy metal - todoheavymetal\",\"potentialAction\":[{\"@type\":\"SearchAction\",\"target\":{\"@type\":\"EntryPoint\",\"urlTemplate\":\"https:\\\/\\\/www.todoheavymetal.com\\\/?s={search_term_string}\"},\"query-input\":{\"@type\":\"PropertyValueSpecification\",\"valueRequired\":true,\"valueName\":\"search_term_string\"}}],\"inLanguage\":\"es\"},{\"@type\":\"Person\",\"@id\":\"https:\\\/\\\/www.todoheavymetal.com\\\/#\\\/schema\\\/person\\\/aa098e79c44b992ec2357a75883ed217\",\"name\":\"Javi\",\"image\":{\"@type\":\"ImageObject\",\"inLanguage\":\"es\",\"@id\":\"https:\\\/\\\/secure.gravatar.com\\\/avatar\\\/ad9699b1143ed4017d23ce58fa9d83e0375bd1368122b157550ad77cd28bdfdf?s=96&d=monsterid&r=g\",\"url\":\"https:\\\/\\\/secure.gravatar.com\\\/avatar\\\/ad9699b1143ed4017d23ce58fa9d83e0375bd1368122b157550ad77cd28bdfdf?s=96&d=monsterid&r=g\",\"contentUrl\":\"https:\\\/\\\/secure.gravatar.com\\\/avatar\\\/ad9699b1143ed4017d23ce58fa9d83e0375bd1368122b157550ad77cd28bdfdf?s=96&d=monsterid&r=g\",\"caption\":\"Javi\"},\"url\":\"https:\\\/\\\/www.todoheavymetal.com\\\/index.php\\\/author\\\/javipelos\"}]}<\/script>\n<!-- \/ Yoast SEO plugin. -->","yoast_head_json":{"title":"EL FESTIVAL LEYENDAS DEL ROCK CAMBIA DE UBICACI\u00d3N - HEAVY METAL - NOTICIAS HEAVY METAL","robots":{"index":"index","follow":"follow","max-snippet":"max-snippet:-1","max-image-preview":"max-image-preview:large","max-video-preview":"max-video-preview:-1"},"canonical":"https:\/\/www.todoheavymetal.com\/index.php\/noticias-del-mes\/el-festival-leyendas-del-rock-cambia-de-ubicacion","og_locale":"es_ES","og_type":"article","og_title":"EL FESTIVAL LEYENDAS DEL ROCK CAMBIA DE UBICACI\u00d3N - HEAVY METAL - NOTICIAS HEAVY METAL","og_description":"\u00c9sta es la nota que ha dejado la organizaci\u00f3n: \u201cLeyendas del Rock cambia de ubicaci\u00f3n; nos vamos a Beniel. Queridos amigos, el Leyendas vuelve a retomar su esp\u00edritu n\u00f3mada y busca nuevos horizontes. El nuevo alcalde de San Javier no tiene intenci\u00f3n en absoluto de respetar los acuerdos alcanzados hace ya un a\u00f1o con el [&hellip;]","og_url":"https:\/\/www.todoheavymetal.com\/index.php\/noticias-del-mes\/el-festival-leyendas-del-rock-cambia-de-ubicacion","og_site_name":"HEAVY METAL - NOTICIAS HEAVY METAL","article_publisher":"https:\/\/www.facebook.com\/todoheavymetal\/","article_published_time":"2011-06-23T17:45:29+00:00","article_modified_time":"2011-06-23T17:46:26+00:00","og_image":[{"url":"http:\/\/www.lorcarockfestival.com\/leyendas\/leyendas2011.jpg","type":"","width":"","height":""}],"author":"Javi","twitter_card":"summary_large_image","twitter_creator":"@todoheavymetal","twitter_site":"@todoheavymetal","twitter_misc":{"Escrito por":"Javi","Tiempo de lectura":"2 minutos"},"schema":{"@context":"https:\/\/schema.org","@graph":[{"@type":"Article","@id":"https:\/\/www.todoheavymetal.com\/index.php\/noticias-del-mes\/el-festival-leyendas-del-rock-cambia-de-ubicacion#article","isPartOf":{"@id":"https:\/\/www.todoheavymetal.com\/index.php\/noticias-del-mes\/el-festival-leyendas-del-rock-cambia-de-ubicacion"},"author":{"name":"Javi","@id":"https:\/\/www.todoheavymetal.com\/#\/schema\/person\/aa098e79c44b992ec2357a75883ed217"},"headline":"EL FESTIVAL LEYENDAS DEL ROCK CAMBIA DE UBICACI\u00d3N","datePublished":"2011-06-23T17:45:29+00:00","dateModified":"2011-06-23T17:46:26+00:00","mainEntityOfPage":{"@id":"https:\/\/www.todoheavymetal.com\/index.php\/noticias-del-mes\/el-festival-leyendas-del-rock-cambia-de-ubicacion"},"wordCount":393,"commentCount":0,"image":{"@id":"https:\/\/www.todoheavymetal.com\/index.php\/noticias-del-mes\/el-festival-leyendas-del-rock-cambia-de-ubicacion#primaryimage"},"thumbnailUrl":"http:\/\/www.lorcarockfestival.com\/leyendas\/leyendas2011.jpg","keywords":["festival leyendas del rock","leyendas del rock cambia de ubicacion","leyendas del rock en beniel","noticias heavy metal","noticias todoheavymetal"],"articleSection":["Noticias del mes"],"inLanguage":"es","potentialAction":[{"@type":"CommentAction","name":"Comment","target":["https:\/\/www.todoheavymetal.com\/index.php\/noticias-del-mes\/el-festival-leyendas-del-rock-cambia-de-ubicacion#respond"]}]},{"@type":"WebPage","@id":"https:\/\/www.todoheavymetal.com\/index.php\/noticias-del-mes\/el-festival-leyendas-del-rock-cambia-de-ubicacion","url":"https:\/\/www.todoheavymetal.com\/index.php\/noticias-del-mes\/el-festival-leyendas-del-rock-cambia-de-ubicacion","name":"EL FESTIVAL LEYENDAS DEL ROCK CAMBIA DE UBICACI\u00d3N - HEAVY METAL - NOTICIAS HEAVY METAL","isPartOf":{"@id":"https:\/\/www.todoheavymetal.com\/#website"},"primaryImageOfPage":{"@id":"https:\/\/www.todoheavymetal.com\/index.php\/noticias-del-mes\/el-festival-leyendas-del-rock-cambia-de-ubicacion#primaryimage"},"image":{"@id":"https:\/\/www.todoheavymetal.com\/index.php\/noticias-del-mes\/el-festival-leyendas-del-rock-cambia-de-ubicacion#primaryimage"},"thumbnailUrl":"http:\/\/www.lorcarockfestival.com\/leyendas\/leyendas2011.jpg","datePublished":"2011-06-23T17:45:29+00:00","dateModified":"2011-06-23T17:46:26+00:00","author":{"@id":"https:\/\/www.todoheavymetal.com\/#\/schema\/person\/aa098e79c44b992ec2357a75883ed217"},"breadcrumb":{"@id":"https:\/\/www.todoheavymetal.com\/index.php\/noticias-del-mes\/el-festival-leyendas-del-rock-cambia-de-ubicacion#breadcrumb"},"inLanguage":"es","potentialAction":[{"@type":"ReadAction","target":["https:\/\/www.todoheavymetal.com\/index.php\/noticias-del-mes\/el-festival-leyendas-del-rock-cambia-de-ubicacion"]}]},{"@type":"ImageObject","inLanguage":"es","@id":"https:\/\/www.todoheavymetal.com\/index.php\/noticias-del-mes\/el-festival-leyendas-del-rock-cambia-de-ubicacion#primaryimage","url":"http:\/\/www.lorcarockfestival.com\/leyendas\/leyendas2011.jpg","contentUrl":"http:\/\/www.lorcarockfestival.com\/leyendas\/leyendas2011.jpg"},{"@type":"BreadcrumbList","@id":"https:\/\/www.todoheavymetal.com\/index.php\/noticias-del-mes\/el-festival-leyendas-del-rock-cambia-de-ubicacion#breadcrumb","itemListElement":[{"@type":"ListItem","position":1,"name":"Portada","item":"https:\/\/www.todoheavymetal.com\/"},{"@type":"ListItem","position":2,"name":"EL FESTIVAL LEYENDAS DEL ROCK CAMBIA DE UBICACI\u00d3N"}]},{"@type":"WebSite","@id":"https:\/\/www.todoheavymetal.com\/#website","url":"https:\/\/www.todoheavymetal.com\/","name":"todoheavymetal.com","description":"heavy metal - noticias heavy metal - todoheavymetal","potentialAction":[{"@type":"SearchAction","target":{"@type":"EntryPoint","urlTemplate":"https:\/\/www.todoheavymetal.com\/?s={search_term_string}"},"query-input":{"@type":"PropertyValueSpecification","valueRequired":true,"valueName":"search_term_string"}}],"inLanguage":"es"},{"@type":"Person","@id":"https:\/\/www.todoheavymetal.com\/#\/schema\/person\/aa098e79c44b992ec2357a75883ed217","name":"Javi","image":{"@type":"ImageObject","inLanguage":"es","@id":"https:\/\/secure.gravatar.com\/avatar\/ad9699b1143ed4017d23ce58fa9d83e0375bd1368122b157550ad77cd28bdfdf?s=96&d=monsterid&r=g","url":"https:\/\/secure.gravatar.com\/avatar\/ad9699b1143ed4017d23ce58fa9d83e0375bd1368122b157550ad77cd28bdfdf?s=96&d=monsterid&r=g","contentUrl":"https:\/\/secure.gravatar.com\/avatar\/ad9699b1143ed4017d23ce58fa9d83e0375bd1368122b157550ad77cd28bdfdf?s=96&d=monsterid&r=g","caption":"Javi"},"url":"https:\/\/www.todoheavymetal.com\/index.php\/author\/javipelos"}]}},"_links":{"self":[{"href":"https:\/\/www.todoheavymetal.com\/index.php\/wp-json\/wp\/v2\/posts\/5879","targetHints":{"allow":["GET"]}}],"collection":[{"href":"https:\/\/www.todoheavymetal.com\/index.php\/wp-json\/wp\/v2\/posts"}],"about":[{"href":"https:\/\/www.todoheavymetal.com\/index.php\/wp-json\/wp\/v2\/types\/post"}],"author":[{"embeddable":true,"href":"https:\/\/www.todoheavymetal.com\/index.php\/wp-json\/wp\/v2\/users\/4"}],"replies":[{"embeddable":true,"href":"https:\/\/www.todoheavymetal.com\/index.php\/wp-json\/wp\/v2\/comments?post=5879"}],"version-history":[{"count":2,"href":"https:\/\/www.todoheavymetal.com\/index.php\/wp-json\/wp\/v2\/posts\/5879\/revisions"}],"predecessor-version":[{"id":5881,"href":"https:\/\/www.todoheavymetal.com\/index.php\/wp-json\/wp\/v2\/posts\/5879\/revisions\/5881"}],"wp:attachment":[{"href":"https:\/\/www.todoheavymetal.com\/index.php\/wp-json\/wp\/v2\/media?parent=5879"}],"wp:term":[{"taxonomy":"category","embeddable":true,"href":"https:\/\/www.todoheavymetal.com\/index.php\/wp-json\/wp\/v2\/categories?post=5879"},{"taxonomy":"post_tag","embeddable":true,"href":"https:\/\/www.todoheavymetal.com\/index.php\/wp-json\/wp\/v2\/tags?post=5879"}],"curies":[{"name":"wp","href":"https:\/\/api.w.org\/{rel}","templated":true}]}}