{"id":53299,"date":"2017-03-19T18:49:04","date_gmt":"2017-03-19T17:49:04","guid":{"rendered":"http:\/\/www.todoheavymetal.com\/?p=53299"},"modified":"2017-03-18T09:48:43","modified_gmt":"2017-03-18T08:48:43","slug":"detalles-del-concierto-de-them-en-valencia","status":"publish","type":"post","link":"https:\/\/www.todoheavymetal.com\/index.php\/noticias-del-mes\/detalles-del-concierto-de-them-en-valencia","title":{"rendered":"DETALLES DEL CONCIERTO DE THEM EN VALENCIA"},"content":{"rendered":"<p style=\"text-align: justify;\">Como ya os adelant\u00e9 hace semanas THEM estar\u00e1n tocando el viernes 26 de mayo en la sala Paberse Matao de Sedav\u00ed (Valencia).<\/p>\n<p style=\"text-align: justify;\">WICKED INC. ser\u00e1 el grupo encargado de calentar el ambiente antes de la descarga de THEM.<\/p>\n<p style=\"text-align: justify;\">Las entradas anticipadas cuestan 13\u20ac. Se pueden comprar en Harmony Discos, House of Rock y en la propia sala. En taquilla costar\u00e1n 17\u20ac.<\/p>\n<p style=\"text-align: justify;\">M\u00e1s informaci\u00f3n y reservas en xmasmetalfest@hotmail.com.<\/p>\n<p><img loading=\"lazy\" decoding=\"async\" class=\"aligncenter \" src=\"http:\/\/cartelesdeconciertos.blogspot.es\/media\/cache\/resolve\/media\/files\/01\/010\/732\/2017\/03\/1489662519_17191009-1642818099078862-8211821721432097391-n.jpg\" width=\"438\" height=\"625\" \/><\/p>\n","protected":false},"excerpt":{"rendered":"<p>Como ya os adelant\u00e9 hace semanas THEM estar\u00e1n tocando el viernes 26 de mayo en la sala Paberse Matao de Sedav\u00ed (Valencia). WICKED INC. ser\u00e1 el grupo encargado de calentar el ambiente antes de la descarga de THEM. Las entradas anticipadas cuestan 13\u20ac. Se pueden comprar en Harmony Discos, House of Rock y en la [&hellip;]<\/p>\n","protected":false},"author":4,"featured_media":0,"comment_status":"open","ping_status":"open","sticky":false,"template":"","format":"standard","meta":{"footnotes":""},"categories":[8],"tags":[26011,6243,26012,6],"class_list":["post-53299","post","type-post","status-publish","format-standard","hentry","category-noticias-del-mes","tag-concierto-valencia-them","tag-conciertos-sala-paberse-matao","tag-conciertos-wicked-inc","tag-noticias-heavy-metal"],"yoast_head":"<!-- This site is optimized with the Yoast SEO plugin v27.5 - https:\/\/yoast.com\/product\/yoast-seo-wordpress\/ -->\n<title>DETALLES DEL CONCIERTO DE THEM EN VALENCIA - HEAVY METAL - NOTICIAS HEAVY METAL<\/title>\n<meta name=\"robots\" content=\"index, follow, max-snippet:-1, max-image-preview:large, max-video-preview:-1\" \/>\n<link rel=\"canonical\" href=\"https:\/\/www.todoheavymetal.com\/index.php\/noticias-del-mes\/detalles-del-concierto-de-them-en-valencia\" \/>\n<meta property=\"og:locale\" content=\"es_ES\" \/>\n<meta property=\"og:type\" content=\"article\" \/>\n<meta property=\"og:title\" content=\"DETALLES DEL CONCIERTO DE THEM EN VALENCIA - HEAVY METAL - NOTICIAS HEAVY METAL\" \/>\n<meta property=\"og:description\" content=\"Como ya os adelant\u00e9 hace semanas THEM estar\u00e1n tocando el viernes 26 de mayo en la sala Paberse Matao de Sedav\u00ed (Valencia). WICKED INC. ser\u00e1 el grupo encargado de calentar el ambiente antes de la descarga de THEM. Las entradas anticipadas cuestan 13\u20ac. Se pueden comprar en Harmony Discos, House of Rock y en la [&hellip;]\" \/>\n<meta property=\"og:url\" content=\"https:\/\/www.todoheavymetal.com\/index.php\/noticias-del-mes\/detalles-del-concierto-de-them-en-valencia\" \/>\n<meta property=\"og:site_name\" content=\"HEAVY METAL - NOTICIAS HEAVY METAL\" \/>\n<meta property=\"article:publisher\" content=\"https:\/\/www.facebook.com\/todoheavymetal\/\" \/>\n<meta property=\"article:published_time\" content=\"2017-03-19T17:49:04+00:00\" \/>\n<meta property=\"og:image\" content=\"http:\/\/cartelesdeconciertos.blogspot.es\/media\/cache\/resolve\/media\/files\/01\/010\/732\/2017\/03\/1489662519_17191009-1642818099078862-8211821721432097391-n.jpg\" \/>\n<meta name=\"author\" content=\"Javi\" \/>\n<meta name=\"twitter:card\" content=\"summary_large_image\" \/>\n<meta name=\"twitter:creator\" content=\"@todoheavymetal\" \/>\n<meta name=\"twitter:site\" content=\"@todoheavymetal\" \/>\n<meta name=\"twitter:label1\" content=\"Escrito por\" \/>\n\t<meta name=\"twitter:data1\" content=\"Javi\" \/>\n<script type=\"application\/ld+json\" class=\"yoast-schema-graph\">{\"@context\":\"https:\\\/\\\/schema.org\",\"@graph\":[{\"@type\":\"Article\",\"@id\":\"https:\\\/\\\/www.todoheavymetal.com\\\/index.php\\\/noticias-del-mes\\\/detalles-del-concierto-de-them-en-valencia#article\",\"isPartOf\":{\"@id\":\"https:\\\/\\\/www.todoheavymetal.com\\\/index.php\\\/noticias-del-mes\\\/detalles-del-concierto-de-them-en-valencia\"},\"author\":{\"name\":\"Javi\",\"@id\":\"https:\\\/\\\/www.todoheavymetal.com\\\/#\\\/schema\\\/person\\\/aa098e79c44b992ec2357a75883ed217\"},\"headline\":\"DETALLES DEL CONCIERTO DE THEM EN VALENCIA\",\"datePublished\":\"2017-03-19T17:49:04+00:00\",\"mainEntityOfPage\":{\"@id\":\"https:\\\/\\\/www.todoheavymetal.com\\\/index.php\\\/noticias-del-mes\\\/detalles-del-concierto-de-them-en-valencia\"},\"wordCount\":77,\"commentCount\":0,\"image\":{\"@id\":\"https:\\\/\\\/www.todoheavymetal.com\\\/index.php\\\/noticias-del-mes\\\/detalles-del-concierto-de-them-en-valencia#primaryimage\"},\"thumbnailUrl\":\"http:\\\/\\\/cartelesdeconciertos.blogspot.es\\\/media\\\/cache\\\/resolve\\\/media\\\/files\\\/01\\\/010\\\/732\\\/2017\\\/03\\\/1489662519_17191009-1642818099078862-8211821721432097391-n.jpg\",\"keywords\":[\"concierto valencia them\",\"conciertos sala paberse matao\",\"conciertos wicked inc.\",\"noticias heavy metal\"],\"articleSection\":[\"Noticias del mes\"],\"inLanguage\":\"es\",\"potentialAction\":[{\"@type\":\"CommentAction\",\"name\":\"Comment\",\"target\":[\"https:\\\/\\\/www.todoheavymetal.com\\\/index.php\\\/noticias-del-mes\\\/detalles-del-concierto-de-them-en-valencia#respond\"]}]},{\"@type\":\"WebPage\",\"@id\":\"https:\\\/\\\/www.todoheavymetal.com\\\/index.php\\\/noticias-del-mes\\\/detalles-del-concierto-de-them-en-valencia\",\"url\":\"https:\\\/\\\/www.todoheavymetal.com\\\/index.php\\\/noticias-del-mes\\\/detalles-del-concierto-de-them-en-valencia\",\"name\":\"DETALLES DEL CONCIERTO DE THEM EN VALENCIA - HEAVY METAL - NOTICIAS HEAVY METAL\",\"isPartOf\":{\"@id\":\"https:\\\/\\\/www.todoheavymetal.com\\\/#website\"},\"primaryImageOfPage\":{\"@id\":\"https:\\\/\\\/www.todoheavymetal.com\\\/index.php\\\/noticias-del-mes\\\/detalles-del-concierto-de-them-en-valencia#primaryimage\"},\"image\":{\"@id\":\"https:\\\/\\\/www.todoheavymetal.com\\\/index.php\\\/noticias-del-mes\\\/detalles-del-concierto-de-them-en-valencia#primaryimage\"},\"thumbnailUrl\":\"http:\\\/\\\/cartelesdeconciertos.blogspot.es\\\/media\\\/cache\\\/resolve\\\/media\\\/files\\\/01\\\/010\\\/732\\\/2017\\\/03\\\/1489662519_17191009-1642818099078862-8211821721432097391-n.jpg\",\"datePublished\":\"2017-03-19T17:49:04+00:00\",\"author\":{\"@id\":\"https:\\\/\\\/www.todoheavymetal.com\\\/#\\\/schema\\\/person\\\/aa098e79c44b992ec2357a75883ed217\"},\"breadcrumb\":{\"@id\":\"https:\\\/\\\/www.todoheavymetal.com\\\/index.php\\\/noticias-del-mes\\\/detalles-del-concierto-de-them-en-valencia#breadcrumb\"},\"inLanguage\":\"es\",\"potentialAction\":[{\"@type\":\"ReadAction\",\"target\":[\"https:\\\/\\\/www.todoheavymetal.com\\\/index.php\\\/noticias-del-mes\\\/detalles-del-concierto-de-them-en-valencia\"]}]},{\"@type\":\"ImageObject\",\"inLanguage\":\"es\",\"@id\":\"https:\\\/\\\/www.todoheavymetal.com\\\/index.php\\\/noticias-del-mes\\\/detalles-del-concierto-de-them-en-valencia#primaryimage\",\"url\":\"http:\\\/\\\/cartelesdeconciertos.blogspot.es\\\/media\\\/cache\\\/resolve\\\/media\\\/files\\\/01\\\/010\\\/732\\\/2017\\\/03\\\/1489662519_17191009-1642818099078862-8211821721432097391-n.jpg\",\"contentUrl\":\"http:\\\/\\\/cartelesdeconciertos.blogspot.es\\\/media\\\/cache\\\/resolve\\\/media\\\/files\\\/01\\\/010\\\/732\\\/2017\\\/03\\\/1489662519_17191009-1642818099078862-8211821721432097391-n.jpg\"},{\"@type\":\"BreadcrumbList\",\"@id\":\"https:\\\/\\\/www.todoheavymetal.com\\\/index.php\\\/noticias-del-mes\\\/detalles-del-concierto-de-them-en-valencia#breadcrumb\",\"itemListElement\":[{\"@type\":\"ListItem\",\"position\":1,\"name\":\"Portada\",\"item\":\"https:\\\/\\\/www.todoheavymetal.com\\\/\"},{\"@type\":\"ListItem\",\"position\":2,\"name\":\"DETALLES DEL CONCIERTO DE THEM EN VALENCIA\"}]},{\"@type\":\"WebSite\",\"@id\":\"https:\\\/\\\/www.todoheavymetal.com\\\/#website\",\"url\":\"https:\\\/\\\/www.todoheavymetal.com\\\/\",\"name\":\"todoheavymetal.com\",\"description\":\"heavy metal - noticias heavy metal - todoheavymetal\",\"potentialAction\":[{\"@type\":\"SearchAction\",\"target\":{\"@type\":\"EntryPoint\",\"urlTemplate\":\"https:\\\/\\\/www.todoheavymetal.com\\\/?s={search_term_string}\"},\"query-input\":{\"@type\":\"PropertyValueSpecification\",\"valueRequired\":true,\"valueName\":\"search_term_string\"}}],\"inLanguage\":\"es\"},{\"@type\":\"Person\",\"@id\":\"https:\\\/\\\/www.todoheavymetal.com\\\/#\\\/schema\\\/person\\\/aa098e79c44b992ec2357a75883ed217\",\"name\":\"Javi\",\"image\":{\"@type\":\"ImageObject\",\"inLanguage\":\"es\",\"@id\":\"https:\\\/\\\/secure.gravatar.com\\\/avatar\\\/ad9699b1143ed4017d23ce58fa9d83e0375bd1368122b157550ad77cd28bdfdf?s=96&d=monsterid&r=g\",\"url\":\"https:\\\/\\\/secure.gravatar.com\\\/avatar\\\/ad9699b1143ed4017d23ce58fa9d83e0375bd1368122b157550ad77cd28bdfdf?s=96&d=monsterid&r=g\",\"contentUrl\":\"https:\\\/\\\/secure.gravatar.com\\\/avatar\\\/ad9699b1143ed4017d23ce58fa9d83e0375bd1368122b157550ad77cd28bdfdf?s=96&d=monsterid&r=g\",\"caption\":\"Javi\"},\"url\":\"https:\\\/\\\/www.todoheavymetal.com\\\/index.php\\\/author\\\/javipelos\"}]}<\/script>\n<!-- \/ Yoast SEO plugin. -->","yoast_head_json":{"title":"DETALLES DEL CONCIERTO DE THEM EN VALENCIA - HEAVY METAL - NOTICIAS HEAVY METAL","robots":{"index":"index","follow":"follow","max-snippet":"max-snippet:-1","max-image-preview":"max-image-preview:large","max-video-preview":"max-video-preview:-1"},"canonical":"https:\/\/www.todoheavymetal.com\/index.php\/noticias-del-mes\/detalles-del-concierto-de-them-en-valencia","og_locale":"es_ES","og_type":"article","og_title":"DETALLES DEL CONCIERTO DE THEM EN VALENCIA - HEAVY METAL - NOTICIAS HEAVY METAL","og_description":"Como ya os adelant\u00e9 hace semanas THEM estar\u00e1n tocando el viernes 26 de mayo en la sala Paberse Matao de Sedav\u00ed (Valencia). WICKED INC. ser\u00e1 el grupo encargado de calentar el ambiente antes de la descarga de THEM. Las entradas anticipadas cuestan 13\u20ac. Se pueden comprar en Harmony Discos, House of Rock y en la [&hellip;]","og_url":"https:\/\/www.todoheavymetal.com\/index.php\/noticias-del-mes\/detalles-del-concierto-de-them-en-valencia","og_site_name":"HEAVY METAL - NOTICIAS HEAVY METAL","article_publisher":"https:\/\/www.facebook.com\/todoheavymetal\/","article_published_time":"2017-03-19T17:49:04+00:00","og_image":[{"url":"http:\/\/cartelesdeconciertos.blogspot.es\/media\/cache\/resolve\/media\/files\/01\/010\/732\/2017\/03\/1489662519_17191009-1642818099078862-8211821721432097391-n.jpg","type":"","width":"","height":""}],"author":"Javi","twitter_card":"summary_large_image","twitter_creator":"@todoheavymetal","twitter_site":"@todoheavymetal","twitter_misc":{"Escrito por":"Javi"},"schema":{"@context":"https:\/\/schema.org","@graph":[{"@type":"Article","@id":"https:\/\/www.todoheavymetal.com\/index.php\/noticias-del-mes\/detalles-del-concierto-de-them-en-valencia#article","isPartOf":{"@id":"https:\/\/www.todoheavymetal.com\/index.php\/noticias-del-mes\/detalles-del-concierto-de-them-en-valencia"},"author":{"name":"Javi","@id":"https:\/\/www.todoheavymetal.com\/#\/schema\/person\/aa098e79c44b992ec2357a75883ed217"},"headline":"DETALLES DEL CONCIERTO DE THEM EN VALENCIA","datePublished":"2017-03-19T17:49:04+00:00","mainEntityOfPage":{"@id":"https:\/\/www.todoheavymetal.com\/index.php\/noticias-del-mes\/detalles-del-concierto-de-them-en-valencia"},"wordCount":77,"commentCount":0,"image":{"@id":"https:\/\/www.todoheavymetal.com\/index.php\/noticias-del-mes\/detalles-del-concierto-de-them-en-valencia#primaryimage"},"thumbnailUrl":"http:\/\/cartelesdeconciertos.blogspot.es\/media\/cache\/resolve\/media\/files\/01\/010\/732\/2017\/03\/1489662519_17191009-1642818099078862-8211821721432097391-n.jpg","keywords":["concierto valencia them","conciertos sala paberse matao","conciertos wicked inc.","noticias heavy metal"],"articleSection":["Noticias del mes"],"inLanguage":"es","potentialAction":[{"@type":"CommentAction","name":"Comment","target":["https:\/\/www.todoheavymetal.com\/index.php\/noticias-del-mes\/detalles-del-concierto-de-them-en-valencia#respond"]}]},{"@type":"WebPage","@id":"https:\/\/www.todoheavymetal.com\/index.php\/noticias-del-mes\/detalles-del-concierto-de-them-en-valencia","url":"https:\/\/www.todoheavymetal.com\/index.php\/noticias-del-mes\/detalles-del-concierto-de-them-en-valencia","name":"DETALLES DEL CONCIERTO DE THEM EN VALENCIA - HEAVY METAL - NOTICIAS HEAVY METAL","isPartOf":{"@id":"https:\/\/www.todoheavymetal.com\/#website"},"primaryImageOfPage":{"@id":"https:\/\/www.todoheavymetal.com\/index.php\/noticias-del-mes\/detalles-del-concierto-de-them-en-valencia#primaryimage"},"image":{"@id":"https:\/\/www.todoheavymetal.com\/index.php\/noticias-del-mes\/detalles-del-concierto-de-them-en-valencia#primaryimage"},"thumbnailUrl":"http:\/\/cartelesdeconciertos.blogspot.es\/media\/cache\/resolve\/media\/files\/01\/010\/732\/2017\/03\/1489662519_17191009-1642818099078862-8211821721432097391-n.jpg","datePublished":"2017-03-19T17:49:04+00:00","author":{"@id":"https:\/\/www.todoheavymetal.com\/#\/schema\/person\/aa098e79c44b992ec2357a75883ed217"},"breadcrumb":{"@id":"https:\/\/www.todoheavymetal.com\/index.php\/noticias-del-mes\/detalles-del-concierto-de-them-en-valencia#breadcrumb"},"inLanguage":"es","potentialAction":[{"@type":"ReadAction","target":["https:\/\/www.todoheavymetal.com\/index.php\/noticias-del-mes\/detalles-del-concierto-de-them-en-valencia"]}]},{"@type":"ImageObject","inLanguage":"es","@id":"https:\/\/www.todoheavymetal.com\/index.php\/noticias-del-mes\/detalles-del-concierto-de-them-en-valencia#primaryimage","url":"http:\/\/cartelesdeconciertos.blogspot.es\/media\/cache\/resolve\/media\/files\/01\/010\/732\/2017\/03\/1489662519_17191009-1642818099078862-8211821721432097391-n.jpg","contentUrl":"http:\/\/cartelesdeconciertos.blogspot.es\/media\/cache\/resolve\/media\/files\/01\/010\/732\/2017\/03\/1489662519_17191009-1642818099078862-8211821721432097391-n.jpg"},{"@type":"BreadcrumbList","@id":"https:\/\/www.todoheavymetal.com\/index.php\/noticias-del-mes\/detalles-del-concierto-de-them-en-valencia#breadcrumb","itemListElement":[{"@type":"ListItem","position":1,"name":"Portada","item":"https:\/\/www.todoheavymetal.com\/"},{"@type":"ListItem","position":2,"name":"DETALLES DEL CONCIERTO DE THEM EN VALENCIA"}]},{"@type":"WebSite","@id":"https:\/\/www.todoheavymetal.com\/#website","url":"https:\/\/www.todoheavymetal.com\/","name":"todoheavymetal.com","description":"heavy metal - noticias heavy metal - todoheavymetal","potentialAction":[{"@type":"SearchAction","target":{"@type":"EntryPoint","urlTemplate":"https:\/\/www.todoheavymetal.com\/?s={search_term_string}"},"query-input":{"@type":"PropertyValueSpecification","valueRequired":true,"valueName":"search_term_string"}}],"inLanguage":"es"},{"@type":"Person","@id":"https:\/\/www.todoheavymetal.com\/#\/schema\/person\/aa098e79c44b992ec2357a75883ed217","name":"Javi","image":{"@type":"ImageObject","inLanguage":"es","@id":"https:\/\/secure.gravatar.com\/avatar\/ad9699b1143ed4017d23ce58fa9d83e0375bd1368122b157550ad77cd28bdfdf?s=96&d=monsterid&r=g","url":"https:\/\/secure.gravatar.com\/avatar\/ad9699b1143ed4017d23ce58fa9d83e0375bd1368122b157550ad77cd28bdfdf?s=96&d=monsterid&r=g","contentUrl":"https:\/\/secure.gravatar.com\/avatar\/ad9699b1143ed4017d23ce58fa9d83e0375bd1368122b157550ad77cd28bdfdf?s=96&d=monsterid&r=g","caption":"Javi"},"url":"https:\/\/www.todoheavymetal.com\/index.php\/author\/javipelos"}]}},"_links":{"self":[{"href":"https:\/\/www.todoheavymetal.com\/index.php\/wp-json\/wp\/v2\/posts\/53299","targetHints":{"allow":["GET"]}}],"collection":[{"href":"https:\/\/www.todoheavymetal.com\/index.php\/wp-json\/wp\/v2\/posts"}],"about":[{"href":"https:\/\/www.todoheavymetal.com\/index.php\/wp-json\/wp\/v2\/types\/post"}],"author":[{"embeddable":true,"href":"https:\/\/www.todoheavymetal.com\/index.php\/wp-json\/wp\/v2\/users\/4"}],"replies":[{"embeddable":true,"href":"https:\/\/www.todoheavymetal.com\/index.php\/wp-json\/wp\/v2\/comments?post=53299"}],"version-history":[{"count":3,"href":"https:\/\/www.todoheavymetal.com\/index.php\/wp-json\/wp\/v2\/posts\/53299\/revisions"}],"predecessor-version":[{"id":53302,"href":"https:\/\/www.todoheavymetal.com\/index.php\/wp-json\/wp\/v2\/posts\/53299\/revisions\/53302"}],"wp:attachment":[{"href":"https:\/\/www.todoheavymetal.com\/index.php\/wp-json\/wp\/v2\/media?parent=53299"}],"wp:term":[{"taxonomy":"category","embeddable":true,"href":"https:\/\/www.todoheavymetal.com\/index.php\/wp-json\/wp\/v2\/categories?post=53299"},{"taxonomy":"post_tag","embeddable":true,"href":"https:\/\/www.todoheavymetal.com\/index.php\/wp-json\/wp\/v2\/tags?post=53299"}],"curies":[{"name":"wp","href":"https:\/\/api.w.org\/{rel}","templated":true}]}}