{"id":50787,"date":"2016-10-10T14:13:57","date_gmt":"2016-10-10T12:13:57","guid":{"rendered":"http:\/\/www.todoheavymetal.com\/?p=50787"},"modified":"2016-10-10T12:37:34","modified_gmt":"2016-10-10T10:37:34","slug":"portada-y-fecha-de-legado-de-una-tragedia-iii","status":"publish","type":"post","link":"https:\/\/www.todoheavymetal.com\/index.php\/noticias-del-mes\/portada-y-fecha-de-legado-de-una-tragedia-iii","title":{"rendered":"PORTADA Y FECHA DE LEGADO DE UNA TRAGEDIA III"},"content":{"rendered":"<p style=\"text-align: justify;\">La trilog\u00eda sobre la vida y obra del escritor estadounidense Edgar Allan Poe creada por Joaqu\u00edn Padilla llega a su fin con <em>Legado de una tragedia III<\/em>. La fecha fijada para el lanzamiento del disco es el lunes 7 de noviembre.<\/p>\n<p style=\"text-align: justify;\">Antes de esta fecha habr\u00e1 un single de adelanto del \u00e1lbum el pr\u00f3ximo 18 de octubre. Ser\u00e1 <em>La bestia de los ojos dentados<\/em>.<\/p>\n<p style=\"text-align: justify;\">La portada del disco es la que pod\u00e9is ver m\u00e1s abajo. De nuevo el afamado ilustrador\u00a0colombiano Felipe <a href=\"http:\/\/finalfrontier.thunderblast.net\/\" target=\"_blank\">Machado<\/a> ha sido el autor de la misma.<\/p>\n<p style=\"text-align: justify;\">El track list de <em>Legado de una tragedia III<\/em> es el siguiente:<\/p>\n<ul>\n<li style=\"text-align: justify;\">Acto I En el umbral de las pesadillas<\/li>\n<\/ul>\n<ol>\n<li style=\"text-align: justify;\">El mundo de los sue\u00f1os<\/li>\n<li style=\"text-align: justify;\">La bestia de ojos dentados<\/li>\n<li style=\"text-align: justify;\">La maldici\u00f3n del manuscrito<\/li>\n<li style=\"text-align: justify;\">Corazones marcados por la traici\u00f3n<\/li>\n<li style=\"text-align: justify;\">El resurgir de los dioses ca\u00eddos<\/li>\n<li style=\"text-align: justify;\">El pecado de la eternidad<\/li>\n<li style=\"text-align: justify;\">Las aventuras de Arthur Gordon Pym<\/li>\n<\/ol>\n<ul>\n<li style=\"text-align: justify;\">Acto II La consumaci\u00f3n<\/li>\n<\/ul>\n<ol>\n<li style=\"text-align: justify;\">El demonio de la perversidad<\/li>\n<li style=\"text-align: justify;\">Epitafio del destino<\/li>\n<li style=\"text-align: justify;\">El peso del perd\u00f3n<\/li>\n<li style=\"text-align: justify;\">Descansa en paz<\/li>\n<li style=\"text-align: justify;\">El lamento del hombre de arena<\/li>\n<\/ol>\n<p style=\"text-align: justify;\">El elenco completo que ha colaborado en la grabaci\u00f3n del \u00e1lbum es el siguiente\u2026<\/p>\n<ul>\n<li style=\"text-align: justify;\">Voces: Joaqu\u00edn Padilla (Morfeo), Leo Jim\u00e9nez (Edgar Allan Poe), Tete Novoa (Pluto), Ronnie Romero (Conciencia de Poe), Jos\u00e9 Broseta (Corintio), Miguel \u00e1ngel Franco (Luci\u00e9n), Israel Ramos (Destino), Chus Herranz (Virginia), Jos\u00e9 Cano (Destrucci\u00f3n), Alfred Romero (T\u00e1natos), Ignacio Prieto (Frederik Metzengerstein), Manuel Escudero (Sr. Valdemar), Jorge Berceo (Viejo marinero sueco), Roberto Castiglioni (William Wilson), Fran V\u00e1zquez (Anciano del Maelmstrom), Carlos Sanz (Roderick Usher), Zyrus (la m\u00e1scara de la muerte roja), Rub\u00e9n Kelsen (Demonio del campanario), Charlie L\u00f3pez (Anciano entre la multitud), Gabrielle del Val (Desespero), Chus Herranz (Morella), Javier L\u00facia (Azrael)<\/li>\n<li style=\"text-align: justify;\">Bater\u00edas: Carlos Exp\u00f3sito, Andy C., Adri\u00e1n Romero<\/li>\n<li style=\"text-align: justify;\">Bajistas: Fernando Mainer, Dani Fern\u00e1ndez, Jos\u00e9 Pineda, Diego Miranda<\/li>\n<li style=\"text-align: justify;\">Guitarristas Abel Franco, Pablo Garc\u00eda, Paco Ventura, Alberto Mar\u00edn, Javier Nula, Manuel Seoane, Adri\u00e1n Phoenix<\/li>\n<li style=\"text-align: justify;\">Teclistas: Javier D\u00edez, Manuel Ib\u00e1\u00f1ez, Txema Cari\u00f1ena<\/li>\n<li style=\"text-align: justify;\">Orquesta y Coro: Orquesta del Tr\u00e1gico Legado bajo la direcci\u00f3n de Txema Cari\u00f1ena y Coral del Tr\u00e1gico Legado<\/li>\n<\/ul>\n<p style=\"text-align: center;\"><img loading=\"lazy\" decoding=\"async\" class=\"aligncenter\" src=\"https:\/\/scontent.fmad3-1.fna.fbcdn.net\/v\/t1.0-9\/14517517_1143673462346289_3626473494371909126_n.jpg?oh=fb0066e21de5ac137190655727d08465&amp;oe=58AD4672\" alt=\"\" width=\"599\" height=\"497\" \/><\/p>\n","protected":false},"excerpt":{"rendered":"<p>La trilog\u00eda sobre la vida y obra del escritor estadounidense Edgar Allan Poe creada por Joaqu\u00edn Padilla llega a su fin con Legado de una tragedia III. La fecha fijada para el lanzamiento del disco es el lunes 7 de noviembre. Antes de esta fecha habr\u00e1 un single de adelanto del \u00e1lbum el pr\u00f3ximo 18 [&hellip;]<\/p>\n","protected":false},"author":4,"featured_media":0,"comment_status":"open","ping_status":"open","sticky":false,"template":"","format":"standard","meta":{"footnotes":""},"categories":[8],"tags":[12795,25290,7923],"class_list":["post-50787","post","type-post","status-publish","format-standard","hentry","category-noticias-del-mes","tag-felipe-machado","tag-legado-de-una-tragedia-iii","tag-noticias-power-metal"],"yoast_head":"<!-- This site is optimized with the Yoast SEO plugin v27.5 - https:\/\/yoast.com\/product\/yoast-seo-wordpress\/ -->\n<title>PORTADA Y FECHA DE LEGADO DE UNA TRAGEDIA III - HEAVY METAL - NOTICIAS HEAVY METAL<\/title>\n<meta name=\"robots\" content=\"index, follow, max-snippet:-1, max-image-preview:large, max-video-preview:-1\" \/>\n<link rel=\"canonical\" href=\"https:\/\/www.todoheavymetal.com\/index.php\/noticias-del-mes\/portada-y-fecha-de-legado-de-una-tragedia-iii\" \/>\n<meta property=\"og:locale\" content=\"es_ES\" \/>\n<meta property=\"og:type\" content=\"article\" \/>\n<meta property=\"og:title\" content=\"PORTADA Y FECHA DE LEGADO DE UNA TRAGEDIA III - HEAVY METAL - NOTICIAS HEAVY METAL\" \/>\n<meta property=\"og:description\" content=\"La trilog\u00eda sobre la vida y obra del escritor estadounidense Edgar Allan Poe creada por Joaqu\u00edn Padilla llega a su fin con Legado de una tragedia III. La fecha fijada para el lanzamiento del disco es el lunes 7 de noviembre. Antes de esta fecha habr\u00e1 un single de adelanto del \u00e1lbum el pr\u00f3ximo 18 [&hellip;]\" \/>\n<meta property=\"og:url\" content=\"https:\/\/www.todoheavymetal.com\/index.php\/noticias-del-mes\/portada-y-fecha-de-legado-de-una-tragedia-iii\" \/>\n<meta property=\"og:site_name\" content=\"HEAVY METAL - NOTICIAS HEAVY METAL\" \/>\n<meta property=\"article:publisher\" content=\"https:\/\/www.facebook.com\/todoheavymetal\/\" \/>\n<meta property=\"article:published_time\" content=\"2016-10-10T12:13:57+00:00\" \/>\n<meta property=\"og:image\" content=\"https:\/\/scontent.fmad3-1.fna.fbcdn.net\/v\/t1.0-9\/14517517_1143673462346289_3626473494371909126_n.jpg?oh=fb0066e21de5ac137190655727d08465&amp;oe=58AD4672\" \/>\n<meta name=\"author\" content=\"Javi\" \/>\n<meta name=\"twitter:card\" content=\"summary_large_image\" \/>\n<meta name=\"twitter:creator\" content=\"@todoheavymetal\" \/>\n<meta name=\"twitter:site\" content=\"@todoheavymetal\" \/>\n<meta name=\"twitter:label1\" content=\"Escrito por\" \/>\n\t<meta name=\"twitter:data1\" content=\"Javi\" \/>\n\t<meta name=\"twitter:label2\" content=\"Tiempo de lectura\" \/>\n\t<meta name=\"twitter:data2\" content=\"2 minutos\" \/>\n<script type=\"application\/ld+json\" class=\"yoast-schema-graph\">{\"@context\":\"https:\\\/\\\/schema.org\",\"@graph\":[{\"@type\":\"Article\",\"@id\":\"https:\\\/\\\/www.todoheavymetal.com\\\/index.php\\\/noticias-del-mes\\\/portada-y-fecha-de-legado-de-una-tragedia-iii#article\",\"isPartOf\":{\"@id\":\"https:\\\/\\\/www.todoheavymetal.com\\\/index.php\\\/noticias-del-mes\\\/portada-y-fecha-de-legado-de-una-tragedia-iii\"},\"author\":{\"name\":\"Javi\",\"@id\":\"https:\\\/\\\/www.todoheavymetal.com\\\/#\\\/schema\\\/person\\\/aa098e79c44b992ec2357a75883ed217\"},\"headline\":\"PORTADA Y FECHA DE LEGADO DE UNA TRAGEDIA III\",\"datePublished\":\"2016-10-10T12:13:57+00:00\",\"mainEntityOfPage\":{\"@id\":\"https:\\\/\\\/www.todoheavymetal.com\\\/index.php\\\/noticias-del-mes\\\/portada-y-fecha-de-legado-de-una-tragedia-iii\"},\"wordCount\":374,\"commentCount\":0,\"image\":{\"@id\":\"https:\\\/\\\/www.todoheavymetal.com\\\/index.php\\\/noticias-del-mes\\\/portada-y-fecha-de-legado-de-una-tragedia-iii#primaryimage\"},\"thumbnailUrl\":\"https:\\\/\\\/scontent.fmad3-1.fna.fbcdn.net\\\/v\\\/t1.0-9\\\/14517517_1143673462346289_3626473494371909126_n.jpg?oh=fb0066e21de5ac137190655727d08465&amp;oe=58AD4672\",\"keywords\":[\"felipe machado\",\"legado de una tragedia III\",\"noticias power metal\"],\"articleSection\":[\"Noticias del mes\"],\"inLanguage\":\"es\",\"potentialAction\":[{\"@type\":\"CommentAction\",\"name\":\"Comment\",\"target\":[\"https:\\\/\\\/www.todoheavymetal.com\\\/index.php\\\/noticias-del-mes\\\/portada-y-fecha-de-legado-de-una-tragedia-iii#respond\"]}]},{\"@type\":\"WebPage\",\"@id\":\"https:\\\/\\\/www.todoheavymetal.com\\\/index.php\\\/noticias-del-mes\\\/portada-y-fecha-de-legado-de-una-tragedia-iii\",\"url\":\"https:\\\/\\\/www.todoheavymetal.com\\\/index.php\\\/noticias-del-mes\\\/portada-y-fecha-de-legado-de-una-tragedia-iii\",\"name\":\"PORTADA Y FECHA DE LEGADO DE UNA TRAGEDIA III - HEAVY METAL - NOTICIAS HEAVY METAL\",\"isPartOf\":{\"@id\":\"https:\\\/\\\/www.todoheavymetal.com\\\/#website\"},\"primaryImageOfPage\":{\"@id\":\"https:\\\/\\\/www.todoheavymetal.com\\\/index.php\\\/noticias-del-mes\\\/portada-y-fecha-de-legado-de-una-tragedia-iii#primaryimage\"},\"image\":{\"@id\":\"https:\\\/\\\/www.todoheavymetal.com\\\/index.php\\\/noticias-del-mes\\\/portada-y-fecha-de-legado-de-una-tragedia-iii#primaryimage\"},\"thumbnailUrl\":\"https:\\\/\\\/scontent.fmad3-1.fna.fbcdn.net\\\/v\\\/t1.0-9\\\/14517517_1143673462346289_3626473494371909126_n.jpg?oh=fb0066e21de5ac137190655727d08465&amp;oe=58AD4672\",\"datePublished\":\"2016-10-10T12:13:57+00:00\",\"author\":{\"@id\":\"https:\\\/\\\/www.todoheavymetal.com\\\/#\\\/schema\\\/person\\\/aa098e79c44b992ec2357a75883ed217\"},\"breadcrumb\":{\"@id\":\"https:\\\/\\\/www.todoheavymetal.com\\\/index.php\\\/noticias-del-mes\\\/portada-y-fecha-de-legado-de-una-tragedia-iii#breadcrumb\"},\"inLanguage\":\"es\",\"potentialAction\":[{\"@type\":\"ReadAction\",\"target\":[\"https:\\\/\\\/www.todoheavymetal.com\\\/index.php\\\/noticias-del-mes\\\/portada-y-fecha-de-legado-de-una-tragedia-iii\"]}]},{\"@type\":\"ImageObject\",\"inLanguage\":\"es\",\"@id\":\"https:\\\/\\\/www.todoheavymetal.com\\\/index.php\\\/noticias-del-mes\\\/portada-y-fecha-de-legado-de-una-tragedia-iii#primaryimage\",\"url\":\"https:\\\/\\\/scontent.fmad3-1.fna.fbcdn.net\\\/v\\\/t1.0-9\\\/14517517_1143673462346289_3626473494371909126_n.jpg?oh=fb0066e21de5ac137190655727d08465&amp;oe=58AD4672\",\"contentUrl\":\"https:\\\/\\\/scontent.fmad3-1.fna.fbcdn.net\\\/v\\\/t1.0-9\\\/14517517_1143673462346289_3626473494371909126_n.jpg?oh=fb0066e21de5ac137190655727d08465&amp;oe=58AD4672\"},{\"@type\":\"BreadcrumbList\",\"@id\":\"https:\\\/\\\/www.todoheavymetal.com\\\/index.php\\\/noticias-del-mes\\\/portada-y-fecha-de-legado-de-una-tragedia-iii#breadcrumb\",\"itemListElement\":[{\"@type\":\"ListItem\",\"position\":1,\"name\":\"Portada\",\"item\":\"https:\\\/\\\/www.todoheavymetal.com\\\/\"},{\"@type\":\"ListItem\",\"position\":2,\"name\":\"PORTADA Y FECHA DE LEGADO DE UNA TRAGEDIA III\"}]},{\"@type\":\"WebSite\",\"@id\":\"https:\\\/\\\/www.todoheavymetal.com\\\/#website\",\"url\":\"https:\\\/\\\/www.todoheavymetal.com\\\/\",\"name\":\"todoheavymetal.com\",\"description\":\"heavy metal - noticias heavy metal - todoheavymetal\",\"potentialAction\":[{\"@type\":\"SearchAction\",\"target\":{\"@type\":\"EntryPoint\",\"urlTemplate\":\"https:\\\/\\\/www.todoheavymetal.com\\\/?s={search_term_string}\"},\"query-input\":{\"@type\":\"PropertyValueSpecification\",\"valueRequired\":true,\"valueName\":\"search_term_string\"}}],\"inLanguage\":\"es\"},{\"@type\":\"Person\",\"@id\":\"https:\\\/\\\/www.todoheavymetal.com\\\/#\\\/schema\\\/person\\\/aa098e79c44b992ec2357a75883ed217\",\"name\":\"Javi\",\"image\":{\"@type\":\"ImageObject\",\"inLanguage\":\"es\",\"@id\":\"https:\\\/\\\/secure.gravatar.com\\\/avatar\\\/ad9699b1143ed4017d23ce58fa9d83e0375bd1368122b157550ad77cd28bdfdf?s=96&d=monsterid&r=g\",\"url\":\"https:\\\/\\\/secure.gravatar.com\\\/avatar\\\/ad9699b1143ed4017d23ce58fa9d83e0375bd1368122b157550ad77cd28bdfdf?s=96&d=monsterid&r=g\",\"contentUrl\":\"https:\\\/\\\/secure.gravatar.com\\\/avatar\\\/ad9699b1143ed4017d23ce58fa9d83e0375bd1368122b157550ad77cd28bdfdf?s=96&d=monsterid&r=g\",\"caption\":\"Javi\"},\"url\":\"https:\\\/\\\/www.todoheavymetal.com\\\/index.php\\\/author\\\/javipelos\"}]}<\/script>\n<!-- \/ Yoast SEO plugin. -->","yoast_head_json":{"title":"PORTADA Y FECHA DE LEGADO DE UNA TRAGEDIA III - HEAVY METAL - NOTICIAS HEAVY METAL","robots":{"index":"index","follow":"follow","max-snippet":"max-snippet:-1","max-image-preview":"max-image-preview:large","max-video-preview":"max-video-preview:-1"},"canonical":"https:\/\/www.todoheavymetal.com\/index.php\/noticias-del-mes\/portada-y-fecha-de-legado-de-una-tragedia-iii","og_locale":"es_ES","og_type":"article","og_title":"PORTADA Y FECHA DE LEGADO DE UNA TRAGEDIA III - HEAVY METAL - NOTICIAS HEAVY METAL","og_description":"La trilog\u00eda sobre la vida y obra del escritor estadounidense Edgar Allan Poe creada por Joaqu\u00edn Padilla llega a su fin con Legado de una tragedia III. La fecha fijada para el lanzamiento del disco es el lunes 7 de noviembre. Antes de esta fecha habr\u00e1 un single de adelanto del \u00e1lbum el pr\u00f3ximo 18 [&hellip;]","og_url":"https:\/\/www.todoheavymetal.com\/index.php\/noticias-del-mes\/portada-y-fecha-de-legado-de-una-tragedia-iii","og_site_name":"HEAVY METAL - NOTICIAS HEAVY METAL","article_publisher":"https:\/\/www.facebook.com\/todoheavymetal\/","article_published_time":"2016-10-10T12:13:57+00:00","og_image":[{"url":"https:\/\/scontent.fmad3-1.fna.fbcdn.net\/v\/t1.0-9\/14517517_1143673462346289_3626473494371909126_n.jpg?oh=fb0066e21de5ac137190655727d08465&amp;oe=58AD4672","type":"","width":"","height":""}],"author":"Javi","twitter_card":"summary_large_image","twitter_creator":"@todoheavymetal","twitter_site":"@todoheavymetal","twitter_misc":{"Escrito por":"Javi","Tiempo de lectura":"2 minutos"},"schema":{"@context":"https:\/\/schema.org","@graph":[{"@type":"Article","@id":"https:\/\/www.todoheavymetal.com\/index.php\/noticias-del-mes\/portada-y-fecha-de-legado-de-una-tragedia-iii#article","isPartOf":{"@id":"https:\/\/www.todoheavymetal.com\/index.php\/noticias-del-mes\/portada-y-fecha-de-legado-de-una-tragedia-iii"},"author":{"name":"Javi","@id":"https:\/\/www.todoheavymetal.com\/#\/schema\/person\/aa098e79c44b992ec2357a75883ed217"},"headline":"PORTADA Y FECHA DE LEGADO DE UNA TRAGEDIA III","datePublished":"2016-10-10T12:13:57+00:00","mainEntityOfPage":{"@id":"https:\/\/www.todoheavymetal.com\/index.php\/noticias-del-mes\/portada-y-fecha-de-legado-de-una-tragedia-iii"},"wordCount":374,"commentCount":0,"image":{"@id":"https:\/\/www.todoheavymetal.com\/index.php\/noticias-del-mes\/portada-y-fecha-de-legado-de-una-tragedia-iii#primaryimage"},"thumbnailUrl":"https:\/\/scontent.fmad3-1.fna.fbcdn.net\/v\/t1.0-9\/14517517_1143673462346289_3626473494371909126_n.jpg?oh=fb0066e21de5ac137190655727d08465&amp;oe=58AD4672","keywords":["felipe machado","legado de una tragedia III","noticias power metal"],"articleSection":["Noticias del mes"],"inLanguage":"es","potentialAction":[{"@type":"CommentAction","name":"Comment","target":["https:\/\/www.todoheavymetal.com\/index.php\/noticias-del-mes\/portada-y-fecha-de-legado-de-una-tragedia-iii#respond"]}]},{"@type":"WebPage","@id":"https:\/\/www.todoheavymetal.com\/index.php\/noticias-del-mes\/portada-y-fecha-de-legado-de-una-tragedia-iii","url":"https:\/\/www.todoheavymetal.com\/index.php\/noticias-del-mes\/portada-y-fecha-de-legado-de-una-tragedia-iii","name":"PORTADA Y FECHA DE LEGADO DE UNA TRAGEDIA III - HEAVY METAL - NOTICIAS HEAVY METAL","isPartOf":{"@id":"https:\/\/www.todoheavymetal.com\/#website"},"primaryImageOfPage":{"@id":"https:\/\/www.todoheavymetal.com\/index.php\/noticias-del-mes\/portada-y-fecha-de-legado-de-una-tragedia-iii#primaryimage"},"image":{"@id":"https:\/\/www.todoheavymetal.com\/index.php\/noticias-del-mes\/portada-y-fecha-de-legado-de-una-tragedia-iii#primaryimage"},"thumbnailUrl":"https:\/\/scontent.fmad3-1.fna.fbcdn.net\/v\/t1.0-9\/14517517_1143673462346289_3626473494371909126_n.jpg?oh=fb0066e21de5ac137190655727d08465&amp;oe=58AD4672","datePublished":"2016-10-10T12:13:57+00:00","author":{"@id":"https:\/\/www.todoheavymetal.com\/#\/schema\/person\/aa098e79c44b992ec2357a75883ed217"},"breadcrumb":{"@id":"https:\/\/www.todoheavymetal.com\/index.php\/noticias-del-mes\/portada-y-fecha-de-legado-de-una-tragedia-iii#breadcrumb"},"inLanguage":"es","potentialAction":[{"@type":"ReadAction","target":["https:\/\/www.todoheavymetal.com\/index.php\/noticias-del-mes\/portada-y-fecha-de-legado-de-una-tragedia-iii"]}]},{"@type":"ImageObject","inLanguage":"es","@id":"https:\/\/www.todoheavymetal.com\/index.php\/noticias-del-mes\/portada-y-fecha-de-legado-de-una-tragedia-iii#primaryimage","url":"https:\/\/scontent.fmad3-1.fna.fbcdn.net\/v\/t1.0-9\/14517517_1143673462346289_3626473494371909126_n.jpg?oh=fb0066e21de5ac137190655727d08465&amp;oe=58AD4672","contentUrl":"https:\/\/scontent.fmad3-1.fna.fbcdn.net\/v\/t1.0-9\/14517517_1143673462346289_3626473494371909126_n.jpg?oh=fb0066e21de5ac137190655727d08465&amp;oe=58AD4672"},{"@type":"BreadcrumbList","@id":"https:\/\/www.todoheavymetal.com\/index.php\/noticias-del-mes\/portada-y-fecha-de-legado-de-una-tragedia-iii#breadcrumb","itemListElement":[{"@type":"ListItem","position":1,"name":"Portada","item":"https:\/\/www.todoheavymetal.com\/"},{"@type":"ListItem","position":2,"name":"PORTADA Y FECHA DE LEGADO DE UNA TRAGEDIA III"}]},{"@type":"WebSite","@id":"https:\/\/www.todoheavymetal.com\/#website","url":"https:\/\/www.todoheavymetal.com\/","name":"todoheavymetal.com","description":"heavy metal - noticias heavy metal - todoheavymetal","potentialAction":[{"@type":"SearchAction","target":{"@type":"EntryPoint","urlTemplate":"https:\/\/www.todoheavymetal.com\/?s={search_term_string}"},"query-input":{"@type":"PropertyValueSpecification","valueRequired":true,"valueName":"search_term_string"}}],"inLanguage":"es"},{"@type":"Person","@id":"https:\/\/www.todoheavymetal.com\/#\/schema\/person\/aa098e79c44b992ec2357a75883ed217","name":"Javi","image":{"@type":"ImageObject","inLanguage":"es","@id":"https:\/\/secure.gravatar.com\/avatar\/ad9699b1143ed4017d23ce58fa9d83e0375bd1368122b157550ad77cd28bdfdf?s=96&d=monsterid&r=g","url":"https:\/\/secure.gravatar.com\/avatar\/ad9699b1143ed4017d23ce58fa9d83e0375bd1368122b157550ad77cd28bdfdf?s=96&d=monsterid&r=g","contentUrl":"https:\/\/secure.gravatar.com\/avatar\/ad9699b1143ed4017d23ce58fa9d83e0375bd1368122b157550ad77cd28bdfdf?s=96&d=monsterid&r=g","caption":"Javi"},"url":"https:\/\/www.todoheavymetal.com\/index.php\/author\/javipelos"}]}},"_links":{"self":[{"href":"https:\/\/www.todoheavymetal.com\/index.php\/wp-json\/wp\/v2\/posts\/50787","targetHints":{"allow":["GET"]}}],"collection":[{"href":"https:\/\/www.todoheavymetal.com\/index.php\/wp-json\/wp\/v2\/posts"}],"about":[{"href":"https:\/\/www.todoheavymetal.com\/index.php\/wp-json\/wp\/v2\/types\/post"}],"author":[{"embeddable":true,"href":"https:\/\/www.todoheavymetal.com\/index.php\/wp-json\/wp\/v2\/users\/4"}],"replies":[{"embeddable":true,"href":"https:\/\/www.todoheavymetal.com\/index.php\/wp-json\/wp\/v2\/comments?post=50787"}],"version-history":[{"count":1,"href":"https:\/\/www.todoheavymetal.com\/index.php\/wp-json\/wp\/v2\/posts\/50787\/revisions"}],"predecessor-version":[{"id":50788,"href":"https:\/\/www.todoheavymetal.com\/index.php\/wp-json\/wp\/v2\/posts\/50787\/revisions\/50788"}],"wp:attachment":[{"href":"https:\/\/www.todoheavymetal.com\/index.php\/wp-json\/wp\/v2\/media?parent=50787"}],"wp:term":[{"taxonomy":"category","embeddable":true,"href":"https:\/\/www.todoheavymetal.com\/index.php\/wp-json\/wp\/v2\/categories?post=50787"},{"taxonomy":"post_tag","embeddable":true,"href":"https:\/\/www.todoheavymetal.com\/index.php\/wp-json\/wp\/v2\/tags?post=50787"}],"curies":[{"name":"wp","href":"https:\/\/api.w.org\/{rel}","templated":true}]}}