{"id":39181,"date":"2015-10-23T11:58:03","date_gmt":"2015-10-23T09:58:03","guid":{"rendered":"http:\/\/www.todoheavymetal.com\/?p=39181"},"modified":"2015-10-23T08:18:54","modified_gmt":"2015-10-23T06:18:54","slug":"entrevista-a-nightfear","status":"publish","type":"post","link":"https:\/\/www.todoheavymetal.com\/index.php\/entrevistas\/entrevista-a-nightfear","title":{"rendered":"ENTREVISTA A NIGHTFEAR"},"content":{"rendered":"<p style=\"text-align: justify;\">Con <em>Drums of war<\/em> a punto de ser editado charlamos con NIGHTFEAR para que nos cuenten como fue la grabaci\u00f3n del disco y la actualidad del grupo.<\/p>\n<p style=\"text-align: justify;\">Su guitarrista Ismael Retana nos cont\u00f3 todo esto.<\/p>\n<p style=\"text-align: justify;\"><strong>Lo primero que quiero es daros las gracias por atender una vez m\u00e1s a todoheavymetal.<\/strong><\/p>\n<p style=\"text-align: justify;\">Gracias a vosotros por prestarnos la atenci\u00f3n que nos prest\u00e1is. El heavy sigue vivo gracias a gente como vosotros.<\/p>\n<p style=\"text-align: justify;\"><strong>Desde que sali\u00f3 <em>Inception<\/em> en 2012 hasta ahora han pasado casi tres a\u00f1os\u2026 \u00bfqu\u00e9 ha sido de NIGHTFEAR en todo \u00e9ste tiempo?<\/strong><\/p>\n<p style=\"text-align: justify;\">Cierto es que ha pasado \u201cmucho\u201d tiempo dese entonces. Hemos tenido un cambio de formaci\u00f3n, sali\u00f3 Dani de la banda y entr\u00f3 V\u00edctor, un joven y talentoso guitarrista. Tuvimos la oportunidad, y no la desaprovechamos, de fichar con Krea como agencia de management. Grabamos nuestro primer videoclip y hemos afianzado nuestra posici\u00f3n gracias a grandes conciertos como el <em>HOM Fest<\/em>, la grabaci\u00f3n del DVD de ANKHARA, la gira con LORDS OF BLACK y UNISONIC, que nos permiti\u00f3 tocar ante mucha gente en tres grandes ciudades de Espa\u00f1a o el reciente <em>Pilar Metal Fest<\/em> en el que estuvimos compartiendo cartel con SARATOGA y PRIMAL FEAR. As\u00ed que creemos que ha sido un tiempo muy productivo para el crecimiento de la banda.<\/p>\n<p style=\"text-align: center;\"><img loading=\"lazy\" decoding=\"async\" class=\"aligncenter\" src=\"https:\/\/pbs.twimg.com\/media\/CPmduCZWsAA1tYI.jpg:large\" alt=\"\" width=\"575\" height=\"383\" \/><\/p>\n<p style=\"text-align: justify;\"><strong>Con muchas ganas de que salga ya el disco para escucharlo \u00bften\u00e9is fijada ya la fecha definitiva de salida?<\/strong><\/p>\n<p style=\"text-align: justify;\">S\u00ed, a partir del d\u00eda 12 de noviembre estar\u00e1 disponible tanto en formato f\u00edsico como en las plataformas digitales.<\/p>\n<p style=\"text-align: justify;\"><strong>Hab\u00e9is repetido para grabar los nuevos temas con Daniel Blanco y La Casa del Ruido \u00bfpor qu\u00e9? \u00bfNo hab\u00e9is barajado otras posibilidades?<\/strong><\/p>\n<p style=\"text-align: justify;\">Hemos cre\u00eddo que era la mejor opci\u00f3n para cuerdas y voces y el resultado as\u00ed lo atestigua. Adem\u00e1s Dani es una persona con la que tenemos mucha confianza y nos supon\u00eda un extra de comodidad a la hora de hacer las grabaciones. La verdad es que para guitarras, bajo y voces, ni siquiera nos planteamos otra posibilidad.<\/p>\n<p style=\"text-align: justify;\">Las bater\u00edas, por el contrario fueron grabadas en los estudios Sonora de Majadahonda con Andy C. como t\u00e9cnico para registrarlas. Tras barajar varias posibilidades y sumado a que Osckar y Andy tambi\u00e9n ten\u00edan confianza nos decantamos por grabarlas con \u00e9l. Y el resultado ha sido, simplemente, genial.<\/p>\n<p style=\"text-align: justify;\"><strong>\u00bfCu\u00e1nto tiempo os ha llevado todo el proceso?<\/strong><\/p>\n<p style=\"text-align: justify;\">Pues hicimos una campa\u00f1a de crowdfunding para ayudarnos a sufragar los gastos que supon\u00eda la grabaci\u00f3n del disco, pero no sali\u00f3, as\u00ed que despu\u00e9s de ese duro momento tuvimos que replantearnos la grabaci\u00f3n y empezar a barajar otras formas de financiaci\u00f3n. Los plazos de grabaci\u00f3n ya no val\u00edan ya que financiamos la grabaci\u00f3n con el dinero que la banda hab\u00eda generado y el que ha salido de nuestro propio bolsillo. El resultado es en torno a un a\u00f1o de demora, ya que quer\u00edamos mantener los est\u00e1ndares de grabaci\u00f3n que nos hab\u00edamos planteado inicialmente y as\u00ed lo hemos hecho.<\/p>\n<p style=\"text-align: justify;\"><strong><em>Drums of war<\/em><\/strong><strong> se trata de un disco conceptual. En \u00e9l, seg\u00fan explicasteis en su momento continu\u00e1is con la historia del tema \u201cPride\u201d \u00bfnos pod\u00e9is contar el hilo argumental del disco?<\/strong><\/p>\n<p style=\"text-align: justify;\">Por supuesto, la historia se desarrolla un tiempo despu\u00e9s de lo que nos cuenta \u201cPride\u201d. No deja de ser un reflejo de lo que la humanidad viene haciendo desde sus inicios hasta d\u00eda de hoy; guerras por poder, hambre, esclavitud y mucha acci\u00f3n a cargo de nuestro protagonista que lucha por cambiar esa historia.<\/p>\n<p style=\"text-align: justify;\"><strong>Para hacer la portada tambi\u00e9n repet\u00eds y confi\u00e1is de nuevo en Xabier Amezaga. En la entrevista que os hicimos en la salida de <em>Inception<\/em> nos contasteis que le disteis libertad total para que creara \u00bfhab\u00e9is vuelto a hacer lo mismo?<\/strong><\/p>\n<p style=\"text-align: center;\"><img loading=\"lazy\" decoding=\"async\" class=\"aligncenter\" src=\"https:\/\/scontent-mad1-1.xx.fbcdn.net\/hphotos-xta1\/v\/t1.0-9\/11147134_810815665699022_7677661695625323327_n.jpg?oh=827aab6913f943ba5612b7a8ba19140b&amp;oe=5660F8EB\" alt=\"\" width=\"535\" height=\"535\" \/><\/p>\n<p style=\"text-align: justify;\">Tras el trabajo hecho en <em>Inception<\/em> ninguno de la banda se atrevi\u00f3 a barajar otra posibilidad que no fuese Xabi\u2026 \u00a1todo tuyo!<\/p>\n<p style=\"text-align: justify;\">As\u00ed que, efectivamente, hizo y deshizo a su antojo con total libertad y creo que podemos estar de enhorabuena por la portada y por tener la suerte de poder contar con Xabi como portadista.<\/p>\n<p style=\"text-align: justify;\"><strong>\u201cPath of victory\u201d ha sido el primer adelanto que hab\u00e9is hecho del CD. \u00bfElegisteis vosotros mismos el tema? \u00bfPor qu\u00e9 \u00e9ste?<\/strong><\/p>\n<p style=\"text-align: justify;\">Es el tema que abre el disco, con lo que cre\u00edmos que era l\u00f3gico ense\u00f1ar el principio de la historia en vez de un pasaje posterior. Aun as\u00ed \u201cPath of victory\u201d nos parece un tema muy directo y con much\u00edsimos matices y creemos firmemente en que puede enganchar al oyente y despertarle la curiosidad por el resto del disco.<\/p>\n<p style=\"text-align: justify;\">Por lo dem\u00e1s, el disco no tiene temas de relleno, con lo que, musicalmente hubi\u00e9semos podido elegir cualquiera.<\/p>\n<p style=\"text-align: justify;\"><strong>Con <em>Drums of war<\/em> en la rampa de lanzamiento, vuestras ilusiones y expectativas estar\u00e1n por todo lo alto\u2026 con sinceridad y siendo conscientes del momento real que atraviesa la m\u00fasica y el heavy en especial \u00bfqu\u00e9 esper\u00e1is de \u00e9l?<\/strong><\/p>\n<p style=\"text-align: justify;\">Esperamos que a la gente le guste tanto como a nosotros, creemos que el disco merece la pena y esperamos que nos brinde la oportunidad de mostrarlo con la mejor de las aceptaciones por todo el territorio nacional y, ojal\u00e1, tambi\u00e9n fuera de nuestras fronteras.<\/p>\n<p style=\"text-align: justify;\"><strong>En un principio lanzar\u00e9is el disco en CD y en descarga digital. \u00bfTen\u00e9is pensado hacer alguna edici\u00f3n en vinilo ahora que parece que el formato renace de sus cenizas, por lo menos a nivel coleccionista, o ni si quiera os lo plante\u00e1is?<\/strong><\/p>\n<p style=\"text-align: justify;\">La verdad es que por el momento, ni siquiera nos hemos planteado esa posibilidad. \u00bfQui\u00e9n sabe si el d\u00eda de ma\u00f1ana sacaremos una edici\u00f3n en vinilo?<\/p>\n<p style=\"text-align: justify;\">Pero por el momento no nos parece algo prioritario.<\/p>\n<p style=\"text-align: justify;\"><strong>A nivel visual hab\u00e9is estrenado un lyric video \u00bfgrabar\u00e9is alg\u00fan videoclip pr\u00f3ximamente?<\/strong><\/p>\n<p style=\"text-align: justify;\">Esperamos poder hacerlo en breve, pero, como siempre, dependemos de un capital muy limitado. Ojal\u00e1 os podamos dar la buena nueva en breve. Pero por el momento no hay nada cerrado.<\/p>\n<p style=\"text-align: justify;\"><strong>Desde hace un par de a\u00f1os cont\u00e1is en vuestras filas con V\u00edctor Blanco como segundo guitarrista tras la marcha de Daniel Fern\u00e1ndez. \u00bfC\u00f3mo se ha adaptado \u00e9l al grupo y el grupo a \u00e9l? <\/strong><\/p>\n<p style=\"text-align: justify;\">V\u00edctor es un guitarrista de primer nivel en lo que a t\u00e9cnica se refiere y, adem\u00e1s, ya hab\u00eda tocado con alg\u00fan integrante del grupo, por lo que la adaptaci\u00f3n ha sido tan natural que casi ni se podr\u00eda llamar adaptaci\u00f3n.<\/p>\n<p style=\"text-align: justify;\"><strong>\u00bfHa participado en el proceso de creaci\u00f3n de los nuevos temas?<\/strong><\/p>\n<p style=\"text-align: justify;\">Por supuesto, todos hemos participado activamente en la composici\u00f3n de los temas y eso se nota. El resultado es un disco mejor hecho y m\u00e1s completo que el anterior trabajo de la banda.<\/p>\n<p style=\"text-align: justify;\"><strong>Hasta el momento hab\u00e9is compartido escenario el a\u00f1o pasado con UNISONIC y LORDS OF BLACK y hace muy poquito tocasteis en el <em>Pilar Metal Fest<\/em> junto a PRIMAL FEAR y SARATOGA. Tocar con grupos de esta talla \u00bfqu\u00e9 ha supuesto para vosotros?<\/strong><\/p>\n<p style=\"text-align: justify;\">En lo personal, tocar con gente que para nosotros siempre ha sido un referente, lo cual es muy bonito de vivir y en lo profesional, aprender de ellos y tener la oportunidad de tocar ante un p\u00fablico amplio y ganar adeptos.<\/p>\n<p style=\"text-align: justify;\"><strong>En noviembre presentar\u00e9is el disco en la sala Lemon de Madrid \u00bfTen\u00e9is preparadas m\u00e1s fechas antes de que termine el a\u00f1o o dejareis ya las presentaciones para el pr\u00f3ximo 2016? Y de cara a los festivales veraniegos del a\u00f1o que viene \u00bfalg\u00fan contacto para participar en alguno de los muchos que se celebran por todo el pa\u00eds?<\/strong><\/p>\n<p style=\"text-align: justify;\">Hay varios frentes abiertos, pero de momento s\u00f3lo desvelaremos la fecha del 27 de noviembre donde esperamos tener una buena aceptaci\u00f3n, pues daremos la talla.<\/p>\n<p style=\"text-align: justify;\"><strong>Con dos discos ya en el mercado \u00bfintentar\u00e9is dar el salto y salir a tocar por Europa o consider\u00e1is que es demasiado pronto para vosotros?<\/strong><\/p>\n<p style=\"text-align: justify;\">M\u00e1s que pronto, consideramos que hay que hacerlo con mucho tacto ya que eso podr\u00eda suponer algo inasumible econ\u00f3micamente para la banda. Pero luch\u00e1ndolo estamos. \u00a1Ojal\u00e1 podamos girar por toda Europa para presentar este <em>Drums of war<\/em>!<\/p>\n<p style=\"text-align: justify;\"><strong>Por m\u00ed nada m\u00e1s. Si quer\u00e9is dejar alg\u00fan mensaje a los lectores este es vuestro momento.<\/strong><\/p>\n<p style=\"text-align: justify;\">S\u00f3lo darles las gracias por el apoyo que nos dan cada d\u00eda y en cada bolo e instarles a escuchar <em>Drums of war<\/em>, que, estamos seguros, les gustar\u00e1.<\/p>\n<p style=\"text-align: justify;\">Un abrazo.<\/p>\n<p style=\"text-align: justify;\">\u00a0 pelos<\/p>\n","protected":false},"excerpt":{"rendered":"<p>Con Drums of war a punto de ser editado charlamos con NIGHTFEAR para que nos cuenten como fue la grabaci\u00f3n del disco y la actualidad del grupo. Su guitarrista Ismael Retana nos cont\u00f3 todo esto. Lo primero que quiero es daros las gracias por atender una vez m\u00e1s a todoheavymetal. Gracias a vosotros por prestarnos [&hellip;]<\/p>\n","protected":false},"author":4,"featured_media":0,"comment_status":"open","ping_status":"open","sticky":false,"template":"","format":"standard","meta":{"footnotes":""},"categories":[2548],"tags":[21791,11643,4407,6436,6],"class_list":["post-39181","post","type-post","status-publish","format-standard","hentry","category-entrevistas","tag-drums-of-war","tag-entrevista-nightfear","tag-entrevistas-heavy-metal","tag-nightfear","tag-noticias-heavy-metal"],"yoast_head":"<!-- This site is optimized with the Yoast SEO plugin v27.5 - https:\/\/yoast.com\/product\/yoast-seo-wordpress\/ -->\n<title>ENTREVISTA A NIGHTFEAR - HEAVY METAL - NOTICIAS HEAVY METAL<\/title>\n<meta name=\"robots\" content=\"index, follow, max-snippet:-1, max-image-preview:large, max-video-preview:-1\" \/>\n<link rel=\"canonical\" href=\"https:\/\/www.todoheavymetal.com\/index.php\/entrevistas\/entrevista-a-nightfear\" \/>\n<meta property=\"og:locale\" content=\"es_ES\" \/>\n<meta property=\"og:type\" content=\"article\" \/>\n<meta property=\"og:title\" content=\"ENTREVISTA A NIGHTFEAR - HEAVY METAL - NOTICIAS HEAVY METAL\" \/>\n<meta property=\"og:description\" content=\"Con Drums of war a punto de ser editado charlamos con NIGHTFEAR para que nos cuenten como fue la grabaci\u00f3n del disco y la actualidad del grupo. Su guitarrista Ismael Retana nos cont\u00f3 todo esto. Lo primero que quiero es daros las gracias por atender una vez m\u00e1s a todoheavymetal. Gracias a vosotros por prestarnos [&hellip;]\" \/>\n<meta property=\"og:url\" content=\"https:\/\/www.todoheavymetal.com\/index.php\/entrevistas\/entrevista-a-nightfear\" \/>\n<meta property=\"og:site_name\" content=\"HEAVY METAL - NOTICIAS HEAVY METAL\" \/>\n<meta property=\"article:publisher\" content=\"https:\/\/www.facebook.com\/todoheavymetal\/\" \/>\n<meta property=\"article:published_time\" content=\"2015-10-23T09:58:03+00:00\" \/>\n<meta property=\"og:image\" content=\"https:\/\/pbs.twimg.com\/media\/CPmduCZWsAA1tYI.jpg:large\" \/>\n<meta name=\"author\" content=\"Javi\" \/>\n<meta name=\"twitter:card\" content=\"summary_large_image\" \/>\n<meta name=\"twitter:creator\" content=\"@todoheavymetal\" \/>\n<meta name=\"twitter:site\" content=\"@todoheavymetal\" \/>\n<meta name=\"twitter:label1\" content=\"Escrito por\" \/>\n\t<meta name=\"twitter:data1\" content=\"Javi\" \/>\n\t<meta name=\"twitter:label2\" content=\"Tiempo de lectura\" \/>\n\t<meta name=\"twitter:data2\" content=\"7 minutos\" \/>\n<script type=\"application\/ld+json\" class=\"yoast-schema-graph\">{\"@context\":\"https:\\\/\\\/schema.org\",\"@graph\":[{\"@type\":\"Article\",\"@id\":\"https:\\\/\\\/www.todoheavymetal.com\\\/index.php\\\/entrevistas\\\/entrevista-a-nightfear#article\",\"isPartOf\":{\"@id\":\"https:\\\/\\\/www.todoheavymetal.com\\\/index.php\\\/entrevistas\\\/entrevista-a-nightfear\"},\"author\":{\"name\":\"Javi\",\"@id\":\"https:\\\/\\\/www.todoheavymetal.com\\\/#\\\/schema\\\/person\\\/aa098e79c44b992ec2357a75883ed217\"},\"headline\":\"ENTREVISTA A NIGHTFEAR\",\"datePublished\":\"2015-10-23T09:58:03+00:00\",\"mainEntityOfPage\":{\"@id\":\"https:\\\/\\\/www.todoheavymetal.com\\\/index.php\\\/entrevistas\\\/entrevista-a-nightfear\"},\"wordCount\":1467,\"commentCount\":0,\"image\":{\"@id\":\"https:\\\/\\\/www.todoheavymetal.com\\\/index.php\\\/entrevistas\\\/entrevista-a-nightfear#primaryimage\"},\"thumbnailUrl\":\"https:\\\/\\\/pbs.twimg.com\\\/media\\\/CPmduCZWsAA1tYI.jpg:large\",\"keywords\":[\"drums of war\",\"entrevista nightfear\",\"entrevistas heavy metal\",\"nightfear\",\"noticias heavy metal\"],\"articleSection\":[\"ENTREVISTAS\"],\"inLanguage\":\"es\",\"potentialAction\":[{\"@type\":\"CommentAction\",\"name\":\"Comment\",\"target\":[\"https:\\\/\\\/www.todoheavymetal.com\\\/index.php\\\/entrevistas\\\/entrevista-a-nightfear#respond\"]}]},{\"@type\":\"WebPage\",\"@id\":\"https:\\\/\\\/www.todoheavymetal.com\\\/index.php\\\/entrevistas\\\/entrevista-a-nightfear\",\"url\":\"https:\\\/\\\/www.todoheavymetal.com\\\/index.php\\\/entrevistas\\\/entrevista-a-nightfear\",\"name\":\"ENTREVISTA A NIGHTFEAR - HEAVY METAL - NOTICIAS HEAVY METAL\",\"isPartOf\":{\"@id\":\"https:\\\/\\\/www.todoheavymetal.com\\\/#website\"},\"primaryImageOfPage\":{\"@id\":\"https:\\\/\\\/www.todoheavymetal.com\\\/index.php\\\/entrevistas\\\/entrevista-a-nightfear#primaryimage\"},\"image\":{\"@id\":\"https:\\\/\\\/www.todoheavymetal.com\\\/index.php\\\/entrevistas\\\/entrevista-a-nightfear#primaryimage\"},\"thumbnailUrl\":\"https:\\\/\\\/pbs.twimg.com\\\/media\\\/CPmduCZWsAA1tYI.jpg:large\",\"datePublished\":\"2015-10-23T09:58:03+00:00\",\"author\":{\"@id\":\"https:\\\/\\\/www.todoheavymetal.com\\\/#\\\/schema\\\/person\\\/aa098e79c44b992ec2357a75883ed217\"},\"breadcrumb\":{\"@id\":\"https:\\\/\\\/www.todoheavymetal.com\\\/index.php\\\/entrevistas\\\/entrevista-a-nightfear#breadcrumb\"},\"inLanguage\":\"es\",\"potentialAction\":[{\"@type\":\"ReadAction\",\"target\":[\"https:\\\/\\\/www.todoheavymetal.com\\\/index.php\\\/entrevistas\\\/entrevista-a-nightfear\"]}]},{\"@type\":\"ImageObject\",\"inLanguage\":\"es\",\"@id\":\"https:\\\/\\\/www.todoheavymetal.com\\\/index.php\\\/entrevistas\\\/entrevista-a-nightfear#primaryimage\",\"url\":\"https:\\\/\\\/pbs.twimg.com\\\/media\\\/CPmduCZWsAA1tYI.jpg:large\",\"contentUrl\":\"https:\\\/\\\/pbs.twimg.com\\\/media\\\/CPmduCZWsAA1tYI.jpg:large\"},{\"@type\":\"BreadcrumbList\",\"@id\":\"https:\\\/\\\/www.todoheavymetal.com\\\/index.php\\\/entrevistas\\\/entrevista-a-nightfear#breadcrumb\",\"itemListElement\":[{\"@type\":\"ListItem\",\"position\":1,\"name\":\"Portada\",\"item\":\"https:\\\/\\\/www.todoheavymetal.com\\\/\"},{\"@type\":\"ListItem\",\"position\":2,\"name\":\"ENTREVISTA A NIGHTFEAR\"}]},{\"@type\":\"WebSite\",\"@id\":\"https:\\\/\\\/www.todoheavymetal.com\\\/#website\",\"url\":\"https:\\\/\\\/www.todoheavymetal.com\\\/\",\"name\":\"todoheavymetal.com\",\"description\":\"heavy metal - noticias heavy metal - todoheavymetal\",\"potentialAction\":[{\"@type\":\"SearchAction\",\"target\":{\"@type\":\"EntryPoint\",\"urlTemplate\":\"https:\\\/\\\/www.todoheavymetal.com\\\/?s={search_term_string}\"},\"query-input\":{\"@type\":\"PropertyValueSpecification\",\"valueRequired\":true,\"valueName\":\"search_term_string\"}}],\"inLanguage\":\"es\"},{\"@type\":\"Person\",\"@id\":\"https:\\\/\\\/www.todoheavymetal.com\\\/#\\\/schema\\\/person\\\/aa098e79c44b992ec2357a75883ed217\",\"name\":\"Javi\",\"image\":{\"@type\":\"ImageObject\",\"inLanguage\":\"es\",\"@id\":\"https:\\\/\\\/secure.gravatar.com\\\/avatar\\\/ad9699b1143ed4017d23ce58fa9d83e0375bd1368122b157550ad77cd28bdfdf?s=96&d=monsterid&r=g\",\"url\":\"https:\\\/\\\/secure.gravatar.com\\\/avatar\\\/ad9699b1143ed4017d23ce58fa9d83e0375bd1368122b157550ad77cd28bdfdf?s=96&d=monsterid&r=g\",\"contentUrl\":\"https:\\\/\\\/secure.gravatar.com\\\/avatar\\\/ad9699b1143ed4017d23ce58fa9d83e0375bd1368122b157550ad77cd28bdfdf?s=96&d=monsterid&r=g\",\"caption\":\"Javi\"},\"url\":\"https:\\\/\\\/www.todoheavymetal.com\\\/index.php\\\/author\\\/javipelos\"}]}<\/script>\n<!-- \/ Yoast SEO plugin. -->","yoast_head_json":{"title":"ENTREVISTA A NIGHTFEAR - HEAVY METAL - NOTICIAS HEAVY METAL","robots":{"index":"index","follow":"follow","max-snippet":"max-snippet:-1","max-image-preview":"max-image-preview:large","max-video-preview":"max-video-preview:-1"},"canonical":"https:\/\/www.todoheavymetal.com\/index.php\/entrevistas\/entrevista-a-nightfear","og_locale":"es_ES","og_type":"article","og_title":"ENTREVISTA A NIGHTFEAR - HEAVY METAL - NOTICIAS HEAVY METAL","og_description":"Con Drums of war a punto de ser editado charlamos con NIGHTFEAR para que nos cuenten como fue la grabaci\u00f3n del disco y la actualidad del grupo. Su guitarrista Ismael Retana nos cont\u00f3 todo esto. Lo primero que quiero es daros las gracias por atender una vez m\u00e1s a todoheavymetal. Gracias a vosotros por prestarnos [&hellip;]","og_url":"https:\/\/www.todoheavymetal.com\/index.php\/entrevistas\/entrevista-a-nightfear","og_site_name":"HEAVY METAL - NOTICIAS HEAVY METAL","article_publisher":"https:\/\/www.facebook.com\/todoheavymetal\/","article_published_time":"2015-10-23T09:58:03+00:00","og_image":[{"url":"https:\/\/pbs.twimg.com\/media\/CPmduCZWsAA1tYI.jpg:large","type":"","width":"","height":""}],"author":"Javi","twitter_card":"summary_large_image","twitter_creator":"@todoheavymetal","twitter_site":"@todoheavymetal","twitter_misc":{"Escrito por":"Javi","Tiempo de lectura":"7 minutos"},"schema":{"@context":"https:\/\/schema.org","@graph":[{"@type":"Article","@id":"https:\/\/www.todoheavymetal.com\/index.php\/entrevistas\/entrevista-a-nightfear#article","isPartOf":{"@id":"https:\/\/www.todoheavymetal.com\/index.php\/entrevistas\/entrevista-a-nightfear"},"author":{"name":"Javi","@id":"https:\/\/www.todoheavymetal.com\/#\/schema\/person\/aa098e79c44b992ec2357a75883ed217"},"headline":"ENTREVISTA A NIGHTFEAR","datePublished":"2015-10-23T09:58:03+00:00","mainEntityOfPage":{"@id":"https:\/\/www.todoheavymetal.com\/index.php\/entrevistas\/entrevista-a-nightfear"},"wordCount":1467,"commentCount":0,"image":{"@id":"https:\/\/www.todoheavymetal.com\/index.php\/entrevistas\/entrevista-a-nightfear#primaryimage"},"thumbnailUrl":"https:\/\/pbs.twimg.com\/media\/CPmduCZWsAA1tYI.jpg:large","keywords":["drums of war","entrevista nightfear","entrevistas heavy metal","nightfear","noticias heavy metal"],"articleSection":["ENTREVISTAS"],"inLanguage":"es","potentialAction":[{"@type":"CommentAction","name":"Comment","target":["https:\/\/www.todoheavymetal.com\/index.php\/entrevistas\/entrevista-a-nightfear#respond"]}]},{"@type":"WebPage","@id":"https:\/\/www.todoheavymetal.com\/index.php\/entrevistas\/entrevista-a-nightfear","url":"https:\/\/www.todoheavymetal.com\/index.php\/entrevistas\/entrevista-a-nightfear","name":"ENTREVISTA A NIGHTFEAR - HEAVY METAL - NOTICIAS HEAVY METAL","isPartOf":{"@id":"https:\/\/www.todoheavymetal.com\/#website"},"primaryImageOfPage":{"@id":"https:\/\/www.todoheavymetal.com\/index.php\/entrevistas\/entrevista-a-nightfear#primaryimage"},"image":{"@id":"https:\/\/www.todoheavymetal.com\/index.php\/entrevistas\/entrevista-a-nightfear#primaryimage"},"thumbnailUrl":"https:\/\/pbs.twimg.com\/media\/CPmduCZWsAA1tYI.jpg:large","datePublished":"2015-10-23T09:58:03+00:00","author":{"@id":"https:\/\/www.todoheavymetal.com\/#\/schema\/person\/aa098e79c44b992ec2357a75883ed217"},"breadcrumb":{"@id":"https:\/\/www.todoheavymetal.com\/index.php\/entrevistas\/entrevista-a-nightfear#breadcrumb"},"inLanguage":"es","potentialAction":[{"@type":"ReadAction","target":["https:\/\/www.todoheavymetal.com\/index.php\/entrevistas\/entrevista-a-nightfear"]}]},{"@type":"ImageObject","inLanguage":"es","@id":"https:\/\/www.todoheavymetal.com\/index.php\/entrevistas\/entrevista-a-nightfear#primaryimage","url":"https:\/\/pbs.twimg.com\/media\/CPmduCZWsAA1tYI.jpg:large","contentUrl":"https:\/\/pbs.twimg.com\/media\/CPmduCZWsAA1tYI.jpg:large"},{"@type":"BreadcrumbList","@id":"https:\/\/www.todoheavymetal.com\/index.php\/entrevistas\/entrevista-a-nightfear#breadcrumb","itemListElement":[{"@type":"ListItem","position":1,"name":"Portada","item":"https:\/\/www.todoheavymetal.com\/"},{"@type":"ListItem","position":2,"name":"ENTREVISTA A NIGHTFEAR"}]},{"@type":"WebSite","@id":"https:\/\/www.todoheavymetal.com\/#website","url":"https:\/\/www.todoheavymetal.com\/","name":"todoheavymetal.com","description":"heavy metal - noticias heavy metal - todoheavymetal","potentialAction":[{"@type":"SearchAction","target":{"@type":"EntryPoint","urlTemplate":"https:\/\/www.todoheavymetal.com\/?s={search_term_string}"},"query-input":{"@type":"PropertyValueSpecification","valueRequired":true,"valueName":"search_term_string"}}],"inLanguage":"es"},{"@type":"Person","@id":"https:\/\/www.todoheavymetal.com\/#\/schema\/person\/aa098e79c44b992ec2357a75883ed217","name":"Javi","image":{"@type":"ImageObject","inLanguage":"es","@id":"https:\/\/secure.gravatar.com\/avatar\/ad9699b1143ed4017d23ce58fa9d83e0375bd1368122b157550ad77cd28bdfdf?s=96&d=monsterid&r=g","url":"https:\/\/secure.gravatar.com\/avatar\/ad9699b1143ed4017d23ce58fa9d83e0375bd1368122b157550ad77cd28bdfdf?s=96&d=monsterid&r=g","contentUrl":"https:\/\/secure.gravatar.com\/avatar\/ad9699b1143ed4017d23ce58fa9d83e0375bd1368122b157550ad77cd28bdfdf?s=96&d=monsterid&r=g","caption":"Javi"},"url":"https:\/\/www.todoheavymetal.com\/index.php\/author\/javipelos"}]}},"_links":{"self":[{"href":"https:\/\/www.todoheavymetal.com\/index.php\/wp-json\/wp\/v2\/posts\/39181","targetHints":{"allow":["GET"]}}],"collection":[{"href":"https:\/\/www.todoheavymetal.com\/index.php\/wp-json\/wp\/v2\/posts"}],"about":[{"href":"https:\/\/www.todoheavymetal.com\/index.php\/wp-json\/wp\/v2\/types\/post"}],"author":[{"embeddable":true,"href":"https:\/\/www.todoheavymetal.com\/index.php\/wp-json\/wp\/v2\/users\/4"}],"replies":[{"embeddable":true,"href":"https:\/\/www.todoheavymetal.com\/index.php\/wp-json\/wp\/v2\/comments?post=39181"}],"version-history":[{"count":1,"href":"https:\/\/www.todoheavymetal.com\/index.php\/wp-json\/wp\/v2\/posts\/39181\/revisions"}],"predecessor-version":[{"id":39182,"href":"https:\/\/www.todoheavymetal.com\/index.php\/wp-json\/wp\/v2\/posts\/39181\/revisions\/39182"}],"wp:attachment":[{"href":"https:\/\/www.todoheavymetal.com\/index.php\/wp-json\/wp\/v2\/media?parent=39181"}],"wp:term":[{"taxonomy":"category","embeddable":true,"href":"https:\/\/www.todoheavymetal.com\/index.php\/wp-json\/wp\/v2\/categories?post=39181"},{"taxonomy":"post_tag","embeddable":true,"href":"https:\/\/www.todoheavymetal.com\/index.php\/wp-json\/wp\/v2\/tags?post=39181"}],"curies":[{"name":"wp","href":"https:\/\/api.w.org\/{rel}","templated":true}]}}