{"id":38439,"date":"2015-09-07T12:00:31","date_gmt":"2015-09-07T10:00:31","guid":{"rendered":"http:\/\/www.todoheavymetal.com\/?p=38439"},"modified":"2015-09-07T08:54:30","modified_gmt":"2015-09-07T06:54:30","slug":"este-sabado-vanderbuyst-y-maverick-en-madrid","status":"publish","type":"post","link":"https:\/\/www.todoheavymetal.com\/index.php\/noticias-del-mes\/este-sabado-vanderbuyst-y-maverick-en-madrid","title":{"rendered":"ESTE S\u00c1BADO VANDERBUYST Y MAVERICK EN MADRID"},"content":{"rendered":"<p style=\"text-align: justify;\">Os recordamos que este pr\u00f3ximo s\u00e1bado 12 de septiembre los holandeses VANDERBUYST y los madrile\u00f1os MAVERICK compartir\u00e1n el escenario de la sala We Rock de Madrid.<\/p>\n<p style=\"text-align: justify;\">Los primeros se despiden con esta \u00faltima gira despu\u00e9s de anunciar su adi\u00f3s hace unos meses. Los segundos debutar\u00e1n en directo.<\/p>\n<p style=\"text-align: justify;\">Las entradas anticipadas cuestan 10\u20ac. En puerta pasar\u00e1n a costar 13\u20ac.<\/p>\n<p style=\"text-align: justify;\">M\u00e1s informaci\u00f3n y reserva de entradas puedes escribir a info@pounding-metal-union.es.<\/p>\n<p style=\"text-align: center;\"><img loading=\"lazy\" decoding=\"async\" class=\"aligncenter\" src=\"https:\/\/scontent-mad1-1.xx.fbcdn.net\/hphotos-xpf1\/v\/t1.0-9\/1610789_1063448457016247_776417507098959028_n.jpg?oh=742ec8ab66abc1187e12a6bc6e9ee341&amp;oe=55F45A95\" alt=\"\" width=\"428\" height=\"605\" \/><\/p>\n<p>&nbsp;<\/p>\n","protected":false},"excerpt":{"rendered":"<p>Os recordamos que este pr\u00f3ximo s\u00e1bado 12 de septiembre los holandeses VANDERBUYST y los madrile\u00f1os MAVERICK compartir\u00e1n el escenario de la sala We Rock de Madrid. Los primeros se despiden con esta \u00faltima gira despu\u00e9s de anunciar su adi\u00f3s hace unos meses. Los segundos debutar\u00e1n en directo. Las entradas anticipadas cuestan 10\u20ac. En puerta pasar\u00e1n [&hellip;]<\/p>\n","protected":false},"author":4,"featured_media":0,"comment_status":"open","ping_status":"open","sticky":false,"template":"","format":"standard","meta":{"footnotes":""},"categories":[8],"tags":[23769,23427,12460,6],"class_list":["post-38439","post","type-post","status-publish","format-standard","hentry","category-noticias-del-mes","tag-concierto-madrid-vanderbuyst","tag-conciertos-maverick","tag-conciertos-sala-we-rock","tag-noticias-heavy-metal"],"yoast_head":"<!-- This site is optimized with the Yoast SEO plugin v27.5 - https:\/\/yoast.com\/product\/yoast-seo-wordpress\/ -->\n<title>ESTE S\u00c1BADO VANDERBUYST Y MAVERICK EN MADRID - HEAVY METAL - NOTICIAS HEAVY METAL<\/title>\n<meta name=\"robots\" content=\"index, follow, max-snippet:-1, max-image-preview:large, max-video-preview:-1\" \/>\n<link rel=\"canonical\" href=\"https:\/\/www.todoheavymetal.com\/index.php\/noticias-del-mes\/este-sabado-vanderbuyst-y-maverick-en-madrid\" \/>\n<meta property=\"og:locale\" content=\"es_ES\" \/>\n<meta property=\"og:type\" content=\"article\" \/>\n<meta property=\"og:title\" content=\"ESTE S\u00c1BADO VANDERBUYST Y MAVERICK EN MADRID - HEAVY METAL - NOTICIAS HEAVY METAL\" \/>\n<meta property=\"og:description\" content=\"Os recordamos que este pr\u00f3ximo s\u00e1bado 12 de septiembre los holandeses VANDERBUYST y los madrile\u00f1os MAVERICK compartir\u00e1n el escenario de la sala We Rock de Madrid. Los primeros se despiden con esta \u00faltima gira despu\u00e9s de anunciar su adi\u00f3s hace unos meses. Los segundos debutar\u00e1n en directo. Las entradas anticipadas cuestan 10\u20ac. En puerta pasar\u00e1n [&hellip;]\" \/>\n<meta property=\"og:url\" content=\"https:\/\/www.todoheavymetal.com\/index.php\/noticias-del-mes\/este-sabado-vanderbuyst-y-maverick-en-madrid\" \/>\n<meta property=\"og:site_name\" content=\"HEAVY METAL - NOTICIAS HEAVY METAL\" \/>\n<meta property=\"article:publisher\" content=\"https:\/\/www.facebook.com\/todoheavymetal\/\" \/>\n<meta property=\"article:published_time\" content=\"2015-09-07T10:00:31+00:00\" \/>\n<meta property=\"og:image\" content=\"https:\/\/scontent-mad1-1.xx.fbcdn.net\/hphotos-xpf1\/v\/t1.0-9\/1610789_1063448457016247_776417507098959028_n.jpg?oh=742ec8ab66abc1187e12a6bc6e9ee341&amp;oe=55F45A95\" \/>\n<meta name=\"author\" content=\"Javi\" \/>\n<meta name=\"twitter:card\" content=\"summary_large_image\" \/>\n<meta name=\"twitter:creator\" content=\"@todoheavymetal\" \/>\n<meta name=\"twitter:site\" content=\"@todoheavymetal\" \/>\n<meta name=\"twitter:label1\" content=\"Escrito por\" \/>\n\t<meta name=\"twitter:data1\" content=\"Javi\" \/>\n<script type=\"application\/ld+json\" class=\"yoast-schema-graph\">{\"@context\":\"https:\\\/\\\/schema.org\",\"@graph\":[{\"@type\":\"Article\",\"@id\":\"https:\\\/\\\/www.todoheavymetal.com\\\/index.php\\\/noticias-del-mes\\\/este-sabado-vanderbuyst-y-maverick-en-madrid#article\",\"isPartOf\":{\"@id\":\"https:\\\/\\\/www.todoheavymetal.com\\\/index.php\\\/noticias-del-mes\\\/este-sabado-vanderbuyst-y-maverick-en-madrid\"},\"author\":{\"name\":\"Javi\",\"@id\":\"https:\\\/\\\/www.todoheavymetal.com\\\/#\\\/schema\\\/person\\\/aa098e79c44b992ec2357a75883ed217\"},\"headline\":\"ESTE S\u00c1BADO VANDERBUYST Y MAVERICK EN MADRID\",\"datePublished\":\"2015-09-07T10:00:31+00:00\",\"mainEntityOfPage\":{\"@id\":\"https:\\\/\\\/www.todoheavymetal.com\\\/index.php\\\/noticias-del-mes\\\/este-sabado-vanderbuyst-y-maverick-en-madrid\"},\"wordCount\":86,\"commentCount\":0,\"image\":{\"@id\":\"https:\\\/\\\/www.todoheavymetal.com\\\/index.php\\\/noticias-del-mes\\\/este-sabado-vanderbuyst-y-maverick-en-madrid#primaryimage\"},\"thumbnailUrl\":\"https:\\\/\\\/scontent-mad1-1.xx.fbcdn.net\\\/hphotos-xpf1\\\/v\\\/t1.0-9\\\/1610789_1063448457016247_776417507098959028_n.jpg?oh=742ec8ab66abc1187e12a6bc6e9ee341&amp;oe=55F45A95\",\"keywords\":[\"concierto madrid vanderbuyst\",\"conciertos maverick\",\"conciertos sala we rock\",\"noticias heavy metal\"],\"articleSection\":[\"Noticias del mes\"],\"inLanguage\":\"es\",\"potentialAction\":[{\"@type\":\"CommentAction\",\"name\":\"Comment\",\"target\":[\"https:\\\/\\\/www.todoheavymetal.com\\\/index.php\\\/noticias-del-mes\\\/este-sabado-vanderbuyst-y-maverick-en-madrid#respond\"]}]},{\"@type\":\"WebPage\",\"@id\":\"https:\\\/\\\/www.todoheavymetal.com\\\/index.php\\\/noticias-del-mes\\\/este-sabado-vanderbuyst-y-maverick-en-madrid\",\"url\":\"https:\\\/\\\/www.todoheavymetal.com\\\/index.php\\\/noticias-del-mes\\\/este-sabado-vanderbuyst-y-maverick-en-madrid\",\"name\":\"ESTE S\u00c1BADO VANDERBUYST Y MAVERICK EN MADRID - HEAVY METAL - NOTICIAS HEAVY METAL\",\"isPartOf\":{\"@id\":\"https:\\\/\\\/www.todoheavymetal.com\\\/#website\"},\"primaryImageOfPage\":{\"@id\":\"https:\\\/\\\/www.todoheavymetal.com\\\/index.php\\\/noticias-del-mes\\\/este-sabado-vanderbuyst-y-maverick-en-madrid#primaryimage\"},\"image\":{\"@id\":\"https:\\\/\\\/www.todoheavymetal.com\\\/index.php\\\/noticias-del-mes\\\/este-sabado-vanderbuyst-y-maverick-en-madrid#primaryimage\"},\"thumbnailUrl\":\"https:\\\/\\\/scontent-mad1-1.xx.fbcdn.net\\\/hphotos-xpf1\\\/v\\\/t1.0-9\\\/1610789_1063448457016247_776417507098959028_n.jpg?oh=742ec8ab66abc1187e12a6bc6e9ee341&amp;oe=55F45A95\",\"datePublished\":\"2015-09-07T10:00:31+00:00\",\"author\":{\"@id\":\"https:\\\/\\\/www.todoheavymetal.com\\\/#\\\/schema\\\/person\\\/aa098e79c44b992ec2357a75883ed217\"},\"breadcrumb\":{\"@id\":\"https:\\\/\\\/www.todoheavymetal.com\\\/index.php\\\/noticias-del-mes\\\/este-sabado-vanderbuyst-y-maverick-en-madrid#breadcrumb\"},\"inLanguage\":\"es\",\"potentialAction\":[{\"@type\":\"ReadAction\",\"target\":[\"https:\\\/\\\/www.todoheavymetal.com\\\/index.php\\\/noticias-del-mes\\\/este-sabado-vanderbuyst-y-maverick-en-madrid\"]}]},{\"@type\":\"ImageObject\",\"inLanguage\":\"es\",\"@id\":\"https:\\\/\\\/www.todoheavymetal.com\\\/index.php\\\/noticias-del-mes\\\/este-sabado-vanderbuyst-y-maverick-en-madrid#primaryimage\",\"url\":\"https:\\\/\\\/scontent-mad1-1.xx.fbcdn.net\\\/hphotos-xpf1\\\/v\\\/t1.0-9\\\/1610789_1063448457016247_776417507098959028_n.jpg?oh=742ec8ab66abc1187e12a6bc6e9ee341&amp;oe=55F45A95\",\"contentUrl\":\"https:\\\/\\\/scontent-mad1-1.xx.fbcdn.net\\\/hphotos-xpf1\\\/v\\\/t1.0-9\\\/1610789_1063448457016247_776417507098959028_n.jpg?oh=742ec8ab66abc1187e12a6bc6e9ee341&amp;oe=55F45A95\"},{\"@type\":\"BreadcrumbList\",\"@id\":\"https:\\\/\\\/www.todoheavymetal.com\\\/index.php\\\/noticias-del-mes\\\/este-sabado-vanderbuyst-y-maverick-en-madrid#breadcrumb\",\"itemListElement\":[{\"@type\":\"ListItem\",\"position\":1,\"name\":\"Portada\",\"item\":\"https:\\\/\\\/www.todoheavymetal.com\\\/\"},{\"@type\":\"ListItem\",\"position\":2,\"name\":\"ESTE S\u00c1BADO VANDERBUYST Y MAVERICK EN MADRID\"}]},{\"@type\":\"WebSite\",\"@id\":\"https:\\\/\\\/www.todoheavymetal.com\\\/#website\",\"url\":\"https:\\\/\\\/www.todoheavymetal.com\\\/\",\"name\":\"todoheavymetal.com\",\"description\":\"heavy metal - noticias heavy metal - todoheavymetal\",\"potentialAction\":[{\"@type\":\"SearchAction\",\"target\":{\"@type\":\"EntryPoint\",\"urlTemplate\":\"https:\\\/\\\/www.todoheavymetal.com\\\/?s={search_term_string}\"},\"query-input\":{\"@type\":\"PropertyValueSpecification\",\"valueRequired\":true,\"valueName\":\"search_term_string\"}}],\"inLanguage\":\"es\"},{\"@type\":\"Person\",\"@id\":\"https:\\\/\\\/www.todoheavymetal.com\\\/#\\\/schema\\\/person\\\/aa098e79c44b992ec2357a75883ed217\",\"name\":\"Javi\",\"image\":{\"@type\":\"ImageObject\",\"inLanguage\":\"es\",\"@id\":\"https:\\\/\\\/secure.gravatar.com\\\/avatar\\\/ad9699b1143ed4017d23ce58fa9d83e0375bd1368122b157550ad77cd28bdfdf?s=96&d=monsterid&r=g\",\"url\":\"https:\\\/\\\/secure.gravatar.com\\\/avatar\\\/ad9699b1143ed4017d23ce58fa9d83e0375bd1368122b157550ad77cd28bdfdf?s=96&d=monsterid&r=g\",\"contentUrl\":\"https:\\\/\\\/secure.gravatar.com\\\/avatar\\\/ad9699b1143ed4017d23ce58fa9d83e0375bd1368122b157550ad77cd28bdfdf?s=96&d=monsterid&r=g\",\"caption\":\"Javi\"},\"url\":\"https:\\\/\\\/www.todoheavymetal.com\\\/index.php\\\/author\\\/javipelos\"}]}<\/script>\n<!-- \/ Yoast SEO plugin. -->","yoast_head_json":{"title":"ESTE S\u00c1BADO VANDERBUYST Y MAVERICK EN MADRID - HEAVY METAL - NOTICIAS HEAVY METAL","robots":{"index":"index","follow":"follow","max-snippet":"max-snippet:-1","max-image-preview":"max-image-preview:large","max-video-preview":"max-video-preview:-1"},"canonical":"https:\/\/www.todoheavymetal.com\/index.php\/noticias-del-mes\/este-sabado-vanderbuyst-y-maverick-en-madrid","og_locale":"es_ES","og_type":"article","og_title":"ESTE S\u00c1BADO VANDERBUYST Y MAVERICK EN MADRID - HEAVY METAL - NOTICIAS HEAVY METAL","og_description":"Os recordamos que este pr\u00f3ximo s\u00e1bado 12 de septiembre los holandeses VANDERBUYST y los madrile\u00f1os MAVERICK compartir\u00e1n el escenario de la sala We Rock de Madrid. Los primeros se despiden con esta \u00faltima gira despu\u00e9s de anunciar su adi\u00f3s hace unos meses. Los segundos debutar\u00e1n en directo. Las entradas anticipadas cuestan 10\u20ac. En puerta pasar\u00e1n [&hellip;]","og_url":"https:\/\/www.todoheavymetal.com\/index.php\/noticias-del-mes\/este-sabado-vanderbuyst-y-maverick-en-madrid","og_site_name":"HEAVY METAL - NOTICIAS HEAVY METAL","article_publisher":"https:\/\/www.facebook.com\/todoheavymetal\/","article_published_time":"2015-09-07T10:00:31+00:00","og_image":[{"url":"https:\/\/scontent-mad1-1.xx.fbcdn.net\/hphotos-xpf1\/v\/t1.0-9\/1610789_1063448457016247_776417507098959028_n.jpg?oh=742ec8ab66abc1187e12a6bc6e9ee341&amp;oe=55F45A95","type":"","width":"","height":""}],"author":"Javi","twitter_card":"summary_large_image","twitter_creator":"@todoheavymetal","twitter_site":"@todoheavymetal","twitter_misc":{"Escrito por":"Javi"},"schema":{"@context":"https:\/\/schema.org","@graph":[{"@type":"Article","@id":"https:\/\/www.todoheavymetal.com\/index.php\/noticias-del-mes\/este-sabado-vanderbuyst-y-maverick-en-madrid#article","isPartOf":{"@id":"https:\/\/www.todoheavymetal.com\/index.php\/noticias-del-mes\/este-sabado-vanderbuyst-y-maverick-en-madrid"},"author":{"name":"Javi","@id":"https:\/\/www.todoheavymetal.com\/#\/schema\/person\/aa098e79c44b992ec2357a75883ed217"},"headline":"ESTE S\u00c1BADO VANDERBUYST Y MAVERICK EN MADRID","datePublished":"2015-09-07T10:00:31+00:00","mainEntityOfPage":{"@id":"https:\/\/www.todoheavymetal.com\/index.php\/noticias-del-mes\/este-sabado-vanderbuyst-y-maverick-en-madrid"},"wordCount":86,"commentCount":0,"image":{"@id":"https:\/\/www.todoheavymetal.com\/index.php\/noticias-del-mes\/este-sabado-vanderbuyst-y-maverick-en-madrid#primaryimage"},"thumbnailUrl":"https:\/\/scontent-mad1-1.xx.fbcdn.net\/hphotos-xpf1\/v\/t1.0-9\/1610789_1063448457016247_776417507098959028_n.jpg?oh=742ec8ab66abc1187e12a6bc6e9ee341&amp;oe=55F45A95","keywords":["concierto madrid vanderbuyst","conciertos maverick","conciertos sala we rock","noticias heavy metal"],"articleSection":["Noticias del mes"],"inLanguage":"es","potentialAction":[{"@type":"CommentAction","name":"Comment","target":["https:\/\/www.todoheavymetal.com\/index.php\/noticias-del-mes\/este-sabado-vanderbuyst-y-maverick-en-madrid#respond"]}]},{"@type":"WebPage","@id":"https:\/\/www.todoheavymetal.com\/index.php\/noticias-del-mes\/este-sabado-vanderbuyst-y-maverick-en-madrid","url":"https:\/\/www.todoheavymetal.com\/index.php\/noticias-del-mes\/este-sabado-vanderbuyst-y-maverick-en-madrid","name":"ESTE S\u00c1BADO VANDERBUYST Y MAVERICK EN MADRID - HEAVY METAL - NOTICIAS HEAVY METAL","isPartOf":{"@id":"https:\/\/www.todoheavymetal.com\/#website"},"primaryImageOfPage":{"@id":"https:\/\/www.todoheavymetal.com\/index.php\/noticias-del-mes\/este-sabado-vanderbuyst-y-maverick-en-madrid#primaryimage"},"image":{"@id":"https:\/\/www.todoheavymetal.com\/index.php\/noticias-del-mes\/este-sabado-vanderbuyst-y-maverick-en-madrid#primaryimage"},"thumbnailUrl":"https:\/\/scontent-mad1-1.xx.fbcdn.net\/hphotos-xpf1\/v\/t1.0-9\/1610789_1063448457016247_776417507098959028_n.jpg?oh=742ec8ab66abc1187e12a6bc6e9ee341&amp;oe=55F45A95","datePublished":"2015-09-07T10:00:31+00:00","author":{"@id":"https:\/\/www.todoheavymetal.com\/#\/schema\/person\/aa098e79c44b992ec2357a75883ed217"},"breadcrumb":{"@id":"https:\/\/www.todoheavymetal.com\/index.php\/noticias-del-mes\/este-sabado-vanderbuyst-y-maverick-en-madrid#breadcrumb"},"inLanguage":"es","potentialAction":[{"@type":"ReadAction","target":["https:\/\/www.todoheavymetal.com\/index.php\/noticias-del-mes\/este-sabado-vanderbuyst-y-maverick-en-madrid"]}]},{"@type":"ImageObject","inLanguage":"es","@id":"https:\/\/www.todoheavymetal.com\/index.php\/noticias-del-mes\/este-sabado-vanderbuyst-y-maverick-en-madrid#primaryimage","url":"https:\/\/scontent-mad1-1.xx.fbcdn.net\/hphotos-xpf1\/v\/t1.0-9\/1610789_1063448457016247_776417507098959028_n.jpg?oh=742ec8ab66abc1187e12a6bc6e9ee341&amp;oe=55F45A95","contentUrl":"https:\/\/scontent-mad1-1.xx.fbcdn.net\/hphotos-xpf1\/v\/t1.0-9\/1610789_1063448457016247_776417507098959028_n.jpg?oh=742ec8ab66abc1187e12a6bc6e9ee341&amp;oe=55F45A95"},{"@type":"BreadcrumbList","@id":"https:\/\/www.todoheavymetal.com\/index.php\/noticias-del-mes\/este-sabado-vanderbuyst-y-maverick-en-madrid#breadcrumb","itemListElement":[{"@type":"ListItem","position":1,"name":"Portada","item":"https:\/\/www.todoheavymetal.com\/"},{"@type":"ListItem","position":2,"name":"ESTE S\u00c1BADO VANDERBUYST Y MAVERICK EN MADRID"}]},{"@type":"WebSite","@id":"https:\/\/www.todoheavymetal.com\/#website","url":"https:\/\/www.todoheavymetal.com\/","name":"todoheavymetal.com","description":"heavy metal - noticias heavy metal - todoheavymetal","potentialAction":[{"@type":"SearchAction","target":{"@type":"EntryPoint","urlTemplate":"https:\/\/www.todoheavymetal.com\/?s={search_term_string}"},"query-input":{"@type":"PropertyValueSpecification","valueRequired":true,"valueName":"search_term_string"}}],"inLanguage":"es"},{"@type":"Person","@id":"https:\/\/www.todoheavymetal.com\/#\/schema\/person\/aa098e79c44b992ec2357a75883ed217","name":"Javi","image":{"@type":"ImageObject","inLanguage":"es","@id":"https:\/\/secure.gravatar.com\/avatar\/ad9699b1143ed4017d23ce58fa9d83e0375bd1368122b157550ad77cd28bdfdf?s=96&d=monsterid&r=g","url":"https:\/\/secure.gravatar.com\/avatar\/ad9699b1143ed4017d23ce58fa9d83e0375bd1368122b157550ad77cd28bdfdf?s=96&d=monsterid&r=g","contentUrl":"https:\/\/secure.gravatar.com\/avatar\/ad9699b1143ed4017d23ce58fa9d83e0375bd1368122b157550ad77cd28bdfdf?s=96&d=monsterid&r=g","caption":"Javi"},"url":"https:\/\/www.todoheavymetal.com\/index.php\/author\/javipelos"}]}},"_links":{"self":[{"href":"https:\/\/www.todoheavymetal.com\/index.php\/wp-json\/wp\/v2\/posts\/38439","targetHints":{"allow":["GET"]}}],"collection":[{"href":"https:\/\/www.todoheavymetal.com\/index.php\/wp-json\/wp\/v2\/posts"}],"about":[{"href":"https:\/\/www.todoheavymetal.com\/index.php\/wp-json\/wp\/v2\/types\/post"}],"author":[{"embeddable":true,"href":"https:\/\/www.todoheavymetal.com\/index.php\/wp-json\/wp\/v2\/users\/4"}],"replies":[{"embeddable":true,"href":"https:\/\/www.todoheavymetal.com\/index.php\/wp-json\/wp\/v2\/comments?post=38439"}],"version-history":[{"count":1,"href":"https:\/\/www.todoheavymetal.com\/index.php\/wp-json\/wp\/v2\/posts\/38439\/revisions"}],"predecessor-version":[{"id":38440,"href":"https:\/\/www.todoheavymetal.com\/index.php\/wp-json\/wp\/v2\/posts\/38439\/revisions\/38440"}],"wp:attachment":[{"href":"https:\/\/www.todoheavymetal.com\/index.php\/wp-json\/wp\/v2\/media?parent=38439"}],"wp:term":[{"taxonomy":"category","embeddable":true,"href":"https:\/\/www.todoheavymetal.com\/index.php\/wp-json\/wp\/v2\/categories?post=38439"},{"taxonomy":"post_tag","embeddable":true,"href":"https:\/\/www.todoheavymetal.com\/index.php\/wp-json\/wp\/v2\/tags?post=38439"}],"curies":[{"name":"wp","href":"https:\/\/api.w.org\/{rel}","templated":true}]}}