{"id":37623,"date":"2015-07-03T12:59:02","date_gmt":"2015-07-03T10:59:02","guid":{"rendered":"http:\/\/www.todoheavymetal.com\/?p=37623"},"modified":"2015-07-03T09:06:50","modified_gmt":"2015-07-03T07:06:50","slug":"vanderbuyst-anuncia-una-fecha-mas-en-espana","status":"publish","type":"post","link":"https:\/\/www.todoheavymetal.com\/index.php\/noticias-del-mes\/vanderbuyst-anuncia-una-fecha-mas-en-espana","title":{"rendered":"VANDERBUYST ANUNCIA UNA FECHA M\u00c1S EN ESPA\u00d1A"},"content":{"rendered":"<p style=\"text-align: justify;\">Como ya os adelantamos el pr\u00f3ximo mes de septiembre VANDERBUYST se despedir\u00e1 de sus fans espa\u00f1oles. A la fecha ya anunciada en Madrid, ahora el tr\u00edo holand\u00e9s a\u00f1ade una m\u00e1s en M\u00e1laga.<\/p>\n<p style=\"text-align: justify;\">Ser\u00e1 el viernes 11 de septiembre en la sala Eventual Music de la capital de la Costa del Sol.<\/p>\n<p style=\"text-align: justify;\">Los detalles del concierto de VANDERBUYST y MAVERICK en la sala We Rock de Madrid los ten\u00e9is en esta <a href=\"http:\/\/www.todoheavymetal.com\/vanderbuyst-se-despide-de-madrid\/\" target=\"_blank\">noticia<\/a>.<\/p>\n<p style=\"text-align: center;\"><img loading=\"lazy\" decoding=\"async\" class=\"aligncenter\" src=\"https:\/\/scontent-mad1-1.xx.fbcdn.net\/hphotos-xpf1\/v\/t1.0-9\/11695014_1073446372683122_7058595780585618147_n.jpg?oh=acab9692f3e02a5b93288588a9024c3c&amp;oe=561F8794\" alt=\"\" width=\"421\" height=\"595\" \/><\/p>\n","protected":false},"excerpt":{"rendered":"<p>Como ya os adelantamos el pr\u00f3ximo mes de septiembre VANDERBUYST se despedir\u00e1 de sus fans espa\u00f1oles. A la fecha ya anunciada en Madrid, ahora el tr\u00edo holand\u00e9s a\u00f1ade una m\u00e1s en M\u00e1laga. Ser\u00e1 el viernes 11 de septiembre en la sala Eventual Music de la capital de la Costa del Sol. Los detalles del concierto [&hellip;]<\/p>\n","protected":false},"author":4,"featured_media":0,"comment_status":"open","ping_status":"open","sticky":false,"template":"","format":"standard","meta":{"footnotes":""},"categories":[8],"tags":[11022,21958,12163,6079],"class_list":["post-37623","post","type-post","status-publish","format-standard","hentry","category-noticias-del-mes","tag-conciertos-espana-vanderbuyst","tag-conciertos-sala-eventual-music","tag-noticias-heavy-rock","tag-vanderbuyst"],"yoast_head":"<!-- This site is optimized with the Yoast SEO plugin v27.5 - https:\/\/yoast.com\/product\/yoast-seo-wordpress\/ -->\n<title>VANDERBUYST ANUNCIA UNA FECHA M\u00c1S EN ESPA\u00d1A - HEAVY METAL - NOTICIAS HEAVY METAL<\/title>\n<meta name=\"robots\" content=\"index, follow, max-snippet:-1, max-image-preview:large, max-video-preview:-1\" \/>\n<link rel=\"canonical\" href=\"https:\/\/www.todoheavymetal.com\/index.php\/noticias-del-mes\/vanderbuyst-anuncia-una-fecha-mas-en-espana\" \/>\n<meta property=\"og:locale\" content=\"es_ES\" \/>\n<meta property=\"og:type\" content=\"article\" \/>\n<meta property=\"og:title\" content=\"VANDERBUYST ANUNCIA UNA FECHA M\u00c1S EN ESPA\u00d1A - HEAVY METAL - NOTICIAS HEAVY METAL\" \/>\n<meta property=\"og:description\" content=\"Como ya os adelantamos el pr\u00f3ximo mes de septiembre VANDERBUYST se despedir\u00e1 de sus fans espa\u00f1oles. A la fecha ya anunciada en Madrid, ahora el tr\u00edo holand\u00e9s a\u00f1ade una m\u00e1s en M\u00e1laga. Ser\u00e1 el viernes 11 de septiembre en la sala Eventual Music de la capital de la Costa del Sol. Los detalles del concierto [&hellip;]\" \/>\n<meta property=\"og:url\" content=\"https:\/\/www.todoheavymetal.com\/index.php\/noticias-del-mes\/vanderbuyst-anuncia-una-fecha-mas-en-espana\" \/>\n<meta property=\"og:site_name\" content=\"HEAVY METAL - NOTICIAS HEAVY METAL\" \/>\n<meta property=\"article:publisher\" content=\"https:\/\/www.facebook.com\/todoheavymetal\/\" \/>\n<meta property=\"article:published_time\" content=\"2015-07-03T10:59:02+00:00\" \/>\n<meta property=\"og:image\" content=\"https:\/\/scontent-mad1-1.xx.fbcdn.net\/hphotos-xpf1\/v\/t1.0-9\/11695014_1073446372683122_7058595780585618147_n.jpg?oh=acab9692f3e02a5b93288588a9024c3c&amp;oe=561F8794\" \/>\n<meta name=\"author\" content=\"Javi\" \/>\n<meta name=\"twitter:card\" content=\"summary_large_image\" \/>\n<meta name=\"twitter:creator\" content=\"@todoheavymetal\" \/>\n<meta name=\"twitter:site\" content=\"@todoheavymetal\" \/>\n<meta name=\"twitter:label1\" content=\"Escrito por\" \/>\n\t<meta name=\"twitter:data1\" content=\"Javi\" \/>\n<script type=\"application\/ld+json\" class=\"yoast-schema-graph\">{\"@context\":\"https:\\\/\\\/schema.org\",\"@graph\":[{\"@type\":\"Article\",\"@id\":\"https:\\\/\\\/www.todoheavymetal.com\\\/index.php\\\/noticias-del-mes\\\/vanderbuyst-anuncia-una-fecha-mas-en-espana#article\",\"isPartOf\":{\"@id\":\"https:\\\/\\\/www.todoheavymetal.com\\\/index.php\\\/noticias-del-mes\\\/vanderbuyst-anuncia-una-fecha-mas-en-espana\"},\"author\":{\"name\":\"Javi\",\"@id\":\"https:\\\/\\\/www.todoheavymetal.com\\\/#\\\/schema\\\/person\\\/aa098e79c44b992ec2357a75883ed217\"},\"headline\":\"VANDERBUYST ANUNCIA UNA FECHA M\u00c1S EN ESPA\u00d1A\",\"datePublished\":\"2015-07-03T10:59:02+00:00\",\"mainEntityOfPage\":{\"@id\":\"https:\\\/\\\/www.todoheavymetal.com\\\/index.php\\\/noticias-del-mes\\\/vanderbuyst-anuncia-una-fecha-mas-en-espana\"},\"wordCount\":87,\"commentCount\":0,\"image\":{\"@id\":\"https:\\\/\\\/www.todoheavymetal.com\\\/index.php\\\/noticias-del-mes\\\/vanderbuyst-anuncia-una-fecha-mas-en-espana#primaryimage\"},\"thumbnailUrl\":\"https:\\\/\\\/scontent-mad1-1.xx.fbcdn.net\\\/hphotos-xpf1\\\/v\\\/t1.0-9\\\/11695014_1073446372683122_7058595780585618147_n.jpg?oh=acab9692f3e02a5b93288588a9024c3c&amp;oe=561F8794\",\"keywords\":[\"conciertos espa\u00f1a vanderbuyst\",\"conciertos sala eventual music\",\"noticias heavy rock\",\"vanderbuyst\"],\"articleSection\":[\"Noticias del mes\"],\"inLanguage\":\"es\",\"potentialAction\":[{\"@type\":\"CommentAction\",\"name\":\"Comment\",\"target\":[\"https:\\\/\\\/www.todoheavymetal.com\\\/index.php\\\/noticias-del-mes\\\/vanderbuyst-anuncia-una-fecha-mas-en-espana#respond\"]}]},{\"@type\":\"WebPage\",\"@id\":\"https:\\\/\\\/www.todoheavymetal.com\\\/index.php\\\/noticias-del-mes\\\/vanderbuyst-anuncia-una-fecha-mas-en-espana\",\"url\":\"https:\\\/\\\/www.todoheavymetal.com\\\/index.php\\\/noticias-del-mes\\\/vanderbuyst-anuncia-una-fecha-mas-en-espana\",\"name\":\"VANDERBUYST ANUNCIA UNA FECHA M\u00c1S EN ESPA\u00d1A - HEAVY METAL - NOTICIAS HEAVY METAL\",\"isPartOf\":{\"@id\":\"https:\\\/\\\/www.todoheavymetal.com\\\/#website\"},\"primaryImageOfPage\":{\"@id\":\"https:\\\/\\\/www.todoheavymetal.com\\\/index.php\\\/noticias-del-mes\\\/vanderbuyst-anuncia-una-fecha-mas-en-espana#primaryimage\"},\"image\":{\"@id\":\"https:\\\/\\\/www.todoheavymetal.com\\\/index.php\\\/noticias-del-mes\\\/vanderbuyst-anuncia-una-fecha-mas-en-espana#primaryimage\"},\"thumbnailUrl\":\"https:\\\/\\\/scontent-mad1-1.xx.fbcdn.net\\\/hphotos-xpf1\\\/v\\\/t1.0-9\\\/11695014_1073446372683122_7058595780585618147_n.jpg?oh=acab9692f3e02a5b93288588a9024c3c&amp;oe=561F8794\",\"datePublished\":\"2015-07-03T10:59:02+00:00\",\"author\":{\"@id\":\"https:\\\/\\\/www.todoheavymetal.com\\\/#\\\/schema\\\/person\\\/aa098e79c44b992ec2357a75883ed217\"},\"breadcrumb\":{\"@id\":\"https:\\\/\\\/www.todoheavymetal.com\\\/index.php\\\/noticias-del-mes\\\/vanderbuyst-anuncia-una-fecha-mas-en-espana#breadcrumb\"},\"inLanguage\":\"es\",\"potentialAction\":[{\"@type\":\"ReadAction\",\"target\":[\"https:\\\/\\\/www.todoheavymetal.com\\\/index.php\\\/noticias-del-mes\\\/vanderbuyst-anuncia-una-fecha-mas-en-espana\"]}]},{\"@type\":\"ImageObject\",\"inLanguage\":\"es\",\"@id\":\"https:\\\/\\\/www.todoheavymetal.com\\\/index.php\\\/noticias-del-mes\\\/vanderbuyst-anuncia-una-fecha-mas-en-espana#primaryimage\",\"url\":\"https:\\\/\\\/scontent-mad1-1.xx.fbcdn.net\\\/hphotos-xpf1\\\/v\\\/t1.0-9\\\/11695014_1073446372683122_7058595780585618147_n.jpg?oh=acab9692f3e02a5b93288588a9024c3c&amp;oe=561F8794\",\"contentUrl\":\"https:\\\/\\\/scontent-mad1-1.xx.fbcdn.net\\\/hphotos-xpf1\\\/v\\\/t1.0-9\\\/11695014_1073446372683122_7058595780585618147_n.jpg?oh=acab9692f3e02a5b93288588a9024c3c&amp;oe=561F8794\"},{\"@type\":\"BreadcrumbList\",\"@id\":\"https:\\\/\\\/www.todoheavymetal.com\\\/index.php\\\/noticias-del-mes\\\/vanderbuyst-anuncia-una-fecha-mas-en-espana#breadcrumb\",\"itemListElement\":[{\"@type\":\"ListItem\",\"position\":1,\"name\":\"Portada\",\"item\":\"https:\\\/\\\/www.todoheavymetal.com\\\/\"},{\"@type\":\"ListItem\",\"position\":2,\"name\":\"VANDERBUYST ANUNCIA UNA FECHA M\u00c1S EN ESPA\u00d1A\"}]},{\"@type\":\"WebSite\",\"@id\":\"https:\\\/\\\/www.todoheavymetal.com\\\/#website\",\"url\":\"https:\\\/\\\/www.todoheavymetal.com\\\/\",\"name\":\"todoheavymetal.com\",\"description\":\"heavy metal - noticias heavy metal - todoheavymetal\",\"potentialAction\":[{\"@type\":\"SearchAction\",\"target\":{\"@type\":\"EntryPoint\",\"urlTemplate\":\"https:\\\/\\\/www.todoheavymetal.com\\\/?s={search_term_string}\"},\"query-input\":{\"@type\":\"PropertyValueSpecification\",\"valueRequired\":true,\"valueName\":\"search_term_string\"}}],\"inLanguage\":\"es\"},{\"@type\":\"Person\",\"@id\":\"https:\\\/\\\/www.todoheavymetal.com\\\/#\\\/schema\\\/person\\\/aa098e79c44b992ec2357a75883ed217\",\"name\":\"Javi\",\"image\":{\"@type\":\"ImageObject\",\"inLanguage\":\"es\",\"@id\":\"https:\\\/\\\/secure.gravatar.com\\\/avatar\\\/ad9699b1143ed4017d23ce58fa9d83e0375bd1368122b157550ad77cd28bdfdf?s=96&d=monsterid&r=g\",\"url\":\"https:\\\/\\\/secure.gravatar.com\\\/avatar\\\/ad9699b1143ed4017d23ce58fa9d83e0375bd1368122b157550ad77cd28bdfdf?s=96&d=monsterid&r=g\",\"contentUrl\":\"https:\\\/\\\/secure.gravatar.com\\\/avatar\\\/ad9699b1143ed4017d23ce58fa9d83e0375bd1368122b157550ad77cd28bdfdf?s=96&d=monsterid&r=g\",\"caption\":\"Javi\"},\"url\":\"https:\\\/\\\/www.todoheavymetal.com\\\/index.php\\\/author\\\/javipelos\"}]}<\/script>\n<!-- \/ Yoast SEO plugin. -->","yoast_head_json":{"title":"VANDERBUYST ANUNCIA UNA FECHA M\u00c1S EN ESPA\u00d1A - HEAVY METAL - NOTICIAS HEAVY METAL","robots":{"index":"index","follow":"follow","max-snippet":"max-snippet:-1","max-image-preview":"max-image-preview:large","max-video-preview":"max-video-preview:-1"},"canonical":"https:\/\/www.todoheavymetal.com\/index.php\/noticias-del-mes\/vanderbuyst-anuncia-una-fecha-mas-en-espana","og_locale":"es_ES","og_type":"article","og_title":"VANDERBUYST ANUNCIA UNA FECHA M\u00c1S EN ESPA\u00d1A - HEAVY METAL - NOTICIAS HEAVY METAL","og_description":"Como ya os adelantamos el pr\u00f3ximo mes de septiembre VANDERBUYST se despedir\u00e1 de sus fans espa\u00f1oles. A la fecha ya anunciada en Madrid, ahora el tr\u00edo holand\u00e9s a\u00f1ade una m\u00e1s en M\u00e1laga. Ser\u00e1 el viernes 11 de septiembre en la sala Eventual Music de la capital de la Costa del Sol. Los detalles del concierto [&hellip;]","og_url":"https:\/\/www.todoheavymetal.com\/index.php\/noticias-del-mes\/vanderbuyst-anuncia-una-fecha-mas-en-espana","og_site_name":"HEAVY METAL - NOTICIAS HEAVY METAL","article_publisher":"https:\/\/www.facebook.com\/todoheavymetal\/","article_published_time":"2015-07-03T10:59:02+00:00","og_image":[{"url":"https:\/\/scontent-mad1-1.xx.fbcdn.net\/hphotos-xpf1\/v\/t1.0-9\/11695014_1073446372683122_7058595780585618147_n.jpg?oh=acab9692f3e02a5b93288588a9024c3c&amp;oe=561F8794","type":"","width":"","height":""}],"author":"Javi","twitter_card":"summary_large_image","twitter_creator":"@todoheavymetal","twitter_site":"@todoheavymetal","twitter_misc":{"Escrito por":"Javi"},"schema":{"@context":"https:\/\/schema.org","@graph":[{"@type":"Article","@id":"https:\/\/www.todoheavymetal.com\/index.php\/noticias-del-mes\/vanderbuyst-anuncia-una-fecha-mas-en-espana#article","isPartOf":{"@id":"https:\/\/www.todoheavymetal.com\/index.php\/noticias-del-mes\/vanderbuyst-anuncia-una-fecha-mas-en-espana"},"author":{"name":"Javi","@id":"https:\/\/www.todoheavymetal.com\/#\/schema\/person\/aa098e79c44b992ec2357a75883ed217"},"headline":"VANDERBUYST ANUNCIA UNA FECHA M\u00c1S EN ESPA\u00d1A","datePublished":"2015-07-03T10:59:02+00:00","mainEntityOfPage":{"@id":"https:\/\/www.todoheavymetal.com\/index.php\/noticias-del-mes\/vanderbuyst-anuncia-una-fecha-mas-en-espana"},"wordCount":87,"commentCount":0,"image":{"@id":"https:\/\/www.todoheavymetal.com\/index.php\/noticias-del-mes\/vanderbuyst-anuncia-una-fecha-mas-en-espana#primaryimage"},"thumbnailUrl":"https:\/\/scontent-mad1-1.xx.fbcdn.net\/hphotos-xpf1\/v\/t1.0-9\/11695014_1073446372683122_7058595780585618147_n.jpg?oh=acab9692f3e02a5b93288588a9024c3c&amp;oe=561F8794","keywords":["conciertos espa\u00f1a vanderbuyst","conciertos sala eventual music","noticias heavy rock","vanderbuyst"],"articleSection":["Noticias del mes"],"inLanguage":"es","potentialAction":[{"@type":"CommentAction","name":"Comment","target":["https:\/\/www.todoheavymetal.com\/index.php\/noticias-del-mes\/vanderbuyst-anuncia-una-fecha-mas-en-espana#respond"]}]},{"@type":"WebPage","@id":"https:\/\/www.todoheavymetal.com\/index.php\/noticias-del-mes\/vanderbuyst-anuncia-una-fecha-mas-en-espana","url":"https:\/\/www.todoheavymetal.com\/index.php\/noticias-del-mes\/vanderbuyst-anuncia-una-fecha-mas-en-espana","name":"VANDERBUYST ANUNCIA UNA FECHA M\u00c1S EN ESPA\u00d1A - HEAVY METAL - NOTICIAS HEAVY METAL","isPartOf":{"@id":"https:\/\/www.todoheavymetal.com\/#website"},"primaryImageOfPage":{"@id":"https:\/\/www.todoheavymetal.com\/index.php\/noticias-del-mes\/vanderbuyst-anuncia-una-fecha-mas-en-espana#primaryimage"},"image":{"@id":"https:\/\/www.todoheavymetal.com\/index.php\/noticias-del-mes\/vanderbuyst-anuncia-una-fecha-mas-en-espana#primaryimage"},"thumbnailUrl":"https:\/\/scontent-mad1-1.xx.fbcdn.net\/hphotos-xpf1\/v\/t1.0-9\/11695014_1073446372683122_7058595780585618147_n.jpg?oh=acab9692f3e02a5b93288588a9024c3c&amp;oe=561F8794","datePublished":"2015-07-03T10:59:02+00:00","author":{"@id":"https:\/\/www.todoheavymetal.com\/#\/schema\/person\/aa098e79c44b992ec2357a75883ed217"},"breadcrumb":{"@id":"https:\/\/www.todoheavymetal.com\/index.php\/noticias-del-mes\/vanderbuyst-anuncia-una-fecha-mas-en-espana#breadcrumb"},"inLanguage":"es","potentialAction":[{"@type":"ReadAction","target":["https:\/\/www.todoheavymetal.com\/index.php\/noticias-del-mes\/vanderbuyst-anuncia-una-fecha-mas-en-espana"]}]},{"@type":"ImageObject","inLanguage":"es","@id":"https:\/\/www.todoheavymetal.com\/index.php\/noticias-del-mes\/vanderbuyst-anuncia-una-fecha-mas-en-espana#primaryimage","url":"https:\/\/scontent-mad1-1.xx.fbcdn.net\/hphotos-xpf1\/v\/t1.0-9\/11695014_1073446372683122_7058595780585618147_n.jpg?oh=acab9692f3e02a5b93288588a9024c3c&amp;oe=561F8794","contentUrl":"https:\/\/scontent-mad1-1.xx.fbcdn.net\/hphotos-xpf1\/v\/t1.0-9\/11695014_1073446372683122_7058595780585618147_n.jpg?oh=acab9692f3e02a5b93288588a9024c3c&amp;oe=561F8794"},{"@type":"BreadcrumbList","@id":"https:\/\/www.todoheavymetal.com\/index.php\/noticias-del-mes\/vanderbuyst-anuncia-una-fecha-mas-en-espana#breadcrumb","itemListElement":[{"@type":"ListItem","position":1,"name":"Portada","item":"https:\/\/www.todoheavymetal.com\/"},{"@type":"ListItem","position":2,"name":"VANDERBUYST ANUNCIA UNA FECHA M\u00c1S EN ESPA\u00d1A"}]},{"@type":"WebSite","@id":"https:\/\/www.todoheavymetal.com\/#website","url":"https:\/\/www.todoheavymetal.com\/","name":"todoheavymetal.com","description":"heavy metal - noticias heavy metal - todoheavymetal","potentialAction":[{"@type":"SearchAction","target":{"@type":"EntryPoint","urlTemplate":"https:\/\/www.todoheavymetal.com\/?s={search_term_string}"},"query-input":{"@type":"PropertyValueSpecification","valueRequired":true,"valueName":"search_term_string"}}],"inLanguage":"es"},{"@type":"Person","@id":"https:\/\/www.todoheavymetal.com\/#\/schema\/person\/aa098e79c44b992ec2357a75883ed217","name":"Javi","image":{"@type":"ImageObject","inLanguage":"es","@id":"https:\/\/secure.gravatar.com\/avatar\/ad9699b1143ed4017d23ce58fa9d83e0375bd1368122b157550ad77cd28bdfdf?s=96&d=monsterid&r=g","url":"https:\/\/secure.gravatar.com\/avatar\/ad9699b1143ed4017d23ce58fa9d83e0375bd1368122b157550ad77cd28bdfdf?s=96&d=monsterid&r=g","contentUrl":"https:\/\/secure.gravatar.com\/avatar\/ad9699b1143ed4017d23ce58fa9d83e0375bd1368122b157550ad77cd28bdfdf?s=96&d=monsterid&r=g","caption":"Javi"},"url":"https:\/\/www.todoheavymetal.com\/index.php\/author\/javipelos"}]}},"_links":{"self":[{"href":"https:\/\/www.todoheavymetal.com\/index.php\/wp-json\/wp\/v2\/posts\/37623","targetHints":{"allow":["GET"]}}],"collection":[{"href":"https:\/\/www.todoheavymetal.com\/index.php\/wp-json\/wp\/v2\/posts"}],"about":[{"href":"https:\/\/www.todoheavymetal.com\/index.php\/wp-json\/wp\/v2\/types\/post"}],"author":[{"embeddable":true,"href":"https:\/\/www.todoheavymetal.com\/index.php\/wp-json\/wp\/v2\/users\/4"}],"replies":[{"embeddable":true,"href":"https:\/\/www.todoheavymetal.com\/index.php\/wp-json\/wp\/v2\/comments?post=37623"}],"version-history":[{"count":3,"href":"https:\/\/www.todoheavymetal.com\/index.php\/wp-json\/wp\/v2\/posts\/37623\/revisions"}],"predecessor-version":[{"id":37626,"href":"https:\/\/www.todoheavymetal.com\/index.php\/wp-json\/wp\/v2\/posts\/37623\/revisions\/37626"}],"wp:attachment":[{"href":"https:\/\/www.todoheavymetal.com\/index.php\/wp-json\/wp\/v2\/media?parent=37623"}],"wp:term":[{"taxonomy":"category","embeddable":true,"href":"https:\/\/www.todoheavymetal.com\/index.php\/wp-json\/wp\/v2\/categories?post=37623"},{"taxonomy":"post_tag","embeddable":true,"href":"https:\/\/www.todoheavymetal.com\/index.php\/wp-json\/wp\/v2\/tags?post=37623"}],"curies":[{"name":"wp","href":"https:\/\/api.w.org\/{rel}","templated":true}]}}