{"id":37018,"date":"2015-05-30T09:09:47","date_gmt":"2015-05-30T07:09:47","guid":{"rendered":"http:\/\/www.todoheavymetal.com\/?p=37018"},"modified":"2015-05-29T16:01:23","modified_gmt":"2015-05-29T14:01:23","slug":"nu-cancela-su-concierto-en-santiago","status":"publish","type":"post","link":"https:\/\/www.todoheavymetal.com\/index.php\/noticias-del-mes\/nu-cancela-su-concierto-en-santiago","title":{"rendered":"\u00d1U CANCELA SU CONCIERTO EN SANTIAGO"},"content":{"rendered":"<p style=\"text-align: justify;\"><img loading=\"lazy\" decoding=\"async\" class=\"alignright\" src=\"https:\/\/scontent-mad.xx.fbcdn.net\/hphotos-xpf1\/v\/t1.0-9\/10426287_1030509293643497_8432375552893159277_n.jpg?oh=8e8ef52df90f9979d666217808cbc606&amp;oe=55A36BEA\" alt=\"\" width=\"323\" height=\"457\" \/>Los m\u00edticos \u00d1U se han visto obligados a cancelar\u00a0el concierto que ten\u00edan previsto hacer el pr\u00f3ximo s\u00e1bado 6 de junio en la sala Capitol de Santiago de Compostela por motivos \u201cfutbol\u00edsticos\u201d. Os dejamos la nota que han emitido grupo y promotor:<\/p>\n<p style=\"text-align: justify;\">\u201c<em>En com\u00fan acuerdo entre ambas partes, banda y promotora se llega a la decisi\u00f3n de cancelar el concierto de la banda madrile\u00f1a \u00d1U previsto para el s\u00e1bado 6 junio en la sala Capitol de Santiago de Compostela.<\/em><\/p>\n<p style=\"text-align: justify;\"><em>Ante todo queremos sinceridad y no contar ninguna tonter\u00eda pues no lleva a ning\u00fan lado<\/em><\/p>\n<p style=\"text-align: justify;\"><em>La raz\u00f3n es que debido a la coincidencia de la fecha prevista, con la final de la Champions, y lo que esto tristemente conlleva en cuanto al seguimiento de p\u00fablico de un concierto, hace que sea una empresa muy dif\u00edcil sacar adelante en unas condiciones aceptables el concierto de un 40 aniversario.<\/em><\/p>\n<p style=\"text-align: justify;\"><em>Como estamos hablando del 40 aniversario de la banda (algo que no pasa todos los d\u00edas) \u00a1queremos que las cosas salgan muy bien y no solo bien!<\/em><\/p>\n<p style=\"text-align: justify;\"><em>\u00a1\u00a1Queremos que sea una verdadera fiesta para \u00d1U!!<\/em><\/p>\n<p style=\"text-align: justify;\"><em>Aun pudiendo llevar a cabo el concierto con una asistencia correcta preferimos esperar unos meses e intentar aplazar la tocada de la banda en Santiago hasta el momento que no tengamos que competir con f\u00fatbol, festivales, \u00e9poca estival, eventos de arenarock y la total desverg\u00fcenza de campa\u00f1as pol\u00edticas arrasando nuestras humildes carteler\u00edas de conciertos de Rock.<\/em><\/p>\n<p style=\"text-align: justify;\"><em>Banda y management trabajar\u00e1n de nuevo en restrablecer una nueva fecha para los fans gallegos y darles un gran concierto de 40 aniversario como debe ser.<\/em><\/p>\n<p style=\"text-align: justify;\"><em>Desde ya y hasta el 15 de junio todos aquellos que hayan adquirido entradas para el concierto, bien in situ, bien online, pueden solicitar la devoluci\u00f3n de su dinero.<\/em><\/p>\n<p style=\"text-align: justify;\"><em>Un abrazo para todos los fans de \u00d1U\u2026 \u00a1\u00a1Nos vemos pronto!!\u201d<\/em><\/p>\n","protected":false},"excerpt":{"rendered":"<p>Los m\u00edticos \u00d1U se han visto obligados a cancelar\u00a0el concierto que ten\u00edan previsto hacer el pr\u00f3ximo s\u00e1bado 6 de junio en la sala Capitol de Santiago de Compostela por motivos \u201cfutbol\u00edsticos\u201d. Os dejamos la nota que han emitido grupo y promotor: \u201cEn com\u00fan acuerdo entre ambas partes, banda y promotora se llega a la decisi\u00f3n [&hellip;]<\/p>\n","protected":false},"author":4,"featured_media":0,"comment_status":"open","ping_status":"open","sticky":false,"template":"","format":"standard","meta":{"footnotes":""},"categories":[8],"tags":[23356,23357,4772,3060],"class_list":["post-37018","post","type-post","status-publish","format-standard","hentry","category-noticias-del-mes","tag-cancelado-concierto-nu-sala-capitol","tag-cancelado-concierto-nu-santiago-de-compostela","tag-conciertos-nu","tag-nu"],"yoast_head":"<!-- This site is optimized with the Yoast SEO plugin v27.5 - https:\/\/yoast.com\/product\/yoast-seo-wordpress\/ -->\n<title>\u00d1U CANCELA SU CONCIERTO EN SANTIAGO - HEAVY METAL - NOTICIAS HEAVY METAL<\/title>\n<meta name=\"robots\" content=\"index, follow, max-snippet:-1, max-image-preview:large, max-video-preview:-1\" \/>\n<link rel=\"canonical\" href=\"https:\/\/www.todoheavymetal.com\/index.php\/noticias-del-mes\/nu-cancela-su-concierto-en-santiago\" \/>\n<meta property=\"og:locale\" content=\"es_ES\" \/>\n<meta property=\"og:type\" content=\"article\" \/>\n<meta property=\"og:title\" content=\"\u00d1U CANCELA SU CONCIERTO EN SANTIAGO - HEAVY METAL - NOTICIAS HEAVY METAL\" \/>\n<meta property=\"og:description\" content=\"Los m\u00edticos \u00d1U se han visto obligados a cancelar\u00a0el concierto que ten\u00edan previsto hacer el pr\u00f3ximo s\u00e1bado 6 de junio en la sala Capitol de Santiago de Compostela por motivos \u201cfutbol\u00edsticos\u201d. Os dejamos la nota que han emitido grupo y promotor: \u201cEn com\u00fan acuerdo entre ambas partes, banda y promotora se llega a la decisi\u00f3n [&hellip;]\" \/>\n<meta property=\"og:url\" content=\"https:\/\/www.todoheavymetal.com\/index.php\/noticias-del-mes\/nu-cancela-su-concierto-en-santiago\" \/>\n<meta property=\"og:site_name\" content=\"HEAVY METAL - NOTICIAS HEAVY METAL\" \/>\n<meta property=\"article:publisher\" content=\"https:\/\/www.facebook.com\/todoheavymetal\/\" \/>\n<meta property=\"article:published_time\" content=\"2015-05-30T07:09:47+00:00\" \/>\n<meta property=\"og:image\" content=\"https:\/\/scontent-mad.xx.fbcdn.net\/hphotos-xpf1\/v\/t1.0-9\/10426287_1030509293643497_8432375552893159277_n.jpg?oh=8e8ef52df90f9979d666217808cbc606&amp;oe=55A36BEA\" \/>\n<meta name=\"author\" content=\"Javi\" \/>\n<meta name=\"twitter:card\" content=\"summary_large_image\" \/>\n<meta name=\"twitter:creator\" content=\"@todoheavymetal\" \/>\n<meta name=\"twitter:site\" content=\"@todoheavymetal\" \/>\n<meta name=\"twitter:label1\" content=\"Escrito por\" \/>\n\t<meta name=\"twitter:data1\" content=\"Javi\" \/>\n\t<meta name=\"twitter:label2\" content=\"Tiempo de lectura\" \/>\n\t<meta name=\"twitter:data2\" content=\"2 minutos\" \/>\n<script type=\"application\/ld+json\" class=\"yoast-schema-graph\">{\"@context\":\"https:\\\/\\\/schema.org\",\"@graph\":[{\"@type\":\"Article\",\"@id\":\"https:\\\/\\\/www.todoheavymetal.com\\\/index.php\\\/noticias-del-mes\\\/nu-cancela-su-concierto-en-santiago#article\",\"isPartOf\":{\"@id\":\"https:\\\/\\\/www.todoheavymetal.com\\\/index.php\\\/noticias-del-mes\\\/nu-cancela-su-concierto-en-santiago\"},\"author\":{\"name\":\"Javi\",\"@id\":\"https:\\\/\\\/www.todoheavymetal.com\\\/#\\\/schema\\\/person\\\/aa098e79c44b992ec2357a75883ed217\"},\"headline\":\"\u00d1U CANCELA SU CONCIERTO EN SANTIAGO\",\"datePublished\":\"2015-05-30T07:09:47+00:00\",\"mainEntityOfPage\":{\"@id\":\"https:\\\/\\\/www.todoheavymetal.com\\\/index.php\\\/noticias-del-mes\\\/nu-cancela-su-concierto-en-santiago\"},\"wordCount\":325,\"commentCount\":0,\"image\":{\"@id\":\"https:\\\/\\\/www.todoheavymetal.com\\\/index.php\\\/noticias-del-mes\\\/nu-cancela-su-concierto-en-santiago#primaryimage\"},\"thumbnailUrl\":\"https:\\\/\\\/scontent-mad.xx.fbcdn.net\\\/hphotos-xpf1\\\/v\\\/t1.0-9\\\/10426287_1030509293643497_8432375552893159277_n.jpg?oh=8e8ef52df90f9979d666217808cbc606&amp;oe=55A36BEA\",\"keywords\":[\"cancelado concierto \u00f1u sala capitol\",\"cancelado concierto \u00f1u santiago de compostela\",\"conciertos \u00f1u\",\"\u00f1u\"],\"articleSection\":[\"Noticias del mes\"],\"inLanguage\":\"es\",\"potentialAction\":[{\"@type\":\"CommentAction\",\"name\":\"Comment\",\"target\":[\"https:\\\/\\\/www.todoheavymetal.com\\\/index.php\\\/noticias-del-mes\\\/nu-cancela-su-concierto-en-santiago#respond\"]}]},{\"@type\":\"WebPage\",\"@id\":\"https:\\\/\\\/www.todoheavymetal.com\\\/index.php\\\/noticias-del-mes\\\/nu-cancela-su-concierto-en-santiago\",\"url\":\"https:\\\/\\\/www.todoheavymetal.com\\\/index.php\\\/noticias-del-mes\\\/nu-cancela-su-concierto-en-santiago\",\"name\":\"\u00d1U CANCELA SU CONCIERTO EN SANTIAGO - HEAVY METAL - NOTICIAS HEAVY METAL\",\"isPartOf\":{\"@id\":\"https:\\\/\\\/www.todoheavymetal.com\\\/#website\"},\"primaryImageOfPage\":{\"@id\":\"https:\\\/\\\/www.todoheavymetal.com\\\/index.php\\\/noticias-del-mes\\\/nu-cancela-su-concierto-en-santiago#primaryimage\"},\"image\":{\"@id\":\"https:\\\/\\\/www.todoheavymetal.com\\\/index.php\\\/noticias-del-mes\\\/nu-cancela-su-concierto-en-santiago#primaryimage\"},\"thumbnailUrl\":\"https:\\\/\\\/scontent-mad.xx.fbcdn.net\\\/hphotos-xpf1\\\/v\\\/t1.0-9\\\/10426287_1030509293643497_8432375552893159277_n.jpg?oh=8e8ef52df90f9979d666217808cbc606&amp;oe=55A36BEA\",\"datePublished\":\"2015-05-30T07:09:47+00:00\",\"author\":{\"@id\":\"https:\\\/\\\/www.todoheavymetal.com\\\/#\\\/schema\\\/person\\\/aa098e79c44b992ec2357a75883ed217\"},\"breadcrumb\":{\"@id\":\"https:\\\/\\\/www.todoheavymetal.com\\\/index.php\\\/noticias-del-mes\\\/nu-cancela-su-concierto-en-santiago#breadcrumb\"},\"inLanguage\":\"es\",\"potentialAction\":[{\"@type\":\"ReadAction\",\"target\":[\"https:\\\/\\\/www.todoheavymetal.com\\\/index.php\\\/noticias-del-mes\\\/nu-cancela-su-concierto-en-santiago\"]}]},{\"@type\":\"ImageObject\",\"inLanguage\":\"es\",\"@id\":\"https:\\\/\\\/www.todoheavymetal.com\\\/index.php\\\/noticias-del-mes\\\/nu-cancela-su-concierto-en-santiago#primaryimage\",\"url\":\"https:\\\/\\\/scontent-mad.xx.fbcdn.net\\\/hphotos-xpf1\\\/v\\\/t1.0-9\\\/10426287_1030509293643497_8432375552893159277_n.jpg?oh=8e8ef52df90f9979d666217808cbc606&amp;oe=55A36BEA\",\"contentUrl\":\"https:\\\/\\\/scontent-mad.xx.fbcdn.net\\\/hphotos-xpf1\\\/v\\\/t1.0-9\\\/10426287_1030509293643497_8432375552893159277_n.jpg?oh=8e8ef52df90f9979d666217808cbc606&amp;oe=55A36BEA\"},{\"@type\":\"BreadcrumbList\",\"@id\":\"https:\\\/\\\/www.todoheavymetal.com\\\/index.php\\\/noticias-del-mes\\\/nu-cancela-su-concierto-en-santiago#breadcrumb\",\"itemListElement\":[{\"@type\":\"ListItem\",\"position\":1,\"name\":\"Portada\",\"item\":\"https:\\\/\\\/www.todoheavymetal.com\\\/\"},{\"@type\":\"ListItem\",\"position\":2,\"name\":\"\u00d1U CANCELA SU CONCIERTO EN SANTIAGO\"}]},{\"@type\":\"WebSite\",\"@id\":\"https:\\\/\\\/www.todoheavymetal.com\\\/#website\",\"url\":\"https:\\\/\\\/www.todoheavymetal.com\\\/\",\"name\":\"todoheavymetal.com\",\"description\":\"heavy metal - noticias heavy metal - todoheavymetal\",\"potentialAction\":[{\"@type\":\"SearchAction\",\"target\":{\"@type\":\"EntryPoint\",\"urlTemplate\":\"https:\\\/\\\/www.todoheavymetal.com\\\/?s={search_term_string}\"},\"query-input\":{\"@type\":\"PropertyValueSpecification\",\"valueRequired\":true,\"valueName\":\"search_term_string\"}}],\"inLanguage\":\"es\"},{\"@type\":\"Person\",\"@id\":\"https:\\\/\\\/www.todoheavymetal.com\\\/#\\\/schema\\\/person\\\/aa098e79c44b992ec2357a75883ed217\",\"name\":\"Javi\",\"image\":{\"@type\":\"ImageObject\",\"inLanguage\":\"es\",\"@id\":\"https:\\\/\\\/secure.gravatar.com\\\/avatar\\\/ad9699b1143ed4017d23ce58fa9d83e0375bd1368122b157550ad77cd28bdfdf?s=96&d=monsterid&r=g\",\"url\":\"https:\\\/\\\/secure.gravatar.com\\\/avatar\\\/ad9699b1143ed4017d23ce58fa9d83e0375bd1368122b157550ad77cd28bdfdf?s=96&d=monsterid&r=g\",\"contentUrl\":\"https:\\\/\\\/secure.gravatar.com\\\/avatar\\\/ad9699b1143ed4017d23ce58fa9d83e0375bd1368122b157550ad77cd28bdfdf?s=96&d=monsterid&r=g\",\"caption\":\"Javi\"},\"url\":\"https:\\\/\\\/www.todoheavymetal.com\\\/index.php\\\/author\\\/javipelos\"}]}<\/script>\n<!-- \/ Yoast SEO plugin. -->","yoast_head_json":{"title":"\u00d1U CANCELA SU CONCIERTO EN SANTIAGO - HEAVY METAL - NOTICIAS HEAVY METAL","robots":{"index":"index","follow":"follow","max-snippet":"max-snippet:-1","max-image-preview":"max-image-preview:large","max-video-preview":"max-video-preview:-1"},"canonical":"https:\/\/www.todoheavymetal.com\/index.php\/noticias-del-mes\/nu-cancela-su-concierto-en-santiago","og_locale":"es_ES","og_type":"article","og_title":"\u00d1U CANCELA SU CONCIERTO EN SANTIAGO - HEAVY METAL - NOTICIAS HEAVY METAL","og_description":"Los m\u00edticos \u00d1U se han visto obligados a cancelar\u00a0el concierto que ten\u00edan previsto hacer el pr\u00f3ximo s\u00e1bado 6 de junio en la sala Capitol de Santiago de Compostela por motivos \u201cfutbol\u00edsticos\u201d. Os dejamos la nota que han emitido grupo y promotor: \u201cEn com\u00fan acuerdo entre ambas partes, banda y promotora se llega a la decisi\u00f3n [&hellip;]","og_url":"https:\/\/www.todoheavymetal.com\/index.php\/noticias-del-mes\/nu-cancela-su-concierto-en-santiago","og_site_name":"HEAVY METAL - NOTICIAS HEAVY METAL","article_publisher":"https:\/\/www.facebook.com\/todoheavymetal\/","article_published_time":"2015-05-30T07:09:47+00:00","og_image":[{"url":"https:\/\/scontent-mad.xx.fbcdn.net\/hphotos-xpf1\/v\/t1.0-9\/10426287_1030509293643497_8432375552893159277_n.jpg?oh=8e8ef52df90f9979d666217808cbc606&amp;oe=55A36BEA","type":"","width":"","height":""}],"author":"Javi","twitter_card":"summary_large_image","twitter_creator":"@todoheavymetal","twitter_site":"@todoheavymetal","twitter_misc":{"Escrito por":"Javi","Tiempo de lectura":"2 minutos"},"schema":{"@context":"https:\/\/schema.org","@graph":[{"@type":"Article","@id":"https:\/\/www.todoheavymetal.com\/index.php\/noticias-del-mes\/nu-cancela-su-concierto-en-santiago#article","isPartOf":{"@id":"https:\/\/www.todoheavymetal.com\/index.php\/noticias-del-mes\/nu-cancela-su-concierto-en-santiago"},"author":{"name":"Javi","@id":"https:\/\/www.todoheavymetal.com\/#\/schema\/person\/aa098e79c44b992ec2357a75883ed217"},"headline":"\u00d1U CANCELA SU CONCIERTO EN SANTIAGO","datePublished":"2015-05-30T07:09:47+00:00","mainEntityOfPage":{"@id":"https:\/\/www.todoheavymetal.com\/index.php\/noticias-del-mes\/nu-cancela-su-concierto-en-santiago"},"wordCount":325,"commentCount":0,"image":{"@id":"https:\/\/www.todoheavymetal.com\/index.php\/noticias-del-mes\/nu-cancela-su-concierto-en-santiago#primaryimage"},"thumbnailUrl":"https:\/\/scontent-mad.xx.fbcdn.net\/hphotos-xpf1\/v\/t1.0-9\/10426287_1030509293643497_8432375552893159277_n.jpg?oh=8e8ef52df90f9979d666217808cbc606&amp;oe=55A36BEA","keywords":["cancelado concierto \u00f1u sala capitol","cancelado concierto \u00f1u santiago de compostela","conciertos \u00f1u","\u00f1u"],"articleSection":["Noticias del mes"],"inLanguage":"es","potentialAction":[{"@type":"CommentAction","name":"Comment","target":["https:\/\/www.todoheavymetal.com\/index.php\/noticias-del-mes\/nu-cancela-su-concierto-en-santiago#respond"]}]},{"@type":"WebPage","@id":"https:\/\/www.todoheavymetal.com\/index.php\/noticias-del-mes\/nu-cancela-su-concierto-en-santiago","url":"https:\/\/www.todoheavymetal.com\/index.php\/noticias-del-mes\/nu-cancela-su-concierto-en-santiago","name":"\u00d1U CANCELA SU CONCIERTO EN SANTIAGO - HEAVY METAL - NOTICIAS HEAVY METAL","isPartOf":{"@id":"https:\/\/www.todoheavymetal.com\/#website"},"primaryImageOfPage":{"@id":"https:\/\/www.todoheavymetal.com\/index.php\/noticias-del-mes\/nu-cancela-su-concierto-en-santiago#primaryimage"},"image":{"@id":"https:\/\/www.todoheavymetal.com\/index.php\/noticias-del-mes\/nu-cancela-su-concierto-en-santiago#primaryimage"},"thumbnailUrl":"https:\/\/scontent-mad.xx.fbcdn.net\/hphotos-xpf1\/v\/t1.0-9\/10426287_1030509293643497_8432375552893159277_n.jpg?oh=8e8ef52df90f9979d666217808cbc606&amp;oe=55A36BEA","datePublished":"2015-05-30T07:09:47+00:00","author":{"@id":"https:\/\/www.todoheavymetal.com\/#\/schema\/person\/aa098e79c44b992ec2357a75883ed217"},"breadcrumb":{"@id":"https:\/\/www.todoheavymetal.com\/index.php\/noticias-del-mes\/nu-cancela-su-concierto-en-santiago#breadcrumb"},"inLanguage":"es","potentialAction":[{"@type":"ReadAction","target":["https:\/\/www.todoheavymetal.com\/index.php\/noticias-del-mes\/nu-cancela-su-concierto-en-santiago"]}]},{"@type":"ImageObject","inLanguage":"es","@id":"https:\/\/www.todoheavymetal.com\/index.php\/noticias-del-mes\/nu-cancela-su-concierto-en-santiago#primaryimage","url":"https:\/\/scontent-mad.xx.fbcdn.net\/hphotos-xpf1\/v\/t1.0-9\/10426287_1030509293643497_8432375552893159277_n.jpg?oh=8e8ef52df90f9979d666217808cbc606&amp;oe=55A36BEA","contentUrl":"https:\/\/scontent-mad.xx.fbcdn.net\/hphotos-xpf1\/v\/t1.0-9\/10426287_1030509293643497_8432375552893159277_n.jpg?oh=8e8ef52df90f9979d666217808cbc606&amp;oe=55A36BEA"},{"@type":"BreadcrumbList","@id":"https:\/\/www.todoheavymetal.com\/index.php\/noticias-del-mes\/nu-cancela-su-concierto-en-santiago#breadcrumb","itemListElement":[{"@type":"ListItem","position":1,"name":"Portada","item":"https:\/\/www.todoheavymetal.com\/"},{"@type":"ListItem","position":2,"name":"\u00d1U CANCELA SU CONCIERTO EN SANTIAGO"}]},{"@type":"WebSite","@id":"https:\/\/www.todoheavymetal.com\/#website","url":"https:\/\/www.todoheavymetal.com\/","name":"todoheavymetal.com","description":"heavy metal - noticias heavy metal - todoheavymetal","potentialAction":[{"@type":"SearchAction","target":{"@type":"EntryPoint","urlTemplate":"https:\/\/www.todoheavymetal.com\/?s={search_term_string}"},"query-input":{"@type":"PropertyValueSpecification","valueRequired":true,"valueName":"search_term_string"}}],"inLanguage":"es"},{"@type":"Person","@id":"https:\/\/www.todoheavymetal.com\/#\/schema\/person\/aa098e79c44b992ec2357a75883ed217","name":"Javi","image":{"@type":"ImageObject","inLanguage":"es","@id":"https:\/\/secure.gravatar.com\/avatar\/ad9699b1143ed4017d23ce58fa9d83e0375bd1368122b157550ad77cd28bdfdf?s=96&d=monsterid&r=g","url":"https:\/\/secure.gravatar.com\/avatar\/ad9699b1143ed4017d23ce58fa9d83e0375bd1368122b157550ad77cd28bdfdf?s=96&d=monsterid&r=g","contentUrl":"https:\/\/secure.gravatar.com\/avatar\/ad9699b1143ed4017d23ce58fa9d83e0375bd1368122b157550ad77cd28bdfdf?s=96&d=monsterid&r=g","caption":"Javi"},"url":"https:\/\/www.todoheavymetal.com\/index.php\/author\/javipelos"}]}},"_links":{"self":[{"href":"https:\/\/www.todoheavymetal.com\/index.php\/wp-json\/wp\/v2\/posts\/37018","targetHints":{"allow":["GET"]}}],"collection":[{"href":"https:\/\/www.todoheavymetal.com\/index.php\/wp-json\/wp\/v2\/posts"}],"about":[{"href":"https:\/\/www.todoheavymetal.com\/index.php\/wp-json\/wp\/v2\/types\/post"}],"author":[{"embeddable":true,"href":"https:\/\/www.todoheavymetal.com\/index.php\/wp-json\/wp\/v2\/users\/4"}],"replies":[{"embeddable":true,"href":"https:\/\/www.todoheavymetal.com\/index.php\/wp-json\/wp\/v2\/comments?post=37018"}],"version-history":[{"count":1,"href":"https:\/\/www.todoheavymetal.com\/index.php\/wp-json\/wp\/v2\/posts\/37018\/revisions"}],"predecessor-version":[{"id":37019,"href":"https:\/\/www.todoheavymetal.com\/index.php\/wp-json\/wp\/v2\/posts\/37018\/revisions\/37019"}],"wp:attachment":[{"href":"https:\/\/www.todoheavymetal.com\/index.php\/wp-json\/wp\/v2\/media?parent=37018"}],"wp:term":[{"taxonomy":"category","embeddable":true,"href":"https:\/\/www.todoheavymetal.com\/index.php\/wp-json\/wp\/v2\/categories?post=37018"},{"taxonomy":"post_tag","embeddable":true,"href":"https:\/\/www.todoheavymetal.com\/index.php\/wp-json\/wp\/v2\/tags?post=37018"}],"curies":[{"name":"wp","href":"https:\/\/api.w.org\/{rel}","templated":true}]}}