{"id":36990,"date":"2015-05-27T18:08:00","date_gmt":"2015-05-27T16:08:00","guid":{"rendered":"http:\/\/www.todoheavymetal.com\/?p=36990"},"modified":"2015-05-27T18:06:40","modified_gmt":"2015-05-27T16:06:40","slug":"comunicado-sobre-la-entrada-de-menores-al-rock-fest-barcelona","status":"publish","type":"post","link":"https:\/\/www.todoheavymetal.com\/index.php\/noticias-del-mes\/comunicado-sobre-la-entrada-de-menores-al-rock-fest-barcelona","title":{"rendered":"COMUNICADO SOBRE LA ENTRADA DE MENORES AL ROCK FEST BARCELONA"},"content":{"rendered":"<p style=\"text-align: justify;\"><img loading=\"lazy\" decoding=\"async\" class=\"alignright\" src=\"https:\/\/scontent-mad1-1.xx.fbcdn.net\/hphotos-xpa1\/v\/t1.0-9\/11193367_1039558359405257_7448438681252691361_n.jpg?oh=a5018a60a91fd1661164d838c7fb3f4b&amp;oe=56094C29\" alt=\"\" width=\"349\" height=\"489\" \/>Os dejamos la nota que la organizaci\u00f3n del festival catal\u00e1n ha emitido en torno a la entrada de menores en el recinto del festival.<\/p>\n<p style=\"text-align: justify;\">\u201c<em>Tal y como os comentamos,\u00a0los menores de 10 a\u00f1os no necesitan\u00a0<span style=\"font-style: inherit; font-weight: inherit;\">comprar\u00a0<\/span>entrada<span style=\"font-style: inherit; font-weight: inherit;\"> y c<\/span>omo novedad para esta segunda edici\u00f3n del Rock Fest Barcelona, los menores de 13 a\u00f1os ser\u00e1n obsequiados con una camiseta oficial del Festival.<span style=\"font-style: inherit; font-weight: inherit;\">\u00a0<\/span><\/em><\/p>\n<p style=\"text-align: justify;\"><em>Para poder tener una previsi\u00f3n y que ning\u00fan menor de 13 a\u00f1os se quede sin su camiseta, os agradecer\u00edamos que nos hicieseis llegar un correo electr\u00f3nico a<span style=\"font-style: inherit; font-weight: inherit;\">\u00a0la siguiente direcci\u00f3n:\u00a0<span style=\"font-style: inherit; font-weight: inherit;\">micamiseta@rockfestbarcelona.com<\/span>\u00a0especificando<\/span>\u00a0el nombre, edad y talla del menor as\u00ed como el nombre del adulto que se har\u00e1 responsable del menor durante todo el festival, un tel\u00e9fono de contacto y la poblaci\u00f3n de origen.<\/em><\/p>\n<p style=\"text-align: justify;\"><span style=\"font-style: inherit; font-weight: inherit;\"><em>Para los\u00a0padres y\/o persona responsable de los menores que acudan al festival, os recordamos que deber\u00e9is\u00a0de cumplimentar una\u00a0\u201cHoja de responsabilidad\u201d<\/em><\/span>.<\/p>\n<p style=\"text-align: justify;\"><em>No olvid\u00e9is traer la documentaci\u00f3n del menor (DNI o Libro de Familia).<span style=\"font-style: inherit; font-weight: inherit;\">\u00a0<\/span><\/em><\/p>\n<p style=\"text-align: justify;\"><em>\u00a1\u00a1Gracias a\u00a0tod@s!!\u201d<\/em><\/p>\n","protected":false},"excerpt":{"rendered":"<p>Os dejamos la nota que la organizaci\u00f3n del festival catal\u00e1n ha emitido en torno a la entrada de menores en el recinto del festival. \u201cTal y como os comentamos,\u00a0los menores de 10 a\u00f1os no necesitan\u00a0comprar\u00a0entrada y como novedad para esta segunda edici\u00f3n del Rock Fest Barcelona, los menores de 13 a\u00f1os ser\u00e1n obsequiados con una [&hellip;]<\/p>\n","protected":false},"author":4,"featured_media":0,"comment_status":"open","ping_status":"open","sticky":false,"template":"","format":"standard","meta":{"footnotes":""},"categories":[8],"tags":[6,19866],"class_list":["post-36990","post","type-post","status-publish","format-standard","hentry","category-noticias-del-mes","tag-noticias-heavy-metal","tag-rock-fest-barcelona"],"yoast_head":"<!-- This site is optimized with the Yoast SEO plugin v27.5 - https:\/\/yoast.com\/product\/yoast-seo-wordpress\/ -->\n<title>COMUNICADO SOBRE LA ENTRADA DE MENORES AL ROCK FEST BARCELONA - HEAVY METAL - NOTICIAS HEAVY METAL<\/title>\n<meta name=\"robots\" content=\"index, follow, max-snippet:-1, max-image-preview:large, max-video-preview:-1\" \/>\n<link rel=\"canonical\" href=\"https:\/\/www.todoheavymetal.com\/index.php\/noticias-del-mes\/comunicado-sobre-la-entrada-de-menores-al-rock-fest-barcelona\" \/>\n<meta property=\"og:locale\" content=\"es_ES\" \/>\n<meta property=\"og:type\" content=\"article\" \/>\n<meta property=\"og:title\" content=\"COMUNICADO SOBRE LA ENTRADA DE MENORES AL ROCK FEST BARCELONA - HEAVY METAL - NOTICIAS HEAVY METAL\" \/>\n<meta property=\"og:description\" content=\"Os dejamos la nota que la organizaci\u00f3n del festival catal\u00e1n ha emitido en torno a la entrada de menores en el recinto del festival. \u201cTal y como os comentamos,\u00a0los menores de 10 a\u00f1os no necesitan\u00a0comprar\u00a0entrada y como novedad para esta segunda edici\u00f3n del Rock Fest Barcelona, los menores de 13 a\u00f1os ser\u00e1n obsequiados con una [&hellip;]\" \/>\n<meta property=\"og:url\" content=\"https:\/\/www.todoheavymetal.com\/index.php\/noticias-del-mes\/comunicado-sobre-la-entrada-de-menores-al-rock-fest-barcelona\" \/>\n<meta property=\"og:site_name\" content=\"HEAVY METAL - NOTICIAS HEAVY METAL\" \/>\n<meta property=\"article:publisher\" content=\"https:\/\/www.facebook.com\/todoheavymetal\/\" \/>\n<meta property=\"article:published_time\" content=\"2015-05-27T16:08:00+00:00\" \/>\n<meta property=\"og:image\" content=\"https:\/\/scontent-mad1-1.xx.fbcdn.net\/hphotos-xpa1\/v\/t1.0-9\/11193367_1039558359405257_7448438681252691361_n.jpg?oh=a5018a60a91fd1661164d838c7fb3f4b&amp;oe=56094C29\" \/>\n<meta name=\"author\" content=\"Javi\" \/>\n<meta name=\"twitter:card\" content=\"summary_large_image\" \/>\n<meta name=\"twitter:creator\" content=\"@todoheavymetal\" \/>\n<meta name=\"twitter:site\" content=\"@todoheavymetal\" \/>\n<meta name=\"twitter:label1\" content=\"Escrito por\" \/>\n\t<meta name=\"twitter:data1\" content=\"Javi\" \/>\n\t<meta name=\"twitter:label2\" content=\"Tiempo de lectura\" \/>\n\t<meta name=\"twitter:data2\" content=\"1 minuto\" \/>\n<script type=\"application\/ld+json\" class=\"yoast-schema-graph\">{\"@context\":\"https:\\\/\\\/schema.org\",\"@graph\":[{\"@type\":\"Article\",\"@id\":\"https:\\\/\\\/www.todoheavymetal.com\\\/index.php\\\/noticias-del-mes\\\/comunicado-sobre-la-entrada-de-menores-al-rock-fest-barcelona#article\",\"isPartOf\":{\"@id\":\"https:\\\/\\\/www.todoheavymetal.com\\\/index.php\\\/noticias-del-mes\\\/comunicado-sobre-la-entrada-de-menores-al-rock-fest-barcelona\"},\"author\":{\"name\":\"Javi\",\"@id\":\"https:\\\/\\\/www.todoheavymetal.com\\\/#\\\/schema\\\/person\\\/aa098e79c44b992ec2357a75883ed217\"},\"headline\":\"COMUNICADO SOBRE LA ENTRADA DE MENORES AL ROCK FEST BARCELONA\",\"datePublished\":\"2015-05-27T16:08:00+00:00\",\"mainEntityOfPage\":{\"@id\":\"https:\\\/\\\/www.todoheavymetal.com\\\/index.php\\\/noticias-del-mes\\\/comunicado-sobre-la-entrada-de-menores-al-rock-fest-barcelona\"},\"wordCount\":192,\"commentCount\":0,\"image\":{\"@id\":\"https:\\\/\\\/www.todoheavymetal.com\\\/index.php\\\/noticias-del-mes\\\/comunicado-sobre-la-entrada-de-menores-al-rock-fest-barcelona#primaryimage\"},\"thumbnailUrl\":\"https:\\\/\\\/scontent-mad1-1.xx.fbcdn.net\\\/hphotos-xpa1\\\/v\\\/t1.0-9\\\/11193367_1039558359405257_7448438681252691361_n.jpg?oh=a5018a60a91fd1661164d838c7fb3f4b&amp;oe=56094C29\",\"keywords\":[\"noticias heavy metal\",\"rock fest barcelona\"],\"articleSection\":[\"Noticias del mes\"],\"inLanguage\":\"es\",\"potentialAction\":[{\"@type\":\"CommentAction\",\"name\":\"Comment\",\"target\":[\"https:\\\/\\\/www.todoheavymetal.com\\\/index.php\\\/noticias-del-mes\\\/comunicado-sobre-la-entrada-de-menores-al-rock-fest-barcelona#respond\"]}]},{\"@type\":\"WebPage\",\"@id\":\"https:\\\/\\\/www.todoheavymetal.com\\\/index.php\\\/noticias-del-mes\\\/comunicado-sobre-la-entrada-de-menores-al-rock-fest-barcelona\",\"url\":\"https:\\\/\\\/www.todoheavymetal.com\\\/index.php\\\/noticias-del-mes\\\/comunicado-sobre-la-entrada-de-menores-al-rock-fest-barcelona\",\"name\":\"COMUNICADO SOBRE LA ENTRADA DE MENORES AL ROCK FEST BARCELONA - HEAVY METAL - NOTICIAS HEAVY METAL\",\"isPartOf\":{\"@id\":\"https:\\\/\\\/www.todoheavymetal.com\\\/#website\"},\"primaryImageOfPage\":{\"@id\":\"https:\\\/\\\/www.todoheavymetal.com\\\/index.php\\\/noticias-del-mes\\\/comunicado-sobre-la-entrada-de-menores-al-rock-fest-barcelona#primaryimage\"},\"image\":{\"@id\":\"https:\\\/\\\/www.todoheavymetal.com\\\/index.php\\\/noticias-del-mes\\\/comunicado-sobre-la-entrada-de-menores-al-rock-fest-barcelona#primaryimage\"},\"thumbnailUrl\":\"https:\\\/\\\/scontent-mad1-1.xx.fbcdn.net\\\/hphotos-xpa1\\\/v\\\/t1.0-9\\\/11193367_1039558359405257_7448438681252691361_n.jpg?oh=a5018a60a91fd1661164d838c7fb3f4b&amp;oe=56094C29\",\"datePublished\":\"2015-05-27T16:08:00+00:00\",\"author\":{\"@id\":\"https:\\\/\\\/www.todoheavymetal.com\\\/#\\\/schema\\\/person\\\/aa098e79c44b992ec2357a75883ed217\"},\"breadcrumb\":{\"@id\":\"https:\\\/\\\/www.todoheavymetal.com\\\/index.php\\\/noticias-del-mes\\\/comunicado-sobre-la-entrada-de-menores-al-rock-fest-barcelona#breadcrumb\"},\"inLanguage\":\"es\",\"potentialAction\":[{\"@type\":\"ReadAction\",\"target\":[\"https:\\\/\\\/www.todoheavymetal.com\\\/index.php\\\/noticias-del-mes\\\/comunicado-sobre-la-entrada-de-menores-al-rock-fest-barcelona\"]}]},{\"@type\":\"ImageObject\",\"inLanguage\":\"es\",\"@id\":\"https:\\\/\\\/www.todoheavymetal.com\\\/index.php\\\/noticias-del-mes\\\/comunicado-sobre-la-entrada-de-menores-al-rock-fest-barcelona#primaryimage\",\"url\":\"https:\\\/\\\/scontent-mad1-1.xx.fbcdn.net\\\/hphotos-xpa1\\\/v\\\/t1.0-9\\\/11193367_1039558359405257_7448438681252691361_n.jpg?oh=a5018a60a91fd1661164d838c7fb3f4b&amp;oe=56094C29\",\"contentUrl\":\"https:\\\/\\\/scontent-mad1-1.xx.fbcdn.net\\\/hphotos-xpa1\\\/v\\\/t1.0-9\\\/11193367_1039558359405257_7448438681252691361_n.jpg?oh=a5018a60a91fd1661164d838c7fb3f4b&amp;oe=56094C29\"},{\"@type\":\"BreadcrumbList\",\"@id\":\"https:\\\/\\\/www.todoheavymetal.com\\\/index.php\\\/noticias-del-mes\\\/comunicado-sobre-la-entrada-de-menores-al-rock-fest-barcelona#breadcrumb\",\"itemListElement\":[{\"@type\":\"ListItem\",\"position\":1,\"name\":\"Portada\",\"item\":\"https:\\\/\\\/www.todoheavymetal.com\\\/\"},{\"@type\":\"ListItem\",\"position\":2,\"name\":\"COMUNICADO SOBRE LA ENTRADA DE MENORES AL ROCK FEST BARCELONA\"}]},{\"@type\":\"WebSite\",\"@id\":\"https:\\\/\\\/www.todoheavymetal.com\\\/#website\",\"url\":\"https:\\\/\\\/www.todoheavymetal.com\\\/\",\"name\":\"todoheavymetal.com\",\"description\":\"heavy metal - noticias heavy metal - todoheavymetal\",\"potentialAction\":[{\"@type\":\"SearchAction\",\"target\":{\"@type\":\"EntryPoint\",\"urlTemplate\":\"https:\\\/\\\/www.todoheavymetal.com\\\/?s={search_term_string}\"},\"query-input\":{\"@type\":\"PropertyValueSpecification\",\"valueRequired\":true,\"valueName\":\"search_term_string\"}}],\"inLanguage\":\"es\"},{\"@type\":\"Person\",\"@id\":\"https:\\\/\\\/www.todoheavymetal.com\\\/#\\\/schema\\\/person\\\/aa098e79c44b992ec2357a75883ed217\",\"name\":\"Javi\",\"image\":{\"@type\":\"ImageObject\",\"inLanguage\":\"es\",\"@id\":\"https:\\\/\\\/secure.gravatar.com\\\/avatar\\\/ad9699b1143ed4017d23ce58fa9d83e0375bd1368122b157550ad77cd28bdfdf?s=96&d=monsterid&r=g\",\"url\":\"https:\\\/\\\/secure.gravatar.com\\\/avatar\\\/ad9699b1143ed4017d23ce58fa9d83e0375bd1368122b157550ad77cd28bdfdf?s=96&d=monsterid&r=g\",\"contentUrl\":\"https:\\\/\\\/secure.gravatar.com\\\/avatar\\\/ad9699b1143ed4017d23ce58fa9d83e0375bd1368122b157550ad77cd28bdfdf?s=96&d=monsterid&r=g\",\"caption\":\"Javi\"},\"url\":\"https:\\\/\\\/www.todoheavymetal.com\\\/index.php\\\/author\\\/javipelos\"}]}<\/script>\n<!-- \/ Yoast SEO plugin. -->","yoast_head_json":{"title":"COMUNICADO SOBRE LA ENTRADA DE MENORES AL ROCK FEST BARCELONA - HEAVY METAL - NOTICIAS HEAVY METAL","robots":{"index":"index","follow":"follow","max-snippet":"max-snippet:-1","max-image-preview":"max-image-preview:large","max-video-preview":"max-video-preview:-1"},"canonical":"https:\/\/www.todoheavymetal.com\/index.php\/noticias-del-mes\/comunicado-sobre-la-entrada-de-menores-al-rock-fest-barcelona","og_locale":"es_ES","og_type":"article","og_title":"COMUNICADO SOBRE LA ENTRADA DE MENORES AL ROCK FEST BARCELONA - HEAVY METAL - NOTICIAS HEAVY METAL","og_description":"Os dejamos la nota que la organizaci\u00f3n del festival catal\u00e1n ha emitido en torno a la entrada de menores en el recinto del festival. \u201cTal y como os comentamos,\u00a0los menores de 10 a\u00f1os no necesitan\u00a0comprar\u00a0entrada y como novedad para esta segunda edici\u00f3n del Rock Fest Barcelona, los menores de 13 a\u00f1os ser\u00e1n obsequiados con una [&hellip;]","og_url":"https:\/\/www.todoheavymetal.com\/index.php\/noticias-del-mes\/comunicado-sobre-la-entrada-de-menores-al-rock-fest-barcelona","og_site_name":"HEAVY METAL - NOTICIAS HEAVY METAL","article_publisher":"https:\/\/www.facebook.com\/todoheavymetal\/","article_published_time":"2015-05-27T16:08:00+00:00","og_image":[{"url":"https:\/\/scontent-mad1-1.xx.fbcdn.net\/hphotos-xpa1\/v\/t1.0-9\/11193367_1039558359405257_7448438681252691361_n.jpg?oh=a5018a60a91fd1661164d838c7fb3f4b&amp;oe=56094C29","type":"","width":"","height":""}],"author":"Javi","twitter_card":"summary_large_image","twitter_creator":"@todoheavymetal","twitter_site":"@todoheavymetal","twitter_misc":{"Escrito por":"Javi","Tiempo de lectura":"1 minuto"},"schema":{"@context":"https:\/\/schema.org","@graph":[{"@type":"Article","@id":"https:\/\/www.todoheavymetal.com\/index.php\/noticias-del-mes\/comunicado-sobre-la-entrada-de-menores-al-rock-fest-barcelona#article","isPartOf":{"@id":"https:\/\/www.todoheavymetal.com\/index.php\/noticias-del-mes\/comunicado-sobre-la-entrada-de-menores-al-rock-fest-barcelona"},"author":{"name":"Javi","@id":"https:\/\/www.todoheavymetal.com\/#\/schema\/person\/aa098e79c44b992ec2357a75883ed217"},"headline":"COMUNICADO SOBRE LA ENTRADA DE MENORES AL ROCK FEST BARCELONA","datePublished":"2015-05-27T16:08:00+00:00","mainEntityOfPage":{"@id":"https:\/\/www.todoheavymetal.com\/index.php\/noticias-del-mes\/comunicado-sobre-la-entrada-de-menores-al-rock-fest-barcelona"},"wordCount":192,"commentCount":0,"image":{"@id":"https:\/\/www.todoheavymetal.com\/index.php\/noticias-del-mes\/comunicado-sobre-la-entrada-de-menores-al-rock-fest-barcelona#primaryimage"},"thumbnailUrl":"https:\/\/scontent-mad1-1.xx.fbcdn.net\/hphotos-xpa1\/v\/t1.0-9\/11193367_1039558359405257_7448438681252691361_n.jpg?oh=a5018a60a91fd1661164d838c7fb3f4b&amp;oe=56094C29","keywords":["noticias heavy metal","rock fest barcelona"],"articleSection":["Noticias del mes"],"inLanguage":"es","potentialAction":[{"@type":"CommentAction","name":"Comment","target":["https:\/\/www.todoheavymetal.com\/index.php\/noticias-del-mes\/comunicado-sobre-la-entrada-de-menores-al-rock-fest-barcelona#respond"]}]},{"@type":"WebPage","@id":"https:\/\/www.todoheavymetal.com\/index.php\/noticias-del-mes\/comunicado-sobre-la-entrada-de-menores-al-rock-fest-barcelona","url":"https:\/\/www.todoheavymetal.com\/index.php\/noticias-del-mes\/comunicado-sobre-la-entrada-de-menores-al-rock-fest-barcelona","name":"COMUNICADO SOBRE LA ENTRADA DE MENORES AL ROCK FEST BARCELONA - HEAVY METAL - NOTICIAS HEAVY METAL","isPartOf":{"@id":"https:\/\/www.todoheavymetal.com\/#website"},"primaryImageOfPage":{"@id":"https:\/\/www.todoheavymetal.com\/index.php\/noticias-del-mes\/comunicado-sobre-la-entrada-de-menores-al-rock-fest-barcelona#primaryimage"},"image":{"@id":"https:\/\/www.todoheavymetal.com\/index.php\/noticias-del-mes\/comunicado-sobre-la-entrada-de-menores-al-rock-fest-barcelona#primaryimage"},"thumbnailUrl":"https:\/\/scontent-mad1-1.xx.fbcdn.net\/hphotos-xpa1\/v\/t1.0-9\/11193367_1039558359405257_7448438681252691361_n.jpg?oh=a5018a60a91fd1661164d838c7fb3f4b&amp;oe=56094C29","datePublished":"2015-05-27T16:08:00+00:00","author":{"@id":"https:\/\/www.todoheavymetal.com\/#\/schema\/person\/aa098e79c44b992ec2357a75883ed217"},"breadcrumb":{"@id":"https:\/\/www.todoheavymetal.com\/index.php\/noticias-del-mes\/comunicado-sobre-la-entrada-de-menores-al-rock-fest-barcelona#breadcrumb"},"inLanguage":"es","potentialAction":[{"@type":"ReadAction","target":["https:\/\/www.todoheavymetal.com\/index.php\/noticias-del-mes\/comunicado-sobre-la-entrada-de-menores-al-rock-fest-barcelona"]}]},{"@type":"ImageObject","inLanguage":"es","@id":"https:\/\/www.todoheavymetal.com\/index.php\/noticias-del-mes\/comunicado-sobre-la-entrada-de-menores-al-rock-fest-barcelona#primaryimage","url":"https:\/\/scontent-mad1-1.xx.fbcdn.net\/hphotos-xpa1\/v\/t1.0-9\/11193367_1039558359405257_7448438681252691361_n.jpg?oh=a5018a60a91fd1661164d838c7fb3f4b&amp;oe=56094C29","contentUrl":"https:\/\/scontent-mad1-1.xx.fbcdn.net\/hphotos-xpa1\/v\/t1.0-9\/11193367_1039558359405257_7448438681252691361_n.jpg?oh=a5018a60a91fd1661164d838c7fb3f4b&amp;oe=56094C29"},{"@type":"BreadcrumbList","@id":"https:\/\/www.todoheavymetal.com\/index.php\/noticias-del-mes\/comunicado-sobre-la-entrada-de-menores-al-rock-fest-barcelona#breadcrumb","itemListElement":[{"@type":"ListItem","position":1,"name":"Portada","item":"https:\/\/www.todoheavymetal.com\/"},{"@type":"ListItem","position":2,"name":"COMUNICADO SOBRE LA ENTRADA DE MENORES AL ROCK FEST BARCELONA"}]},{"@type":"WebSite","@id":"https:\/\/www.todoheavymetal.com\/#website","url":"https:\/\/www.todoheavymetal.com\/","name":"todoheavymetal.com","description":"heavy metal - noticias heavy metal - todoheavymetal","potentialAction":[{"@type":"SearchAction","target":{"@type":"EntryPoint","urlTemplate":"https:\/\/www.todoheavymetal.com\/?s={search_term_string}"},"query-input":{"@type":"PropertyValueSpecification","valueRequired":true,"valueName":"search_term_string"}}],"inLanguage":"es"},{"@type":"Person","@id":"https:\/\/www.todoheavymetal.com\/#\/schema\/person\/aa098e79c44b992ec2357a75883ed217","name":"Javi","image":{"@type":"ImageObject","inLanguage":"es","@id":"https:\/\/secure.gravatar.com\/avatar\/ad9699b1143ed4017d23ce58fa9d83e0375bd1368122b157550ad77cd28bdfdf?s=96&d=monsterid&r=g","url":"https:\/\/secure.gravatar.com\/avatar\/ad9699b1143ed4017d23ce58fa9d83e0375bd1368122b157550ad77cd28bdfdf?s=96&d=monsterid&r=g","contentUrl":"https:\/\/secure.gravatar.com\/avatar\/ad9699b1143ed4017d23ce58fa9d83e0375bd1368122b157550ad77cd28bdfdf?s=96&d=monsterid&r=g","caption":"Javi"},"url":"https:\/\/www.todoheavymetal.com\/index.php\/author\/javipelos"}]}},"_links":{"self":[{"href":"https:\/\/www.todoheavymetal.com\/index.php\/wp-json\/wp\/v2\/posts\/36990","targetHints":{"allow":["GET"]}}],"collection":[{"href":"https:\/\/www.todoheavymetal.com\/index.php\/wp-json\/wp\/v2\/posts"}],"about":[{"href":"https:\/\/www.todoheavymetal.com\/index.php\/wp-json\/wp\/v2\/types\/post"}],"author":[{"embeddable":true,"href":"https:\/\/www.todoheavymetal.com\/index.php\/wp-json\/wp\/v2\/users\/4"}],"replies":[{"embeddable":true,"href":"https:\/\/www.todoheavymetal.com\/index.php\/wp-json\/wp\/v2\/comments?post=36990"}],"version-history":[{"count":1,"href":"https:\/\/www.todoheavymetal.com\/index.php\/wp-json\/wp\/v2\/posts\/36990\/revisions"}],"predecessor-version":[{"id":36991,"href":"https:\/\/www.todoheavymetal.com\/index.php\/wp-json\/wp\/v2\/posts\/36990\/revisions\/36991"}],"wp:attachment":[{"href":"https:\/\/www.todoheavymetal.com\/index.php\/wp-json\/wp\/v2\/media?parent=36990"}],"wp:term":[{"taxonomy":"category","embeddable":true,"href":"https:\/\/www.todoheavymetal.com\/index.php\/wp-json\/wp\/v2\/categories?post=36990"},{"taxonomy":"post_tag","embeddable":true,"href":"https:\/\/www.todoheavymetal.com\/index.php\/wp-json\/wp\/v2\/tags?post=36990"}],"curies":[{"name":"wp","href":"https:\/\/api.w.org\/{rel}","templated":true}]}}