{"id":35226,"date":"2015-02-20T13:40:35","date_gmt":"2015-02-20T12:40:35","guid":{"rendered":"http:\/\/www.todoheavymetal.com\/?p=35226"},"modified":"2015-02-20T12:25:03","modified_gmt":"2015-02-20T11:25:03","slug":"tercer-grupo-anunciado-para-el-barcia-metal-fest","status":"publish","type":"post","link":"https:\/\/www.todoheavymetal.com\/index.php\/noticias-del-mes\/tercer-grupo-anunciado-para-el-barcia-metal-fest","title":{"rendered":"TERCER GRUPO ANUNCIADO PARA EL BARCIA METAL FEST"},"content":{"rendered":"<p style=\"text-align: justify;\">Y nada m\u00e1s y nada menos que es uno de los grupos con m\u00e1s historia del rock en Espa\u00f1a\u2026<\/p>\n<p style=\"text-align: justify;\">\u00d1U estar\u00e1n tocando en la X edici\u00f3n del <em>Barcia Metal Fest<\/em>, que se celebrar\u00e1 durante los d\u00edas 31 de julio y 1 de agosto en el Parque de la Mejorana de Torreperojil (Ja\u00e9n).<\/p>\n<p style=\"text-align: justify;\">Adem\u00e1s de \u00d1U han sido ya confirmados \u00d3PERA MAGNA y MARABUNTA.<\/p>\n<p style=\"text-align: justify;\">Os recordamos que sigue abierto el\u00a0<em>IV Concurso Barcia Maketas<\/em>. Para todos aquellos que est\u00e9is interesados aqu\u00ed os dejamos las bases:<\/p>\n<ol>\n<li style=\"text-align: justify;\">Podr\u00e1n participar todos aquellos grupos que se encuentren dentro del g\u00e9nero del rock y el metal.<\/li>\n<li style=\"text-align: justify;\">Los grupos que participen no podr\u00e1n ser profesionales, tener contrato discogr\u00e1fico, ni disco en el mercado.<\/li>\n<li style=\"text-align: justify;\">Las canciones deben de ser originales, tanto en letra como en m\u00fasica.<\/li>\n<li style=\"text-align: justify;\">Los grupos participantes no podr\u00e1n haber sido ganadores en otras ediciones.<\/li>\n<li style=\"text-align: justify;\">Se establecer\u00e1 un \u00fanico premio para el primer seleccionado de 400 euros, alojamiento y actuaci\u00f3n en el festival\u00a0Barcia Metalfest 10, abriendo el mismo en calidad de ganador del concurso de maquetas el d\u00eda 31 de julio en el Parque de la Mejorana.<\/li>\n<li style=\"text-align: justify;\">Las maquetas deber\u00e1n durar un m\u00ednimo de 3 a 8 canciones, o 25 minutos y deber\u00e1n ir acompa\u00f1adas de 1 fotograf\u00eda reciente del grupo, nombre, apellidos, direcci\u00f3n, email y tel\u00e9fono de al menos un miembro del grupo, adem\u00e1s de la fecha de la grabaci\u00f3n de la maqueta, que no deber\u00e1 exceder de 5 a\u00f1os.<\/li>\n<li style=\"text-align: justify;\">La entrega de las maquetas ser\u00e1 como m\u00e1ximo hasta el d\u00eda 10 de abril de 2015.<\/li>\n<li style=\"text-align: justify;\">Las maquetas podr\u00e1n ser enviadas a la siguiente direcci\u00f3n: Concurso de Maketas C\/ Huerta Alta n\u00ba 30 23320 Torreperogil (Ja\u00e9n)\u00a0.<\/li>\n<li style=\"text-align: justify;\">La entrega de la solicitud supondr\u00e1 la aceptaci\u00f3n de una posible difusi\u00f3n de las maquetas en medios de cualquier tipo, adem\u00e1s de su posible uso en nuestra web y redes sociales del festival.<\/li>\n<li style=\"text-align: justify;\">La entrega de la maqueta y datos del grupo supondr\u00e1 la aceptaci\u00f3n de los puntos anteriormente indicados y si no cumple todos los requisitos podr\u00e1 ser eliminada.<\/li>\n<\/ol>\n<p style=\"text-align: center;\"><img loading=\"lazy\" decoding=\"async\" class=\"aligncenter\" src=\"https:\/\/fbcdn-sphotos-f-a.akamaihd.net\/hphotos-ak-xpf1\/v\/t1.0-9\/1508090_1545216665725944_4205744384848906378_n.jpg?oh=9dbef7dae939c5a5b8f9e4e820b9b934&amp;oe=5522D3ED&amp;__gda__=1432678023_c3b237dddd30c4a438b48b1d6ae15d6c\" alt=\"\" width=\"542\" height=\"201\" \/><\/p>\n","protected":false},"excerpt":{"rendered":"<p>Y nada m\u00e1s y nada menos que es uno de los grupos con m\u00e1s historia del rock en Espa\u00f1a\u2026 \u00d1U estar\u00e1n tocando en la X edici\u00f3n del Barcia Metal Fest, que se celebrar\u00e1 durante los d\u00edas 31 de julio y 1 de agosto en el Parque de la Mejorana de Torreperojil (Ja\u00e9n). Adem\u00e1s de \u00d1U [&hellip;]<\/p>\n","protected":false},"author":4,"featured_media":0,"comment_status":"open","ping_status":"open","sticky":false,"template":"","format":"standard","meta":{"footnotes":""},"categories":[8],"tags":[5500,6],"class_list":["post-35226","post","type-post","status-publish","format-standard","hentry","category-noticias-del-mes","tag-barcia-metal-fest","tag-noticias-heavy-metal"],"yoast_head":"<!-- This site is optimized with the Yoast SEO plugin v27.5 - https:\/\/yoast.com\/product\/yoast-seo-wordpress\/ -->\n<title>TERCER GRUPO ANUNCIADO PARA EL BARCIA METAL FEST - HEAVY METAL - NOTICIAS HEAVY METAL<\/title>\n<meta name=\"robots\" content=\"index, follow, max-snippet:-1, max-image-preview:large, max-video-preview:-1\" \/>\n<link rel=\"canonical\" href=\"https:\/\/www.todoheavymetal.com\/index.php\/noticias-del-mes\/tercer-grupo-anunciado-para-el-barcia-metal-fest\" \/>\n<meta property=\"og:locale\" content=\"es_ES\" \/>\n<meta property=\"og:type\" content=\"article\" \/>\n<meta property=\"og:title\" content=\"TERCER GRUPO ANUNCIADO PARA EL BARCIA METAL FEST - HEAVY METAL - NOTICIAS HEAVY METAL\" \/>\n<meta property=\"og:description\" content=\"Y nada m\u00e1s y nada menos que es uno de los grupos con m\u00e1s historia del rock en Espa\u00f1a\u2026 \u00d1U estar\u00e1n tocando en la X edici\u00f3n del Barcia Metal Fest, que se celebrar\u00e1 durante los d\u00edas 31 de julio y 1 de agosto en el Parque de la Mejorana de Torreperojil (Ja\u00e9n). Adem\u00e1s de \u00d1U [&hellip;]\" \/>\n<meta property=\"og:url\" content=\"https:\/\/www.todoheavymetal.com\/index.php\/noticias-del-mes\/tercer-grupo-anunciado-para-el-barcia-metal-fest\" \/>\n<meta property=\"og:site_name\" content=\"HEAVY METAL - NOTICIAS HEAVY METAL\" \/>\n<meta property=\"article:publisher\" content=\"https:\/\/www.facebook.com\/todoheavymetal\/\" \/>\n<meta property=\"article:published_time\" content=\"2015-02-20T12:40:35+00:00\" \/>\n<meta property=\"og:image\" content=\"https:\/\/fbcdn-sphotos-f-a.akamaihd.net\/hphotos-ak-xpf1\/v\/t1.0-9\/1508090_1545216665725944_4205744384848906378_n.jpg?oh=9dbef7dae939c5a5b8f9e4e820b9b934&amp;oe=5522D3ED&amp;__gda__=1432678023_c3b237dddd30c4a438b48b1d6ae15d6c\" \/>\n<meta name=\"author\" content=\"Javi\" \/>\n<meta name=\"twitter:card\" content=\"summary_large_image\" \/>\n<meta name=\"twitter:creator\" content=\"@todoheavymetal\" \/>\n<meta name=\"twitter:site\" content=\"@todoheavymetal\" \/>\n<meta name=\"twitter:label1\" content=\"Escrito por\" \/>\n\t<meta name=\"twitter:data1\" content=\"Javi\" \/>\n\t<meta name=\"twitter:label2\" content=\"Tiempo de lectura\" \/>\n\t<meta name=\"twitter:data2\" content=\"2 minutos\" \/>\n<script type=\"application\/ld+json\" class=\"yoast-schema-graph\">{\"@context\":\"https:\\\/\\\/schema.org\",\"@graph\":[{\"@type\":\"Article\",\"@id\":\"https:\\\/\\\/www.todoheavymetal.com\\\/index.php\\\/noticias-del-mes\\\/tercer-grupo-anunciado-para-el-barcia-metal-fest#article\",\"isPartOf\":{\"@id\":\"https:\\\/\\\/www.todoheavymetal.com\\\/index.php\\\/noticias-del-mes\\\/tercer-grupo-anunciado-para-el-barcia-metal-fest\"},\"author\":{\"name\":\"Javi\",\"@id\":\"https:\\\/\\\/www.todoheavymetal.com\\\/#\\\/schema\\\/person\\\/aa098e79c44b992ec2357a75883ed217\"},\"headline\":\"TERCER GRUPO ANUNCIADO PARA EL BARCIA METAL FEST\",\"datePublished\":\"2015-02-20T12:40:35+00:00\",\"mainEntityOfPage\":{\"@id\":\"https:\\\/\\\/www.todoheavymetal.com\\\/index.php\\\/noticias-del-mes\\\/tercer-grupo-anunciado-para-el-barcia-metal-fest\"},\"wordCount\":362,\"commentCount\":0,\"image\":{\"@id\":\"https:\\\/\\\/www.todoheavymetal.com\\\/index.php\\\/noticias-del-mes\\\/tercer-grupo-anunciado-para-el-barcia-metal-fest#primaryimage\"},\"thumbnailUrl\":\"https:\\\/\\\/fbcdn-sphotos-f-a.akamaihd.net\\\/hphotos-ak-xpf1\\\/v\\\/t1.0-9\\\/1508090_1545216665725944_4205744384848906378_n.jpg?oh=9dbef7dae939c5a5b8f9e4e820b9b934&amp;oe=5522D3ED&amp;__gda__=1432678023_c3b237dddd30c4a438b48b1d6ae15d6c\",\"keywords\":[\"barcia metal fest\",\"noticias heavy metal\"],\"articleSection\":[\"Noticias del mes\"],\"inLanguage\":\"es\",\"potentialAction\":[{\"@type\":\"CommentAction\",\"name\":\"Comment\",\"target\":[\"https:\\\/\\\/www.todoheavymetal.com\\\/index.php\\\/noticias-del-mes\\\/tercer-grupo-anunciado-para-el-barcia-metal-fest#respond\"]}]},{\"@type\":\"WebPage\",\"@id\":\"https:\\\/\\\/www.todoheavymetal.com\\\/index.php\\\/noticias-del-mes\\\/tercer-grupo-anunciado-para-el-barcia-metal-fest\",\"url\":\"https:\\\/\\\/www.todoheavymetal.com\\\/index.php\\\/noticias-del-mes\\\/tercer-grupo-anunciado-para-el-barcia-metal-fest\",\"name\":\"TERCER GRUPO ANUNCIADO PARA EL BARCIA METAL FEST - HEAVY METAL - NOTICIAS HEAVY METAL\",\"isPartOf\":{\"@id\":\"https:\\\/\\\/www.todoheavymetal.com\\\/#website\"},\"primaryImageOfPage\":{\"@id\":\"https:\\\/\\\/www.todoheavymetal.com\\\/index.php\\\/noticias-del-mes\\\/tercer-grupo-anunciado-para-el-barcia-metal-fest#primaryimage\"},\"image\":{\"@id\":\"https:\\\/\\\/www.todoheavymetal.com\\\/index.php\\\/noticias-del-mes\\\/tercer-grupo-anunciado-para-el-barcia-metal-fest#primaryimage\"},\"thumbnailUrl\":\"https:\\\/\\\/fbcdn-sphotos-f-a.akamaihd.net\\\/hphotos-ak-xpf1\\\/v\\\/t1.0-9\\\/1508090_1545216665725944_4205744384848906378_n.jpg?oh=9dbef7dae939c5a5b8f9e4e820b9b934&amp;oe=5522D3ED&amp;__gda__=1432678023_c3b237dddd30c4a438b48b1d6ae15d6c\",\"datePublished\":\"2015-02-20T12:40:35+00:00\",\"author\":{\"@id\":\"https:\\\/\\\/www.todoheavymetal.com\\\/#\\\/schema\\\/person\\\/aa098e79c44b992ec2357a75883ed217\"},\"breadcrumb\":{\"@id\":\"https:\\\/\\\/www.todoheavymetal.com\\\/index.php\\\/noticias-del-mes\\\/tercer-grupo-anunciado-para-el-barcia-metal-fest#breadcrumb\"},\"inLanguage\":\"es\",\"potentialAction\":[{\"@type\":\"ReadAction\",\"target\":[\"https:\\\/\\\/www.todoheavymetal.com\\\/index.php\\\/noticias-del-mes\\\/tercer-grupo-anunciado-para-el-barcia-metal-fest\"]}]},{\"@type\":\"ImageObject\",\"inLanguage\":\"es\",\"@id\":\"https:\\\/\\\/www.todoheavymetal.com\\\/index.php\\\/noticias-del-mes\\\/tercer-grupo-anunciado-para-el-barcia-metal-fest#primaryimage\",\"url\":\"https:\\\/\\\/fbcdn-sphotos-f-a.akamaihd.net\\\/hphotos-ak-xpf1\\\/v\\\/t1.0-9\\\/1508090_1545216665725944_4205744384848906378_n.jpg?oh=9dbef7dae939c5a5b8f9e4e820b9b934&amp;oe=5522D3ED&amp;__gda__=1432678023_c3b237dddd30c4a438b48b1d6ae15d6c\",\"contentUrl\":\"https:\\\/\\\/fbcdn-sphotos-f-a.akamaihd.net\\\/hphotos-ak-xpf1\\\/v\\\/t1.0-9\\\/1508090_1545216665725944_4205744384848906378_n.jpg?oh=9dbef7dae939c5a5b8f9e4e820b9b934&amp;oe=5522D3ED&amp;__gda__=1432678023_c3b237dddd30c4a438b48b1d6ae15d6c\"},{\"@type\":\"BreadcrumbList\",\"@id\":\"https:\\\/\\\/www.todoheavymetal.com\\\/index.php\\\/noticias-del-mes\\\/tercer-grupo-anunciado-para-el-barcia-metal-fest#breadcrumb\",\"itemListElement\":[{\"@type\":\"ListItem\",\"position\":1,\"name\":\"Portada\",\"item\":\"https:\\\/\\\/www.todoheavymetal.com\\\/\"},{\"@type\":\"ListItem\",\"position\":2,\"name\":\"TERCER GRUPO ANUNCIADO PARA EL BARCIA METAL FEST\"}]},{\"@type\":\"WebSite\",\"@id\":\"https:\\\/\\\/www.todoheavymetal.com\\\/#website\",\"url\":\"https:\\\/\\\/www.todoheavymetal.com\\\/\",\"name\":\"todoheavymetal.com\",\"description\":\"heavy metal - noticias heavy metal - todoheavymetal\",\"potentialAction\":[{\"@type\":\"SearchAction\",\"target\":{\"@type\":\"EntryPoint\",\"urlTemplate\":\"https:\\\/\\\/www.todoheavymetal.com\\\/?s={search_term_string}\"},\"query-input\":{\"@type\":\"PropertyValueSpecification\",\"valueRequired\":true,\"valueName\":\"search_term_string\"}}],\"inLanguage\":\"es\"},{\"@type\":\"Person\",\"@id\":\"https:\\\/\\\/www.todoheavymetal.com\\\/#\\\/schema\\\/person\\\/aa098e79c44b992ec2357a75883ed217\",\"name\":\"Javi\",\"image\":{\"@type\":\"ImageObject\",\"inLanguage\":\"es\",\"@id\":\"https:\\\/\\\/secure.gravatar.com\\\/avatar\\\/ad9699b1143ed4017d23ce58fa9d83e0375bd1368122b157550ad77cd28bdfdf?s=96&d=monsterid&r=g\",\"url\":\"https:\\\/\\\/secure.gravatar.com\\\/avatar\\\/ad9699b1143ed4017d23ce58fa9d83e0375bd1368122b157550ad77cd28bdfdf?s=96&d=monsterid&r=g\",\"contentUrl\":\"https:\\\/\\\/secure.gravatar.com\\\/avatar\\\/ad9699b1143ed4017d23ce58fa9d83e0375bd1368122b157550ad77cd28bdfdf?s=96&d=monsterid&r=g\",\"caption\":\"Javi\"},\"url\":\"https:\\\/\\\/www.todoheavymetal.com\\\/index.php\\\/author\\\/javipelos\"}]}<\/script>\n<!-- \/ Yoast SEO plugin. -->","yoast_head_json":{"title":"TERCER GRUPO ANUNCIADO PARA EL BARCIA METAL FEST - HEAVY METAL - NOTICIAS HEAVY METAL","robots":{"index":"index","follow":"follow","max-snippet":"max-snippet:-1","max-image-preview":"max-image-preview:large","max-video-preview":"max-video-preview:-1"},"canonical":"https:\/\/www.todoheavymetal.com\/index.php\/noticias-del-mes\/tercer-grupo-anunciado-para-el-barcia-metal-fest","og_locale":"es_ES","og_type":"article","og_title":"TERCER GRUPO ANUNCIADO PARA EL BARCIA METAL FEST - HEAVY METAL - NOTICIAS HEAVY METAL","og_description":"Y nada m\u00e1s y nada menos que es uno de los grupos con m\u00e1s historia del rock en Espa\u00f1a\u2026 \u00d1U estar\u00e1n tocando en la X edici\u00f3n del Barcia Metal Fest, que se celebrar\u00e1 durante los d\u00edas 31 de julio y 1 de agosto en el Parque de la Mejorana de Torreperojil (Ja\u00e9n). Adem\u00e1s de \u00d1U [&hellip;]","og_url":"https:\/\/www.todoheavymetal.com\/index.php\/noticias-del-mes\/tercer-grupo-anunciado-para-el-barcia-metal-fest","og_site_name":"HEAVY METAL - NOTICIAS HEAVY METAL","article_publisher":"https:\/\/www.facebook.com\/todoheavymetal\/","article_published_time":"2015-02-20T12:40:35+00:00","og_image":[{"url":"https:\/\/fbcdn-sphotos-f-a.akamaihd.net\/hphotos-ak-xpf1\/v\/t1.0-9\/1508090_1545216665725944_4205744384848906378_n.jpg?oh=9dbef7dae939c5a5b8f9e4e820b9b934&amp;oe=5522D3ED&amp;__gda__=1432678023_c3b237dddd30c4a438b48b1d6ae15d6c","type":"","width":"","height":""}],"author":"Javi","twitter_card":"summary_large_image","twitter_creator":"@todoheavymetal","twitter_site":"@todoheavymetal","twitter_misc":{"Escrito por":"Javi","Tiempo de lectura":"2 minutos"},"schema":{"@context":"https:\/\/schema.org","@graph":[{"@type":"Article","@id":"https:\/\/www.todoheavymetal.com\/index.php\/noticias-del-mes\/tercer-grupo-anunciado-para-el-barcia-metal-fest#article","isPartOf":{"@id":"https:\/\/www.todoheavymetal.com\/index.php\/noticias-del-mes\/tercer-grupo-anunciado-para-el-barcia-metal-fest"},"author":{"name":"Javi","@id":"https:\/\/www.todoheavymetal.com\/#\/schema\/person\/aa098e79c44b992ec2357a75883ed217"},"headline":"TERCER GRUPO ANUNCIADO PARA EL BARCIA METAL FEST","datePublished":"2015-02-20T12:40:35+00:00","mainEntityOfPage":{"@id":"https:\/\/www.todoheavymetal.com\/index.php\/noticias-del-mes\/tercer-grupo-anunciado-para-el-barcia-metal-fest"},"wordCount":362,"commentCount":0,"image":{"@id":"https:\/\/www.todoheavymetal.com\/index.php\/noticias-del-mes\/tercer-grupo-anunciado-para-el-barcia-metal-fest#primaryimage"},"thumbnailUrl":"https:\/\/fbcdn-sphotos-f-a.akamaihd.net\/hphotos-ak-xpf1\/v\/t1.0-9\/1508090_1545216665725944_4205744384848906378_n.jpg?oh=9dbef7dae939c5a5b8f9e4e820b9b934&amp;oe=5522D3ED&amp;__gda__=1432678023_c3b237dddd30c4a438b48b1d6ae15d6c","keywords":["barcia metal fest","noticias heavy metal"],"articleSection":["Noticias del mes"],"inLanguage":"es","potentialAction":[{"@type":"CommentAction","name":"Comment","target":["https:\/\/www.todoheavymetal.com\/index.php\/noticias-del-mes\/tercer-grupo-anunciado-para-el-barcia-metal-fest#respond"]}]},{"@type":"WebPage","@id":"https:\/\/www.todoheavymetal.com\/index.php\/noticias-del-mes\/tercer-grupo-anunciado-para-el-barcia-metal-fest","url":"https:\/\/www.todoheavymetal.com\/index.php\/noticias-del-mes\/tercer-grupo-anunciado-para-el-barcia-metal-fest","name":"TERCER GRUPO ANUNCIADO PARA EL BARCIA METAL FEST - HEAVY METAL - NOTICIAS HEAVY METAL","isPartOf":{"@id":"https:\/\/www.todoheavymetal.com\/#website"},"primaryImageOfPage":{"@id":"https:\/\/www.todoheavymetal.com\/index.php\/noticias-del-mes\/tercer-grupo-anunciado-para-el-barcia-metal-fest#primaryimage"},"image":{"@id":"https:\/\/www.todoheavymetal.com\/index.php\/noticias-del-mes\/tercer-grupo-anunciado-para-el-barcia-metal-fest#primaryimage"},"thumbnailUrl":"https:\/\/fbcdn-sphotos-f-a.akamaihd.net\/hphotos-ak-xpf1\/v\/t1.0-9\/1508090_1545216665725944_4205744384848906378_n.jpg?oh=9dbef7dae939c5a5b8f9e4e820b9b934&amp;oe=5522D3ED&amp;__gda__=1432678023_c3b237dddd30c4a438b48b1d6ae15d6c","datePublished":"2015-02-20T12:40:35+00:00","author":{"@id":"https:\/\/www.todoheavymetal.com\/#\/schema\/person\/aa098e79c44b992ec2357a75883ed217"},"breadcrumb":{"@id":"https:\/\/www.todoheavymetal.com\/index.php\/noticias-del-mes\/tercer-grupo-anunciado-para-el-barcia-metal-fest#breadcrumb"},"inLanguage":"es","potentialAction":[{"@type":"ReadAction","target":["https:\/\/www.todoheavymetal.com\/index.php\/noticias-del-mes\/tercer-grupo-anunciado-para-el-barcia-metal-fest"]}]},{"@type":"ImageObject","inLanguage":"es","@id":"https:\/\/www.todoheavymetal.com\/index.php\/noticias-del-mes\/tercer-grupo-anunciado-para-el-barcia-metal-fest#primaryimage","url":"https:\/\/fbcdn-sphotos-f-a.akamaihd.net\/hphotos-ak-xpf1\/v\/t1.0-9\/1508090_1545216665725944_4205744384848906378_n.jpg?oh=9dbef7dae939c5a5b8f9e4e820b9b934&amp;oe=5522D3ED&amp;__gda__=1432678023_c3b237dddd30c4a438b48b1d6ae15d6c","contentUrl":"https:\/\/fbcdn-sphotos-f-a.akamaihd.net\/hphotos-ak-xpf1\/v\/t1.0-9\/1508090_1545216665725944_4205744384848906378_n.jpg?oh=9dbef7dae939c5a5b8f9e4e820b9b934&amp;oe=5522D3ED&amp;__gda__=1432678023_c3b237dddd30c4a438b48b1d6ae15d6c"},{"@type":"BreadcrumbList","@id":"https:\/\/www.todoheavymetal.com\/index.php\/noticias-del-mes\/tercer-grupo-anunciado-para-el-barcia-metal-fest#breadcrumb","itemListElement":[{"@type":"ListItem","position":1,"name":"Portada","item":"https:\/\/www.todoheavymetal.com\/"},{"@type":"ListItem","position":2,"name":"TERCER GRUPO ANUNCIADO PARA EL BARCIA METAL FEST"}]},{"@type":"WebSite","@id":"https:\/\/www.todoheavymetal.com\/#website","url":"https:\/\/www.todoheavymetal.com\/","name":"todoheavymetal.com","description":"heavy metal - noticias heavy metal - todoheavymetal","potentialAction":[{"@type":"SearchAction","target":{"@type":"EntryPoint","urlTemplate":"https:\/\/www.todoheavymetal.com\/?s={search_term_string}"},"query-input":{"@type":"PropertyValueSpecification","valueRequired":true,"valueName":"search_term_string"}}],"inLanguage":"es"},{"@type":"Person","@id":"https:\/\/www.todoheavymetal.com\/#\/schema\/person\/aa098e79c44b992ec2357a75883ed217","name":"Javi","image":{"@type":"ImageObject","inLanguage":"es","@id":"https:\/\/secure.gravatar.com\/avatar\/ad9699b1143ed4017d23ce58fa9d83e0375bd1368122b157550ad77cd28bdfdf?s=96&d=monsterid&r=g","url":"https:\/\/secure.gravatar.com\/avatar\/ad9699b1143ed4017d23ce58fa9d83e0375bd1368122b157550ad77cd28bdfdf?s=96&d=monsterid&r=g","contentUrl":"https:\/\/secure.gravatar.com\/avatar\/ad9699b1143ed4017d23ce58fa9d83e0375bd1368122b157550ad77cd28bdfdf?s=96&d=monsterid&r=g","caption":"Javi"},"url":"https:\/\/www.todoheavymetal.com\/index.php\/author\/javipelos"}]}},"_links":{"self":[{"href":"https:\/\/www.todoheavymetal.com\/index.php\/wp-json\/wp\/v2\/posts\/35226","targetHints":{"allow":["GET"]}}],"collection":[{"href":"https:\/\/www.todoheavymetal.com\/index.php\/wp-json\/wp\/v2\/posts"}],"about":[{"href":"https:\/\/www.todoheavymetal.com\/index.php\/wp-json\/wp\/v2\/types\/post"}],"author":[{"embeddable":true,"href":"https:\/\/www.todoheavymetal.com\/index.php\/wp-json\/wp\/v2\/users\/4"}],"replies":[{"embeddable":true,"href":"https:\/\/www.todoheavymetal.com\/index.php\/wp-json\/wp\/v2\/comments?post=35226"}],"version-history":[{"count":1,"href":"https:\/\/www.todoheavymetal.com\/index.php\/wp-json\/wp\/v2\/posts\/35226\/revisions"}],"predecessor-version":[{"id":35227,"href":"https:\/\/www.todoheavymetal.com\/index.php\/wp-json\/wp\/v2\/posts\/35226\/revisions\/35227"}],"wp:attachment":[{"href":"https:\/\/www.todoheavymetal.com\/index.php\/wp-json\/wp\/v2\/media?parent=35226"}],"wp:term":[{"taxonomy":"category","embeddable":true,"href":"https:\/\/www.todoheavymetal.com\/index.php\/wp-json\/wp\/v2\/categories?post=35226"},{"taxonomy":"post_tag","embeddable":true,"href":"https:\/\/www.todoheavymetal.com\/index.php\/wp-json\/wp\/v2\/tags?post=35226"}],"curies":[{"name":"wp","href":"https:\/\/api.w.org\/{rel}","templated":true}]}}