{"id":28190,"date":"2014-03-18T10:30:40","date_gmt":"2014-03-18T09:30:40","guid":{"rendered":"http:\/\/www.todoheavymetal.com\/?p=28190"},"modified":"2014-03-17T18:41:02","modified_gmt":"2014-03-17T17:41:02","slug":"cambios-en-la-gira-espanola-de-devils-train","status":"publish","type":"post","link":"https:\/\/www.todoheavymetal.com\/index.php\/noticias-del-mes\/cambios-en-la-gira-espanola-de-devils-train","title":{"rendered":"CAMBIOS EN LA GIRA ESPA\u00d1OLA DE DEVIL\u2019S TRAIN"},"content":{"rendered":"<p style=\"text-align: justify;\">La gira que DEVIL\u2019S TRAIN van a llevar a cabo por Espa\u00f1a se ha ampliado con la inclusi\u00f3n de una nueva fecha en Cartagena. La banda griega estar\u00e1 desplegando toda su potencia en la reci\u00e9n estrenada sala Budokan.<\/p>\n<p style=\"text-align: justify;\">Adem\u00e1s, tambi\u00e9n se ha producido un cambio de sala para la actuaci\u00f3n de la banda en Madrid. Finalmente el concierto en la capital tendr\u00e1 lugar en la sala Caracol.<\/p>\n<p style=\"text-align: justify;\">Por \u00faltimo, la organizaci\u00f3n confirma que JOSE RUBIO\u2019S NOVA ERA ser\u00e1n los encargados de telonear a la banda en Madrid y Ourense, los d\u00edas 8 y 10 de mayo respectivamente.<\/p>\n<p style=\"text-align: justify;\">Os dejamos las fechas definitivas (a falta de anunciar la sala de Bilbao) de su gira espa\u00f1ola:<\/p>\n<ul>\n<li>\n<div style=\"text-align: justify;\">2 de mayo Bilbao Sala por confirmar<\/div>\n<\/li>\n<li>\n<div style=\"text-align: justify;\">3 de mayo Ir\u00fan Sala Tunk<\/div>\n<\/li>\n<li>\n<div style=\"text-align: justify;\">4 de mayo Barcelona Sala Rocksound<\/div>\n<\/li>\n<li>\n<div style=\"text-align: justify;\">5 de mayo Cartagena Sala Budokan<\/div>\n<\/li>\n<li>\n<div style=\"text-align: justify;\">6 de mayo Estepona (M\u00e1laga) Sala Louie Louie<\/div>\n<\/li>\n<li>\n<div style=\"text-align: justify;\">7 de mayo Zaragoza Sala Utop\u00eda<\/div>\n<\/li>\n<li>\n<div style=\"text-align: justify;\">8 de mayo Madrid Sala Caracol<\/div>\n<\/li>\n<li>\n<div style=\"text-align: justify;\">9 de mayo C\u00f3rdoba Sala Recycle<\/div>\n<\/li>\n<li>\n<div style=\"text-align: justify;\">10 de mayo Ourense Sala Berl\u00edn<\/div>\n<\/li>\n<\/ul>\n<p style=\"text-align: center;\"><img loading=\"lazy\" decoding=\"async\" class=\"aligncenter\" alt=\"\" src=\"https:\/\/scontent-b-cdg.xx.fbcdn.net\/hphotos-prn2\/t1.0-9\/1240468_787043554656740_275614627_n.jpg\" width=\"407\" height=\"576\" \/><\/p>\n","protected":false},"excerpt":{"rendered":"<p>La gira que DEVIL\u2019S TRAIN van a llevar a cabo por Espa\u00f1a se ha ampliado con la inclusi\u00f3n de una nueva fecha en Cartagena. La banda griega estar\u00e1 desplegando toda su potencia en la reci\u00e9n estrenada sala Budokan. Adem\u00e1s, tambi\u00e9n se ha producido un cambio de sala para la actuaci\u00f3n de la banda en Madrid. [&hellip;]<\/p>\n","protected":false},"author":4,"featured_media":0,"comment_status":"open","ping_status":"open","sticky":false,"template":"","format":"standard","meta":{"footnotes":""},"categories":[8],"tags":[19064,10786,8078,5148,6],"class_list":["post-28190","post","type-post","status-publish","format-standard","hentry","category-noticias-del-mes","tag-conciertos-espana-devils-train","tag-conciertos-jose-rubios-nova-era","tag-devils-train","tag-jose-rubios-nova-era","tag-noticias-heavy-metal"],"yoast_head":"<!-- This site is optimized with the Yoast SEO plugin v27.5 - https:\/\/yoast.com\/product\/yoast-seo-wordpress\/ -->\n<title>CAMBIOS EN LA GIRA ESPA\u00d1OLA DE DEVIL\u2019S TRAIN - HEAVY METAL - NOTICIAS HEAVY METAL<\/title>\n<meta name=\"robots\" content=\"index, follow, max-snippet:-1, max-image-preview:large, max-video-preview:-1\" \/>\n<link rel=\"canonical\" href=\"https:\/\/www.todoheavymetal.com\/index.php\/noticias-del-mes\/cambios-en-la-gira-espanola-de-devils-train\" \/>\n<meta property=\"og:locale\" content=\"es_ES\" \/>\n<meta property=\"og:type\" content=\"article\" \/>\n<meta property=\"og:title\" content=\"CAMBIOS EN LA GIRA ESPA\u00d1OLA DE DEVIL\u2019S TRAIN - HEAVY METAL - NOTICIAS HEAVY METAL\" \/>\n<meta property=\"og:description\" content=\"La gira que DEVIL\u2019S TRAIN van a llevar a cabo por Espa\u00f1a se ha ampliado con la inclusi\u00f3n de una nueva fecha en Cartagena. La banda griega estar\u00e1 desplegando toda su potencia en la reci\u00e9n estrenada sala Budokan. Adem\u00e1s, tambi\u00e9n se ha producido un cambio de sala para la actuaci\u00f3n de la banda en Madrid. [&hellip;]\" \/>\n<meta property=\"og:url\" content=\"https:\/\/www.todoheavymetal.com\/index.php\/noticias-del-mes\/cambios-en-la-gira-espanola-de-devils-train\" \/>\n<meta property=\"og:site_name\" content=\"HEAVY METAL - NOTICIAS HEAVY METAL\" \/>\n<meta property=\"article:publisher\" content=\"https:\/\/www.facebook.com\/todoheavymetal\/\" \/>\n<meta property=\"article:published_time\" content=\"2014-03-18T09:30:40+00:00\" \/>\n<meta property=\"og:image\" content=\"https:\/\/scontent-b-cdg.xx.fbcdn.net\/hphotos-prn2\/t1.0-9\/1240468_787043554656740_275614627_n.jpg\" \/>\n<meta name=\"author\" content=\"Javi\" \/>\n<meta name=\"twitter:card\" content=\"summary_large_image\" \/>\n<meta name=\"twitter:creator\" content=\"@todoheavymetal\" \/>\n<meta name=\"twitter:site\" content=\"@todoheavymetal\" \/>\n<meta name=\"twitter:label1\" content=\"Escrito por\" \/>\n\t<meta name=\"twitter:data1\" content=\"Javi\" \/>\n\t<meta name=\"twitter:label2\" content=\"Tiempo de lectura\" \/>\n\t<meta name=\"twitter:data2\" content=\"1 minuto\" \/>\n<script type=\"application\/ld+json\" class=\"yoast-schema-graph\">{\"@context\":\"https:\\\/\\\/schema.org\",\"@graph\":[{\"@type\":\"Article\",\"@id\":\"https:\\\/\\\/www.todoheavymetal.com\\\/index.php\\\/noticias-del-mes\\\/cambios-en-la-gira-espanola-de-devils-train#article\",\"isPartOf\":{\"@id\":\"https:\\\/\\\/www.todoheavymetal.com\\\/index.php\\\/noticias-del-mes\\\/cambios-en-la-gira-espanola-de-devils-train\"},\"author\":{\"name\":\"Javi\",\"@id\":\"https:\\\/\\\/www.todoheavymetal.com\\\/#\\\/schema\\\/person\\\/aa098e79c44b992ec2357a75883ed217\"},\"headline\":\"CAMBIOS EN LA GIRA ESPA\u00d1OLA DE DEVIL\u2019S TRAIN\",\"datePublished\":\"2014-03-18T09:30:40+00:00\",\"mainEntityOfPage\":{\"@id\":\"https:\\\/\\\/www.todoheavymetal.com\\\/index.php\\\/noticias-del-mes\\\/cambios-en-la-gira-espanola-de-devils-train\"},\"wordCount\":187,\"commentCount\":0,\"image\":{\"@id\":\"https:\\\/\\\/www.todoheavymetal.com\\\/index.php\\\/noticias-del-mes\\\/cambios-en-la-gira-espanola-de-devils-train#primaryimage\"},\"thumbnailUrl\":\"https:\\\/\\\/scontent-b-cdg.xx.fbcdn.net\\\/hphotos-prn2\\\/t1.0-9\\\/1240468_787043554656740_275614627_n.jpg\",\"keywords\":[\"conciertos espa\u00f1a devil's train\",\"conciertos jose rubio's nova era\",\"devil's train\",\"jose rubio's nova era\",\"noticias heavy metal\"],\"articleSection\":[\"Noticias del mes\"],\"inLanguage\":\"es\",\"potentialAction\":[{\"@type\":\"CommentAction\",\"name\":\"Comment\",\"target\":[\"https:\\\/\\\/www.todoheavymetal.com\\\/index.php\\\/noticias-del-mes\\\/cambios-en-la-gira-espanola-de-devils-train#respond\"]}]},{\"@type\":\"WebPage\",\"@id\":\"https:\\\/\\\/www.todoheavymetal.com\\\/index.php\\\/noticias-del-mes\\\/cambios-en-la-gira-espanola-de-devils-train\",\"url\":\"https:\\\/\\\/www.todoheavymetal.com\\\/index.php\\\/noticias-del-mes\\\/cambios-en-la-gira-espanola-de-devils-train\",\"name\":\"CAMBIOS EN LA GIRA ESPA\u00d1OLA DE DEVIL\u2019S TRAIN - HEAVY METAL - NOTICIAS HEAVY METAL\",\"isPartOf\":{\"@id\":\"https:\\\/\\\/www.todoheavymetal.com\\\/#website\"},\"primaryImageOfPage\":{\"@id\":\"https:\\\/\\\/www.todoheavymetal.com\\\/index.php\\\/noticias-del-mes\\\/cambios-en-la-gira-espanola-de-devils-train#primaryimage\"},\"image\":{\"@id\":\"https:\\\/\\\/www.todoheavymetal.com\\\/index.php\\\/noticias-del-mes\\\/cambios-en-la-gira-espanola-de-devils-train#primaryimage\"},\"thumbnailUrl\":\"https:\\\/\\\/scontent-b-cdg.xx.fbcdn.net\\\/hphotos-prn2\\\/t1.0-9\\\/1240468_787043554656740_275614627_n.jpg\",\"datePublished\":\"2014-03-18T09:30:40+00:00\",\"author\":{\"@id\":\"https:\\\/\\\/www.todoheavymetal.com\\\/#\\\/schema\\\/person\\\/aa098e79c44b992ec2357a75883ed217\"},\"breadcrumb\":{\"@id\":\"https:\\\/\\\/www.todoheavymetal.com\\\/index.php\\\/noticias-del-mes\\\/cambios-en-la-gira-espanola-de-devils-train#breadcrumb\"},\"inLanguage\":\"es\",\"potentialAction\":[{\"@type\":\"ReadAction\",\"target\":[\"https:\\\/\\\/www.todoheavymetal.com\\\/index.php\\\/noticias-del-mes\\\/cambios-en-la-gira-espanola-de-devils-train\"]}]},{\"@type\":\"ImageObject\",\"inLanguage\":\"es\",\"@id\":\"https:\\\/\\\/www.todoheavymetal.com\\\/index.php\\\/noticias-del-mes\\\/cambios-en-la-gira-espanola-de-devils-train#primaryimage\",\"url\":\"https:\\\/\\\/scontent-b-cdg.xx.fbcdn.net\\\/hphotos-prn2\\\/t1.0-9\\\/1240468_787043554656740_275614627_n.jpg\",\"contentUrl\":\"https:\\\/\\\/scontent-b-cdg.xx.fbcdn.net\\\/hphotos-prn2\\\/t1.0-9\\\/1240468_787043554656740_275614627_n.jpg\"},{\"@type\":\"BreadcrumbList\",\"@id\":\"https:\\\/\\\/www.todoheavymetal.com\\\/index.php\\\/noticias-del-mes\\\/cambios-en-la-gira-espanola-de-devils-train#breadcrumb\",\"itemListElement\":[{\"@type\":\"ListItem\",\"position\":1,\"name\":\"Portada\",\"item\":\"https:\\\/\\\/www.todoheavymetal.com\\\/\"},{\"@type\":\"ListItem\",\"position\":2,\"name\":\"CAMBIOS EN LA GIRA ESPA\u00d1OLA DE DEVIL\u2019S TRAIN\"}]},{\"@type\":\"WebSite\",\"@id\":\"https:\\\/\\\/www.todoheavymetal.com\\\/#website\",\"url\":\"https:\\\/\\\/www.todoheavymetal.com\\\/\",\"name\":\"todoheavymetal.com\",\"description\":\"heavy metal - noticias heavy metal - todoheavymetal\",\"potentialAction\":[{\"@type\":\"SearchAction\",\"target\":{\"@type\":\"EntryPoint\",\"urlTemplate\":\"https:\\\/\\\/www.todoheavymetal.com\\\/?s={search_term_string}\"},\"query-input\":{\"@type\":\"PropertyValueSpecification\",\"valueRequired\":true,\"valueName\":\"search_term_string\"}}],\"inLanguage\":\"es\"},{\"@type\":\"Person\",\"@id\":\"https:\\\/\\\/www.todoheavymetal.com\\\/#\\\/schema\\\/person\\\/aa098e79c44b992ec2357a75883ed217\",\"name\":\"Javi\",\"image\":{\"@type\":\"ImageObject\",\"inLanguage\":\"es\",\"@id\":\"https:\\\/\\\/secure.gravatar.com\\\/avatar\\\/ad9699b1143ed4017d23ce58fa9d83e0375bd1368122b157550ad77cd28bdfdf?s=96&d=monsterid&r=g\",\"url\":\"https:\\\/\\\/secure.gravatar.com\\\/avatar\\\/ad9699b1143ed4017d23ce58fa9d83e0375bd1368122b157550ad77cd28bdfdf?s=96&d=monsterid&r=g\",\"contentUrl\":\"https:\\\/\\\/secure.gravatar.com\\\/avatar\\\/ad9699b1143ed4017d23ce58fa9d83e0375bd1368122b157550ad77cd28bdfdf?s=96&d=monsterid&r=g\",\"caption\":\"Javi\"},\"url\":\"https:\\\/\\\/www.todoheavymetal.com\\\/index.php\\\/author\\\/javipelos\"}]}<\/script>\n<!-- \/ Yoast SEO plugin. -->","yoast_head_json":{"title":"CAMBIOS EN LA GIRA ESPA\u00d1OLA DE DEVIL\u2019S TRAIN - HEAVY METAL - NOTICIAS HEAVY METAL","robots":{"index":"index","follow":"follow","max-snippet":"max-snippet:-1","max-image-preview":"max-image-preview:large","max-video-preview":"max-video-preview:-1"},"canonical":"https:\/\/www.todoheavymetal.com\/index.php\/noticias-del-mes\/cambios-en-la-gira-espanola-de-devils-train","og_locale":"es_ES","og_type":"article","og_title":"CAMBIOS EN LA GIRA ESPA\u00d1OLA DE DEVIL\u2019S TRAIN - HEAVY METAL - NOTICIAS HEAVY METAL","og_description":"La gira que DEVIL\u2019S TRAIN van a llevar a cabo por Espa\u00f1a se ha ampliado con la inclusi\u00f3n de una nueva fecha en Cartagena. La banda griega estar\u00e1 desplegando toda su potencia en la reci\u00e9n estrenada sala Budokan. Adem\u00e1s, tambi\u00e9n se ha producido un cambio de sala para la actuaci\u00f3n de la banda en Madrid. [&hellip;]","og_url":"https:\/\/www.todoheavymetal.com\/index.php\/noticias-del-mes\/cambios-en-la-gira-espanola-de-devils-train","og_site_name":"HEAVY METAL - NOTICIAS HEAVY METAL","article_publisher":"https:\/\/www.facebook.com\/todoheavymetal\/","article_published_time":"2014-03-18T09:30:40+00:00","og_image":[{"url":"https:\/\/scontent-b-cdg.xx.fbcdn.net\/hphotos-prn2\/t1.0-9\/1240468_787043554656740_275614627_n.jpg","type":"","width":"","height":""}],"author":"Javi","twitter_card":"summary_large_image","twitter_creator":"@todoheavymetal","twitter_site":"@todoheavymetal","twitter_misc":{"Escrito por":"Javi","Tiempo de lectura":"1 minuto"},"schema":{"@context":"https:\/\/schema.org","@graph":[{"@type":"Article","@id":"https:\/\/www.todoheavymetal.com\/index.php\/noticias-del-mes\/cambios-en-la-gira-espanola-de-devils-train#article","isPartOf":{"@id":"https:\/\/www.todoheavymetal.com\/index.php\/noticias-del-mes\/cambios-en-la-gira-espanola-de-devils-train"},"author":{"name":"Javi","@id":"https:\/\/www.todoheavymetal.com\/#\/schema\/person\/aa098e79c44b992ec2357a75883ed217"},"headline":"CAMBIOS EN LA GIRA ESPA\u00d1OLA DE DEVIL\u2019S TRAIN","datePublished":"2014-03-18T09:30:40+00:00","mainEntityOfPage":{"@id":"https:\/\/www.todoheavymetal.com\/index.php\/noticias-del-mes\/cambios-en-la-gira-espanola-de-devils-train"},"wordCount":187,"commentCount":0,"image":{"@id":"https:\/\/www.todoheavymetal.com\/index.php\/noticias-del-mes\/cambios-en-la-gira-espanola-de-devils-train#primaryimage"},"thumbnailUrl":"https:\/\/scontent-b-cdg.xx.fbcdn.net\/hphotos-prn2\/t1.0-9\/1240468_787043554656740_275614627_n.jpg","keywords":["conciertos espa\u00f1a devil's train","conciertos jose rubio's nova era","devil's train","jose rubio's nova era","noticias heavy metal"],"articleSection":["Noticias del mes"],"inLanguage":"es","potentialAction":[{"@type":"CommentAction","name":"Comment","target":["https:\/\/www.todoheavymetal.com\/index.php\/noticias-del-mes\/cambios-en-la-gira-espanola-de-devils-train#respond"]}]},{"@type":"WebPage","@id":"https:\/\/www.todoheavymetal.com\/index.php\/noticias-del-mes\/cambios-en-la-gira-espanola-de-devils-train","url":"https:\/\/www.todoheavymetal.com\/index.php\/noticias-del-mes\/cambios-en-la-gira-espanola-de-devils-train","name":"CAMBIOS EN LA GIRA ESPA\u00d1OLA DE DEVIL\u2019S TRAIN - HEAVY METAL - NOTICIAS HEAVY METAL","isPartOf":{"@id":"https:\/\/www.todoheavymetal.com\/#website"},"primaryImageOfPage":{"@id":"https:\/\/www.todoheavymetal.com\/index.php\/noticias-del-mes\/cambios-en-la-gira-espanola-de-devils-train#primaryimage"},"image":{"@id":"https:\/\/www.todoheavymetal.com\/index.php\/noticias-del-mes\/cambios-en-la-gira-espanola-de-devils-train#primaryimage"},"thumbnailUrl":"https:\/\/scontent-b-cdg.xx.fbcdn.net\/hphotos-prn2\/t1.0-9\/1240468_787043554656740_275614627_n.jpg","datePublished":"2014-03-18T09:30:40+00:00","author":{"@id":"https:\/\/www.todoheavymetal.com\/#\/schema\/person\/aa098e79c44b992ec2357a75883ed217"},"breadcrumb":{"@id":"https:\/\/www.todoheavymetal.com\/index.php\/noticias-del-mes\/cambios-en-la-gira-espanola-de-devils-train#breadcrumb"},"inLanguage":"es","potentialAction":[{"@type":"ReadAction","target":["https:\/\/www.todoheavymetal.com\/index.php\/noticias-del-mes\/cambios-en-la-gira-espanola-de-devils-train"]}]},{"@type":"ImageObject","inLanguage":"es","@id":"https:\/\/www.todoheavymetal.com\/index.php\/noticias-del-mes\/cambios-en-la-gira-espanola-de-devils-train#primaryimage","url":"https:\/\/scontent-b-cdg.xx.fbcdn.net\/hphotos-prn2\/t1.0-9\/1240468_787043554656740_275614627_n.jpg","contentUrl":"https:\/\/scontent-b-cdg.xx.fbcdn.net\/hphotos-prn2\/t1.0-9\/1240468_787043554656740_275614627_n.jpg"},{"@type":"BreadcrumbList","@id":"https:\/\/www.todoheavymetal.com\/index.php\/noticias-del-mes\/cambios-en-la-gira-espanola-de-devils-train#breadcrumb","itemListElement":[{"@type":"ListItem","position":1,"name":"Portada","item":"https:\/\/www.todoheavymetal.com\/"},{"@type":"ListItem","position":2,"name":"CAMBIOS EN LA GIRA ESPA\u00d1OLA DE DEVIL\u2019S TRAIN"}]},{"@type":"WebSite","@id":"https:\/\/www.todoheavymetal.com\/#website","url":"https:\/\/www.todoheavymetal.com\/","name":"todoheavymetal.com","description":"heavy metal - noticias heavy metal - todoheavymetal","potentialAction":[{"@type":"SearchAction","target":{"@type":"EntryPoint","urlTemplate":"https:\/\/www.todoheavymetal.com\/?s={search_term_string}"},"query-input":{"@type":"PropertyValueSpecification","valueRequired":true,"valueName":"search_term_string"}}],"inLanguage":"es"},{"@type":"Person","@id":"https:\/\/www.todoheavymetal.com\/#\/schema\/person\/aa098e79c44b992ec2357a75883ed217","name":"Javi","image":{"@type":"ImageObject","inLanguage":"es","@id":"https:\/\/secure.gravatar.com\/avatar\/ad9699b1143ed4017d23ce58fa9d83e0375bd1368122b157550ad77cd28bdfdf?s=96&d=monsterid&r=g","url":"https:\/\/secure.gravatar.com\/avatar\/ad9699b1143ed4017d23ce58fa9d83e0375bd1368122b157550ad77cd28bdfdf?s=96&d=monsterid&r=g","contentUrl":"https:\/\/secure.gravatar.com\/avatar\/ad9699b1143ed4017d23ce58fa9d83e0375bd1368122b157550ad77cd28bdfdf?s=96&d=monsterid&r=g","caption":"Javi"},"url":"https:\/\/www.todoheavymetal.com\/index.php\/author\/javipelos"}]}},"_links":{"self":[{"href":"https:\/\/www.todoheavymetal.com\/index.php\/wp-json\/wp\/v2\/posts\/28190","targetHints":{"allow":["GET"]}}],"collection":[{"href":"https:\/\/www.todoheavymetal.com\/index.php\/wp-json\/wp\/v2\/posts"}],"about":[{"href":"https:\/\/www.todoheavymetal.com\/index.php\/wp-json\/wp\/v2\/types\/post"}],"author":[{"embeddable":true,"href":"https:\/\/www.todoheavymetal.com\/index.php\/wp-json\/wp\/v2\/users\/4"}],"replies":[{"embeddable":true,"href":"https:\/\/www.todoheavymetal.com\/index.php\/wp-json\/wp\/v2\/comments?post=28190"}],"version-history":[{"count":1,"href":"https:\/\/www.todoheavymetal.com\/index.php\/wp-json\/wp\/v2\/posts\/28190\/revisions"}],"predecessor-version":[{"id":28191,"href":"https:\/\/www.todoheavymetal.com\/index.php\/wp-json\/wp\/v2\/posts\/28190\/revisions\/28191"}],"wp:attachment":[{"href":"https:\/\/www.todoheavymetal.com\/index.php\/wp-json\/wp\/v2\/media?parent=28190"}],"wp:term":[{"taxonomy":"category","embeddable":true,"href":"https:\/\/www.todoheavymetal.com\/index.php\/wp-json\/wp\/v2\/categories?post=28190"},{"taxonomy":"post_tag","embeddable":true,"href":"https:\/\/www.todoheavymetal.com\/index.php\/wp-json\/wp\/v2\/tags?post=28190"}],"curies":[{"name":"wp","href":"https:\/\/api.w.org\/{rel}","templated":true}]}}