{"id":26981,"date":"2014-01-28T15:00:11","date_gmt":"2014-01-28T14:00:11","guid":{"rendered":"http:\/\/www.todoheavymetal.com\/?p=26981"},"modified":"2014-01-28T12:18:55","modified_gmt":"2014-01-28T11:18:55","slug":"motorhead-cancela-la-gira-europea","status":"publish","type":"post","link":"https:\/\/www.todoheavymetal.com\/index.php\/noticias-del-mes\/motorhead-cancela-la-gira-europea","title":{"rendered":"MOT\u00d6RHEAD CANCELA LA GIRA EUROPEA"},"content":{"rendered":"<p><img loading=\"lazy\" decoding=\"async\" class=\"alignleft\" alt=\"\" src=\"http:\/\/grupo36.files.wordpress.com\/2008\/08\/lemmy2.jpg\" width=\"320\" height=\"257\" \/>Los problemas de salud de Lemmy han motivado la cancelaci\u00f3n de la gira europea de los brit\u00e1nicos MOT\u00d6RHEAD. Parece que todo viene de una serie de complicaciones que el l\u00edder de la banda ha sufrido con su diabetes.<\/p>\n<p>Este es el comunicado de la banda: <i>\u00abSi bien ha habido un indudable progreso, los doctores han aconsejado a Lemmy y a la banda que era a\u00fan demasiado pronto para retomar al completo las giras y, pensando en el futuro, a rega\u00f1adientes Lemmy acept\u00f3 cancelar. Nadie est\u00e1 m\u00e1s dolido por esto que Lemmy.\u00bb<\/i><\/p>\n<p>Estaba previsto que la gira arrancara en febrero, tras haber sufrido ya un anterior retraso.<\/p>\n","protected":false},"excerpt":{"rendered":"<p>Los problemas de salud de Lemmy han motivado la cancelaci\u00f3n de la gira europea de los brit\u00e1nicos MOT\u00d6RHEAD. Parece que todo viene de una serie de complicaciones que el l\u00edder de la banda ha sufrido con su diabetes. Este es el comunicado de la banda: \u00abSi bien ha habido un indudable progreso, los doctores han [&hellip;]<\/p>\n","protected":false},"author":3,"featured_media":0,"comment_status":"open","ping_status":"open","sticky":false,"template":"","format":"standard","meta":{"footnotes":""},"categories":[8],"tags":[18949,9937,10539,10968,63,6,18950,832],"class_list":["post-26981","post","type-post","status-publish","format-standard","hentry","category-noticias-del-mes","tag-cancela","tag-cancelacion","tag-gira-europea","tag-lemmy","tag-motorhead","tag-noticias-heavy-metal","tag-salud","tag-todo-heavy-metal"],"yoast_head":"<!-- This site is optimized with the Yoast SEO plugin v27.5 - https:\/\/yoast.com\/product\/yoast-seo-wordpress\/ -->\n<title>MOT\u00d6RHEAD CANCELA LA GIRA EUROPEA - HEAVY METAL - NOTICIAS HEAVY METAL<\/title>\n<meta name=\"robots\" content=\"index, follow, max-snippet:-1, max-image-preview:large, max-video-preview:-1\" \/>\n<link rel=\"canonical\" href=\"https:\/\/www.todoheavymetal.com\/index.php\/noticias-del-mes\/motorhead-cancela-la-gira-europea\" \/>\n<meta property=\"og:locale\" content=\"es_ES\" \/>\n<meta property=\"og:type\" content=\"article\" \/>\n<meta property=\"og:title\" content=\"MOT\u00d6RHEAD CANCELA LA GIRA EUROPEA - HEAVY METAL - NOTICIAS HEAVY METAL\" \/>\n<meta property=\"og:description\" content=\"Los problemas de salud de Lemmy han motivado la cancelaci\u00f3n de la gira europea de los brit\u00e1nicos MOT\u00d6RHEAD. Parece que todo viene de una serie de complicaciones que el l\u00edder de la banda ha sufrido con su diabetes. Este es el comunicado de la banda: \u00abSi bien ha habido un indudable progreso, los doctores han [&hellip;]\" \/>\n<meta property=\"og:url\" content=\"https:\/\/www.todoheavymetal.com\/index.php\/noticias-del-mes\/motorhead-cancela-la-gira-europea\" \/>\n<meta property=\"og:site_name\" content=\"HEAVY METAL - NOTICIAS HEAVY METAL\" \/>\n<meta property=\"article:publisher\" content=\"https:\/\/www.facebook.com\/todoheavymetal\/\" \/>\n<meta property=\"article:published_time\" content=\"2014-01-28T14:00:11+00:00\" \/>\n<meta property=\"og:image\" content=\"http:\/\/grupo36.files.wordpress.com\/2008\/08\/lemmy2.jpg\" \/>\n<meta name=\"author\" content=\"AlbertoYayo\" \/>\n<meta name=\"twitter:card\" content=\"summary_large_image\" \/>\n<meta name=\"twitter:creator\" content=\"@todoheavymetal\" \/>\n<meta name=\"twitter:site\" content=\"@todoheavymetal\" \/>\n<meta name=\"twitter:label1\" content=\"Escrito por\" \/>\n\t<meta name=\"twitter:data1\" content=\"AlbertoYayo\" \/>\n\t<meta name=\"twitter:label2\" content=\"Tiempo de lectura\" \/>\n\t<meta name=\"twitter:data2\" content=\"1 minuto\" \/>\n<script type=\"application\/ld+json\" class=\"yoast-schema-graph\">{\"@context\":\"https:\\\/\\\/schema.org\",\"@graph\":[{\"@type\":\"Article\",\"@id\":\"https:\\\/\\\/www.todoheavymetal.com\\\/index.php\\\/noticias-del-mes\\\/motorhead-cancela-la-gira-europea#article\",\"isPartOf\":{\"@id\":\"https:\\\/\\\/www.todoheavymetal.com\\\/index.php\\\/noticias-del-mes\\\/motorhead-cancela-la-gira-europea\"},\"author\":{\"name\":\"AlbertoYayo\",\"@id\":\"https:\\\/\\\/www.todoheavymetal.com\\\/#\\\/schema\\\/person\\\/57d916fb4e1d16a2ccad888275052069\"},\"headline\":\"MOT\u00d6RHEAD CANCELA LA GIRA EUROPEA\",\"datePublished\":\"2014-01-28T14:00:11+00:00\",\"mainEntityOfPage\":{\"@id\":\"https:\\\/\\\/www.todoheavymetal.com\\\/index.php\\\/noticias-del-mes\\\/motorhead-cancela-la-gira-europea\"},\"wordCount\":119,\"commentCount\":0,\"image\":{\"@id\":\"https:\\\/\\\/www.todoheavymetal.com\\\/index.php\\\/noticias-del-mes\\\/motorhead-cancela-la-gira-europea#primaryimage\"},\"thumbnailUrl\":\"http:\\\/\\\/grupo36.files.wordpress.com\\\/2008\\\/08\\\/lemmy2.jpg\",\"keywords\":[\"cancela\",\"cancelacion\",\"gira europea\",\"lemmy\",\"motorhead\",\"noticias heavy metal\",\"salud\",\"todo heavy metal\"],\"articleSection\":[\"Noticias del mes\"],\"inLanguage\":\"es\",\"potentialAction\":[{\"@type\":\"CommentAction\",\"name\":\"Comment\",\"target\":[\"https:\\\/\\\/www.todoheavymetal.com\\\/index.php\\\/noticias-del-mes\\\/motorhead-cancela-la-gira-europea#respond\"]}]},{\"@type\":\"WebPage\",\"@id\":\"https:\\\/\\\/www.todoheavymetal.com\\\/index.php\\\/noticias-del-mes\\\/motorhead-cancela-la-gira-europea\",\"url\":\"https:\\\/\\\/www.todoheavymetal.com\\\/index.php\\\/noticias-del-mes\\\/motorhead-cancela-la-gira-europea\",\"name\":\"MOT\u00d6RHEAD CANCELA LA GIRA EUROPEA - HEAVY METAL - NOTICIAS HEAVY METAL\",\"isPartOf\":{\"@id\":\"https:\\\/\\\/www.todoheavymetal.com\\\/#website\"},\"primaryImageOfPage\":{\"@id\":\"https:\\\/\\\/www.todoheavymetal.com\\\/index.php\\\/noticias-del-mes\\\/motorhead-cancela-la-gira-europea#primaryimage\"},\"image\":{\"@id\":\"https:\\\/\\\/www.todoheavymetal.com\\\/index.php\\\/noticias-del-mes\\\/motorhead-cancela-la-gira-europea#primaryimage\"},\"thumbnailUrl\":\"http:\\\/\\\/grupo36.files.wordpress.com\\\/2008\\\/08\\\/lemmy2.jpg\",\"datePublished\":\"2014-01-28T14:00:11+00:00\",\"author\":{\"@id\":\"https:\\\/\\\/www.todoheavymetal.com\\\/#\\\/schema\\\/person\\\/57d916fb4e1d16a2ccad888275052069\"},\"breadcrumb\":{\"@id\":\"https:\\\/\\\/www.todoheavymetal.com\\\/index.php\\\/noticias-del-mes\\\/motorhead-cancela-la-gira-europea#breadcrumb\"},\"inLanguage\":\"es\",\"potentialAction\":[{\"@type\":\"ReadAction\",\"target\":[\"https:\\\/\\\/www.todoheavymetal.com\\\/index.php\\\/noticias-del-mes\\\/motorhead-cancela-la-gira-europea\"]}]},{\"@type\":\"ImageObject\",\"inLanguage\":\"es\",\"@id\":\"https:\\\/\\\/www.todoheavymetal.com\\\/index.php\\\/noticias-del-mes\\\/motorhead-cancela-la-gira-europea#primaryimage\",\"url\":\"http:\\\/\\\/grupo36.files.wordpress.com\\\/2008\\\/08\\\/lemmy2.jpg\",\"contentUrl\":\"http:\\\/\\\/grupo36.files.wordpress.com\\\/2008\\\/08\\\/lemmy2.jpg\"},{\"@type\":\"BreadcrumbList\",\"@id\":\"https:\\\/\\\/www.todoheavymetal.com\\\/index.php\\\/noticias-del-mes\\\/motorhead-cancela-la-gira-europea#breadcrumb\",\"itemListElement\":[{\"@type\":\"ListItem\",\"position\":1,\"name\":\"Portada\",\"item\":\"https:\\\/\\\/www.todoheavymetal.com\\\/\"},{\"@type\":\"ListItem\",\"position\":2,\"name\":\"MOT\u00d6RHEAD CANCELA LA GIRA EUROPEA\"}]},{\"@type\":\"WebSite\",\"@id\":\"https:\\\/\\\/www.todoheavymetal.com\\\/#website\",\"url\":\"https:\\\/\\\/www.todoheavymetal.com\\\/\",\"name\":\"todoheavymetal.com\",\"description\":\"heavy metal - noticias heavy metal - todoheavymetal\",\"potentialAction\":[{\"@type\":\"SearchAction\",\"target\":{\"@type\":\"EntryPoint\",\"urlTemplate\":\"https:\\\/\\\/www.todoheavymetal.com\\\/?s={search_term_string}\"},\"query-input\":{\"@type\":\"PropertyValueSpecification\",\"valueRequired\":true,\"valueName\":\"search_term_string\"}}],\"inLanguage\":\"es\"},{\"@type\":\"Person\",\"@id\":\"https:\\\/\\\/www.todoheavymetal.com\\\/#\\\/schema\\\/person\\\/57d916fb4e1d16a2ccad888275052069\",\"name\":\"AlbertoYayo\",\"image\":{\"@type\":\"ImageObject\",\"inLanguage\":\"es\",\"@id\":\"https:\\\/\\\/secure.gravatar.com\\\/avatar\\\/d43cf036677a4a40406038bbd068378df363a3d070040ae38507861b82fd26f0?s=96&d=monsterid&r=g\",\"url\":\"https:\\\/\\\/secure.gravatar.com\\\/avatar\\\/d43cf036677a4a40406038bbd068378df363a3d070040ae38507861b82fd26f0?s=96&d=monsterid&r=g\",\"contentUrl\":\"https:\\\/\\\/secure.gravatar.com\\\/avatar\\\/d43cf036677a4a40406038bbd068378df363a3d070040ae38507861b82fd26f0?s=96&d=monsterid&r=g\",\"caption\":\"AlbertoYayo\"},\"url\":\"https:\\\/\\\/www.todoheavymetal.com\\\/index.php\\\/author\\\/albertoyayo\"}]}<\/script>\n<!-- \/ Yoast SEO plugin. -->","yoast_head_json":{"title":"MOT\u00d6RHEAD CANCELA LA GIRA EUROPEA - HEAVY METAL - NOTICIAS HEAVY METAL","robots":{"index":"index","follow":"follow","max-snippet":"max-snippet:-1","max-image-preview":"max-image-preview:large","max-video-preview":"max-video-preview:-1"},"canonical":"https:\/\/www.todoheavymetal.com\/index.php\/noticias-del-mes\/motorhead-cancela-la-gira-europea","og_locale":"es_ES","og_type":"article","og_title":"MOT\u00d6RHEAD CANCELA LA GIRA EUROPEA - HEAVY METAL - NOTICIAS HEAVY METAL","og_description":"Los problemas de salud de Lemmy han motivado la cancelaci\u00f3n de la gira europea de los brit\u00e1nicos MOT\u00d6RHEAD. Parece que todo viene de una serie de complicaciones que el l\u00edder de la banda ha sufrido con su diabetes. Este es el comunicado de la banda: \u00abSi bien ha habido un indudable progreso, los doctores han [&hellip;]","og_url":"https:\/\/www.todoheavymetal.com\/index.php\/noticias-del-mes\/motorhead-cancela-la-gira-europea","og_site_name":"HEAVY METAL - NOTICIAS HEAVY METAL","article_publisher":"https:\/\/www.facebook.com\/todoheavymetal\/","article_published_time":"2014-01-28T14:00:11+00:00","og_image":[{"url":"http:\/\/grupo36.files.wordpress.com\/2008\/08\/lemmy2.jpg","type":"","width":"","height":""}],"author":"AlbertoYayo","twitter_card":"summary_large_image","twitter_creator":"@todoheavymetal","twitter_site":"@todoheavymetal","twitter_misc":{"Escrito por":"AlbertoYayo","Tiempo de lectura":"1 minuto"},"schema":{"@context":"https:\/\/schema.org","@graph":[{"@type":"Article","@id":"https:\/\/www.todoheavymetal.com\/index.php\/noticias-del-mes\/motorhead-cancela-la-gira-europea#article","isPartOf":{"@id":"https:\/\/www.todoheavymetal.com\/index.php\/noticias-del-mes\/motorhead-cancela-la-gira-europea"},"author":{"name":"AlbertoYayo","@id":"https:\/\/www.todoheavymetal.com\/#\/schema\/person\/57d916fb4e1d16a2ccad888275052069"},"headline":"MOT\u00d6RHEAD CANCELA LA GIRA EUROPEA","datePublished":"2014-01-28T14:00:11+00:00","mainEntityOfPage":{"@id":"https:\/\/www.todoheavymetal.com\/index.php\/noticias-del-mes\/motorhead-cancela-la-gira-europea"},"wordCount":119,"commentCount":0,"image":{"@id":"https:\/\/www.todoheavymetal.com\/index.php\/noticias-del-mes\/motorhead-cancela-la-gira-europea#primaryimage"},"thumbnailUrl":"http:\/\/grupo36.files.wordpress.com\/2008\/08\/lemmy2.jpg","keywords":["cancela","cancelacion","gira europea","lemmy","motorhead","noticias heavy metal","salud","todo heavy metal"],"articleSection":["Noticias del mes"],"inLanguage":"es","potentialAction":[{"@type":"CommentAction","name":"Comment","target":["https:\/\/www.todoheavymetal.com\/index.php\/noticias-del-mes\/motorhead-cancela-la-gira-europea#respond"]}]},{"@type":"WebPage","@id":"https:\/\/www.todoheavymetal.com\/index.php\/noticias-del-mes\/motorhead-cancela-la-gira-europea","url":"https:\/\/www.todoheavymetal.com\/index.php\/noticias-del-mes\/motorhead-cancela-la-gira-europea","name":"MOT\u00d6RHEAD CANCELA LA GIRA EUROPEA - HEAVY METAL - NOTICIAS HEAVY METAL","isPartOf":{"@id":"https:\/\/www.todoheavymetal.com\/#website"},"primaryImageOfPage":{"@id":"https:\/\/www.todoheavymetal.com\/index.php\/noticias-del-mes\/motorhead-cancela-la-gira-europea#primaryimage"},"image":{"@id":"https:\/\/www.todoheavymetal.com\/index.php\/noticias-del-mes\/motorhead-cancela-la-gira-europea#primaryimage"},"thumbnailUrl":"http:\/\/grupo36.files.wordpress.com\/2008\/08\/lemmy2.jpg","datePublished":"2014-01-28T14:00:11+00:00","author":{"@id":"https:\/\/www.todoheavymetal.com\/#\/schema\/person\/57d916fb4e1d16a2ccad888275052069"},"breadcrumb":{"@id":"https:\/\/www.todoheavymetal.com\/index.php\/noticias-del-mes\/motorhead-cancela-la-gira-europea#breadcrumb"},"inLanguage":"es","potentialAction":[{"@type":"ReadAction","target":["https:\/\/www.todoheavymetal.com\/index.php\/noticias-del-mes\/motorhead-cancela-la-gira-europea"]}]},{"@type":"ImageObject","inLanguage":"es","@id":"https:\/\/www.todoheavymetal.com\/index.php\/noticias-del-mes\/motorhead-cancela-la-gira-europea#primaryimage","url":"http:\/\/grupo36.files.wordpress.com\/2008\/08\/lemmy2.jpg","contentUrl":"http:\/\/grupo36.files.wordpress.com\/2008\/08\/lemmy2.jpg"},{"@type":"BreadcrumbList","@id":"https:\/\/www.todoheavymetal.com\/index.php\/noticias-del-mes\/motorhead-cancela-la-gira-europea#breadcrumb","itemListElement":[{"@type":"ListItem","position":1,"name":"Portada","item":"https:\/\/www.todoheavymetal.com\/"},{"@type":"ListItem","position":2,"name":"MOT\u00d6RHEAD CANCELA LA GIRA EUROPEA"}]},{"@type":"WebSite","@id":"https:\/\/www.todoheavymetal.com\/#website","url":"https:\/\/www.todoheavymetal.com\/","name":"todoheavymetal.com","description":"heavy metal - noticias heavy metal - todoheavymetal","potentialAction":[{"@type":"SearchAction","target":{"@type":"EntryPoint","urlTemplate":"https:\/\/www.todoheavymetal.com\/?s={search_term_string}"},"query-input":{"@type":"PropertyValueSpecification","valueRequired":true,"valueName":"search_term_string"}}],"inLanguage":"es"},{"@type":"Person","@id":"https:\/\/www.todoheavymetal.com\/#\/schema\/person\/57d916fb4e1d16a2ccad888275052069","name":"AlbertoYayo","image":{"@type":"ImageObject","inLanguage":"es","@id":"https:\/\/secure.gravatar.com\/avatar\/d43cf036677a4a40406038bbd068378df363a3d070040ae38507861b82fd26f0?s=96&d=monsterid&r=g","url":"https:\/\/secure.gravatar.com\/avatar\/d43cf036677a4a40406038bbd068378df363a3d070040ae38507861b82fd26f0?s=96&d=monsterid&r=g","contentUrl":"https:\/\/secure.gravatar.com\/avatar\/d43cf036677a4a40406038bbd068378df363a3d070040ae38507861b82fd26f0?s=96&d=monsterid&r=g","caption":"AlbertoYayo"},"url":"https:\/\/www.todoheavymetal.com\/index.php\/author\/albertoyayo"}]}},"_links":{"self":[{"href":"https:\/\/www.todoheavymetal.com\/index.php\/wp-json\/wp\/v2\/posts\/26981","targetHints":{"allow":["GET"]}}],"collection":[{"href":"https:\/\/www.todoheavymetal.com\/index.php\/wp-json\/wp\/v2\/posts"}],"about":[{"href":"https:\/\/www.todoheavymetal.com\/index.php\/wp-json\/wp\/v2\/types\/post"}],"author":[{"embeddable":true,"href":"https:\/\/www.todoheavymetal.com\/index.php\/wp-json\/wp\/v2\/users\/3"}],"replies":[{"embeddable":true,"href":"https:\/\/www.todoheavymetal.com\/index.php\/wp-json\/wp\/v2\/comments?post=26981"}],"version-history":[{"count":1,"href":"https:\/\/www.todoheavymetal.com\/index.php\/wp-json\/wp\/v2\/posts\/26981\/revisions"}],"predecessor-version":[{"id":26982,"href":"https:\/\/www.todoheavymetal.com\/index.php\/wp-json\/wp\/v2\/posts\/26981\/revisions\/26982"}],"wp:attachment":[{"href":"https:\/\/www.todoheavymetal.com\/index.php\/wp-json\/wp\/v2\/media?parent=26981"}],"wp:term":[{"taxonomy":"category","embeddable":true,"href":"https:\/\/www.todoheavymetal.com\/index.php\/wp-json\/wp\/v2\/categories?post=26981"},{"taxonomy":"post_tag","embeddable":true,"href":"https:\/\/www.todoheavymetal.com\/index.php\/wp-json\/wp\/v2\/tags?post=26981"}],"curies":[{"name":"wp","href":"https:\/\/api.w.org\/{rel}","templated":true}]}}