{"id":23109,"date":"2013-09-04T11:34:05","date_gmt":"2013-09-04T09:34:05","guid":{"rendered":"http:\/\/www.todoheavymetal.com\/?p=23109"},"modified":"2013-09-02T17:36:27","modified_gmt":"2013-09-02T15:36:27","slug":"deicide-anuncia-la-fecha-de-salida-de-su-nuevo-cd","status":"publish","type":"post","link":"https:\/\/www.todoheavymetal.com\/index.php\/noticias-del-mes\/deicide-anuncia-la-fecha-de-salida-de-su-nuevo-cd","title":{"rendered":"DEICIDE ANUNCIA LA FECHA DE SALIDA DE SU NUEVO CD"},"content":{"rendered":"<p style=\"text-align: justify;\"><i><img loading=\"lazy\" decoding=\"async\" class=\"alignleft\" alt=\"\" src=\"http:\/\/www.metal-archives.com\/images\/1\/4\/8\/148_logo.png\" width=\"279\" height=\"131\" \/>In The Minds Of Evil <\/i>el nuevo disco de DEICIDE ya tiene fecha de salida. Century Media Records lo editar\u00e1n el d\u00eda 26 de noviembre.<\/p>\n<p style=\"text-align: justify;\">DEICIDE han grabado su nueva obra en los Audiohammer Studios de Florida con la ayuda del productor Jason Suecof.<\/p>\n<p style=\"text-align: justify;\">En esta <a href=\"http:\/\/www.todoheavymetal.com\/nuevo-disco-de-deicide\/\" target=\"_blank\">noticia<\/a> ten\u00e9is m\u00e1s informaci\u00f3n sobre el disco.<\/p>\n","protected":false},"excerpt":{"rendered":"<p>In The Minds Of Evil el nuevo disco de DEICIDE ya tiene fecha de salida. Century Media Records lo editar\u00e1n el d\u00eda 26 de noviembre. DEICIDE han grabado su nueva obra en los Audiohammer Studios de Florida con la ayuda del productor Jason Suecof. En esta noticia ten\u00e9is m\u00e1s informaci\u00f3n sobre el disco.<\/p>\n","protected":false},"author":4,"featured_media":0,"comment_status":"open","ping_status":"open","sticky":false,"template":"","format":"standard","meta":{"footnotes":""},"categories":[8],"tags":[1589,16126,15382,16124],"class_list":["post-23109","post","type-post","status-publish","format-standard","hentry","category-noticias-del-mes","tag-deicide","tag-in-the-minds-of-evil","tag-jason-suecof","tag-nuevo-disco-deicide"],"yoast_head":"<!-- This site is optimized with the Yoast SEO plugin v27.5 - https:\/\/yoast.com\/product\/yoast-seo-wordpress\/ -->\n<title>DEICIDE ANUNCIA LA FECHA DE SALIDA DE SU NUEVO CD - HEAVY METAL - NOTICIAS HEAVY METAL<\/title>\n<meta name=\"robots\" content=\"index, follow, max-snippet:-1, max-image-preview:large, max-video-preview:-1\" \/>\n<link rel=\"canonical\" href=\"https:\/\/www.todoheavymetal.com\/index.php\/noticias-del-mes\/deicide-anuncia-la-fecha-de-salida-de-su-nuevo-cd\" \/>\n<meta property=\"og:locale\" content=\"es_ES\" \/>\n<meta property=\"og:type\" content=\"article\" \/>\n<meta property=\"og:title\" content=\"DEICIDE ANUNCIA LA FECHA DE SALIDA DE SU NUEVO CD - HEAVY METAL - NOTICIAS HEAVY METAL\" \/>\n<meta property=\"og:description\" content=\"In The Minds Of Evil el nuevo disco de DEICIDE ya tiene fecha de salida. Century Media Records lo editar\u00e1n el d\u00eda 26 de noviembre. DEICIDE han grabado su nueva obra en los Audiohammer Studios de Florida con la ayuda del productor Jason Suecof. En esta noticia ten\u00e9is m\u00e1s informaci\u00f3n sobre el disco.\" \/>\n<meta property=\"og:url\" content=\"https:\/\/www.todoheavymetal.com\/index.php\/noticias-del-mes\/deicide-anuncia-la-fecha-de-salida-de-su-nuevo-cd\" \/>\n<meta property=\"og:site_name\" content=\"HEAVY METAL - NOTICIAS HEAVY METAL\" \/>\n<meta property=\"article:publisher\" content=\"https:\/\/www.facebook.com\/todoheavymetal\/\" \/>\n<meta property=\"article:published_time\" content=\"2013-09-04T09:34:05+00:00\" \/>\n<meta property=\"og:image\" content=\"http:\/\/www.metal-archives.com\/images\/1\/4\/8\/148_logo.png\" \/>\n<meta name=\"author\" content=\"Javi\" \/>\n<meta name=\"twitter:card\" content=\"summary_large_image\" \/>\n<meta name=\"twitter:creator\" content=\"@todoheavymetal\" \/>\n<meta name=\"twitter:site\" content=\"@todoheavymetal\" \/>\n<meta name=\"twitter:label1\" content=\"Escrito por\" \/>\n\t<meta name=\"twitter:data1\" content=\"Javi\" \/>\n<script type=\"application\/ld+json\" class=\"yoast-schema-graph\">{\"@context\":\"https:\\\/\\\/schema.org\",\"@graph\":[{\"@type\":\"Article\",\"@id\":\"https:\\\/\\\/www.todoheavymetal.com\\\/index.php\\\/noticias-del-mes\\\/deicide-anuncia-la-fecha-de-salida-de-su-nuevo-cd#article\",\"isPartOf\":{\"@id\":\"https:\\\/\\\/www.todoheavymetal.com\\\/index.php\\\/noticias-del-mes\\\/deicide-anuncia-la-fecha-de-salida-de-su-nuevo-cd\"},\"author\":{\"name\":\"Javi\",\"@id\":\"https:\\\/\\\/www.todoheavymetal.com\\\/#\\\/schema\\\/person\\\/aa098e79c44b992ec2357a75883ed217\"},\"headline\":\"DEICIDE ANUNCIA LA FECHA DE SALIDA DE SU NUEVO CD\",\"datePublished\":\"2013-09-04T09:34:05+00:00\",\"mainEntityOfPage\":{\"@id\":\"https:\\\/\\\/www.todoheavymetal.com\\\/index.php\\\/noticias-del-mes\\\/deicide-anuncia-la-fecha-de-salida-de-su-nuevo-cd\"},\"wordCount\":67,\"commentCount\":0,\"image\":{\"@id\":\"https:\\\/\\\/www.todoheavymetal.com\\\/index.php\\\/noticias-del-mes\\\/deicide-anuncia-la-fecha-de-salida-de-su-nuevo-cd#primaryimage\"},\"thumbnailUrl\":\"http:\\\/\\\/www.metal-archives.com\\\/images\\\/1\\\/4\\\/8\\\/148_logo.png\",\"keywords\":[\"deicide\",\"in the minds of evil\",\"jason suecof\",\"nuevo disco deicide\"],\"articleSection\":[\"Noticias del mes\"],\"inLanguage\":\"es\",\"potentialAction\":[{\"@type\":\"CommentAction\",\"name\":\"Comment\",\"target\":[\"https:\\\/\\\/www.todoheavymetal.com\\\/index.php\\\/noticias-del-mes\\\/deicide-anuncia-la-fecha-de-salida-de-su-nuevo-cd#respond\"]}]},{\"@type\":\"WebPage\",\"@id\":\"https:\\\/\\\/www.todoheavymetal.com\\\/index.php\\\/noticias-del-mes\\\/deicide-anuncia-la-fecha-de-salida-de-su-nuevo-cd\",\"url\":\"https:\\\/\\\/www.todoheavymetal.com\\\/index.php\\\/noticias-del-mes\\\/deicide-anuncia-la-fecha-de-salida-de-su-nuevo-cd\",\"name\":\"DEICIDE ANUNCIA LA FECHA DE SALIDA DE SU NUEVO CD - HEAVY METAL - NOTICIAS HEAVY METAL\",\"isPartOf\":{\"@id\":\"https:\\\/\\\/www.todoheavymetal.com\\\/#website\"},\"primaryImageOfPage\":{\"@id\":\"https:\\\/\\\/www.todoheavymetal.com\\\/index.php\\\/noticias-del-mes\\\/deicide-anuncia-la-fecha-de-salida-de-su-nuevo-cd#primaryimage\"},\"image\":{\"@id\":\"https:\\\/\\\/www.todoheavymetal.com\\\/index.php\\\/noticias-del-mes\\\/deicide-anuncia-la-fecha-de-salida-de-su-nuevo-cd#primaryimage\"},\"thumbnailUrl\":\"http:\\\/\\\/www.metal-archives.com\\\/images\\\/1\\\/4\\\/8\\\/148_logo.png\",\"datePublished\":\"2013-09-04T09:34:05+00:00\",\"author\":{\"@id\":\"https:\\\/\\\/www.todoheavymetal.com\\\/#\\\/schema\\\/person\\\/aa098e79c44b992ec2357a75883ed217\"},\"breadcrumb\":{\"@id\":\"https:\\\/\\\/www.todoheavymetal.com\\\/index.php\\\/noticias-del-mes\\\/deicide-anuncia-la-fecha-de-salida-de-su-nuevo-cd#breadcrumb\"},\"inLanguage\":\"es\",\"potentialAction\":[{\"@type\":\"ReadAction\",\"target\":[\"https:\\\/\\\/www.todoheavymetal.com\\\/index.php\\\/noticias-del-mes\\\/deicide-anuncia-la-fecha-de-salida-de-su-nuevo-cd\"]}]},{\"@type\":\"ImageObject\",\"inLanguage\":\"es\",\"@id\":\"https:\\\/\\\/www.todoheavymetal.com\\\/index.php\\\/noticias-del-mes\\\/deicide-anuncia-la-fecha-de-salida-de-su-nuevo-cd#primaryimage\",\"url\":\"http:\\\/\\\/www.metal-archives.com\\\/images\\\/1\\\/4\\\/8\\\/148_logo.png\",\"contentUrl\":\"http:\\\/\\\/www.metal-archives.com\\\/images\\\/1\\\/4\\\/8\\\/148_logo.png\"},{\"@type\":\"BreadcrumbList\",\"@id\":\"https:\\\/\\\/www.todoheavymetal.com\\\/index.php\\\/noticias-del-mes\\\/deicide-anuncia-la-fecha-de-salida-de-su-nuevo-cd#breadcrumb\",\"itemListElement\":[{\"@type\":\"ListItem\",\"position\":1,\"name\":\"Portada\",\"item\":\"https:\\\/\\\/www.todoheavymetal.com\\\/\"},{\"@type\":\"ListItem\",\"position\":2,\"name\":\"DEICIDE ANUNCIA LA FECHA DE SALIDA DE SU NUEVO CD\"}]},{\"@type\":\"WebSite\",\"@id\":\"https:\\\/\\\/www.todoheavymetal.com\\\/#website\",\"url\":\"https:\\\/\\\/www.todoheavymetal.com\\\/\",\"name\":\"todoheavymetal.com\",\"description\":\"heavy metal - noticias heavy metal - todoheavymetal\",\"potentialAction\":[{\"@type\":\"SearchAction\",\"target\":{\"@type\":\"EntryPoint\",\"urlTemplate\":\"https:\\\/\\\/www.todoheavymetal.com\\\/?s={search_term_string}\"},\"query-input\":{\"@type\":\"PropertyValueSpecification\",\"valueRequired\":true,\"valueName\":\"search_term_string\"}}],\"inLanguage\":\"es\"},{\"@type\":\"Person\",\"@id\":\"https:\\\/\\\/www.todoheavymetal.com\\\/#\\\/schema\\\/person\\\/aa098e79c44b992ec2357a75883ed217\",\"name\":\"Javi\",\"image\":{\"@type\":\"ImageObject\",\"inLanguage\":\"es\",\"@id\":\"https:\\\/\\\/secure.gravatar.com\\\/avatar\\\/ad9699b1143ed4017d23ce58fa9d83e0375bd1368122b157550ad77cd28bdfdf?s=96&d=monsterid&r=g\",\"url\":\"https:\\\/\\\/secure.gravatar.com\\\/avatar\\\/ad9699b1143ed4017d23ce58fa9d83e0375bd1368122b157550ad77cd28bdfdf?s=96&d=monsterid&r=g\",\"contentUrl\":\"https:\\\/\\\/secure.gravatar.com\\\/avatar\\\/ad9699b1143ed4017d23ce58fa9d83e0375bd1368122b157550ad77cd28bdfdf?s=96&d=monsterid&r=g\",\"caption\":\"Javi\"},\"url\":\"https:\\\/\\\/www.todoheavymetal.com\\\/index.php\\\/author\\\/javipelos\"}]}<\/script>\n<!-- \/ Yoast SEO plugin. -->","yoast_head_json":{"title":"DEICIDE ANUNCIA LA FECHA DE SALIDA DE SU NUEVO CD - HEAVY METAL - NOTICIAS HEAVY METAL","robots":{"index":"index","follow":"follow","max-snippet":"max-snippet:-1","max-image-preview":"max-image-preview:large","max-video-preview":"max-video-preview:-1"},"canonical":"https:\/\/www.todoheavymetal.com\/index.php\/noticias-del-mes\/deicide-anuncia-la-fecha-de-salida-de-su-nuevo-cd","og_locale":"es_ES","og_type":"article","og_title":"DEICIDE ANUNCIA LA FECHA DE SALIDA DE SU NUEVO CD - HEAVY METAL - NOTICIAS HEAVY METAL","og_description":"In The Minds Of Evil el nuevo disco de DEICIDE ya tiene fecha de salida. Century Media Records lo editar\u00e1n el d\u00eda 26 de noviembre. DEICIDE han grabado su nueva obra en los Audiohammer Studios de Florida con la ayuda del productor Jason Suecof. En esta noticia ten\u00e9is m\u00e1s informaci\u00f3n sobre el disco.","og_url":"https:\/\/www.todoheavymetal.com\/index.php\/noticias-del-mes\/deicide-anuncia-la-fecha-de-salida-de-su-nuevo-cd","og_site_name":"HEAVY METAL - NOTICIAS HEAVY METAL","article_publisher":"https:\/\/www.facebook.com\/todoheavymetal\/","article_published_time":"2013-09-04T09:34:05+00:00","og_image":[{"url":"http:\/\/www.metal-archives.com\/images\/1\/4\/8\/148_logo.png","type":"","width":"","height":""}],"author":"Javi","twitter_card":"summary_large_image","twitter_creator":"@todoheavymetal","twitter_site":"@todoheavymetal","twitter_misc":{"Escrito por":"Javi"},"schema":{"@context":"https:\/\/schema.org","@graph":[{"@type":"Article","@id":"https:\/\/www.todoheavymetal.com\/index.php\/noticias-del-mes\/deicide-anuncia-la-fecha-de-salida-de-su-nuevo-cd#article","isPartOf":{"@id":"https:\/\/www.todoheavymetal.com\/index.php\/noticias-del-mes\/deicide-anuncia-la-fecha-de-salida-de-su-nuevo-cd"},"author":{"name":"Javi","@id":"https:\/\/www.todoheavymetal.com\/#\/schema\/person\/aa098e79c44b992ec2357a75883ed217"},"headline":"DEICIDE ANUNCIA LA FECHA DE SALIDA DE SU NUEVO CD","datePublished":"2013-09-04T09:34:05+00:00","mainEntityOfPage":{"@id":"https:\/\/www.todoheavymetal.com\/index.php\/noticias-del-mes\/deicide-anuncia-la-fecha-de-salida-de-su-nuevo-cd"},"wordCount":67,"commentCount":0,"image":{"@id":"https:\/\/www.todoheavymetal.com\/index.php\/noticias-del-mes\/deicide-anuncia-la-fecha-de-salida-de-su-nuevo-cd#primaryimage"},"thumbnailUrl":"http:\/\/www.metal-archives.com\/images\/1\/4\/8\/148_logo.png","keywords":["deicide","in the minds of evil","jason suecof","nuevo disco deicide"],"articleSection":["Noticias del mes"],"inLanguage":"es","potentialAction":[{"@type":"CommentAction","name":"Comment","target":["https:\/\/www.todoheavymetal.com\/index.php\/noticias-del-mes\/deicide-anuncia-la-fecha-de-salida-de-su-nuevo-cd#respond"]}]},{"@type":"WebPage","@id":"https:\/\/www.todoheavymetal.com\/index.php\/noticias-del-mes\/deicide-anuncia-la-fecha-de-salida-de-su-nuevo-cd","url":"https:\/\/www.todoheavymetal.com\/index.php\/noticias-del-mes\/deicide-anuncia-la-fecha-de-salida-de-su-nuevo-cd","name":"DEICIDE ANUNCIA LA FECHA DE SALIDA DE SU NUEVO CD - HEAVY METAL - NOTICIAS HEAVY METAL","isPartOf":{"@id":"https:\/\/www.todoheavymetal.com\/#website"},"primaryImageOfPage":{"@id":"https:\/\/www.todoheavymetal.com\/index.php\/noticias-del-mes\/deicide-anuncia-la-fecha-de-salida-de-su-nuevo-cd#primaryimage"},"image":{"@id":"https:\/\/www.todoheavymetal.com\/index.php\/noticias-del-mes\/deicide-anuncia-la-fecha-de-salida-de-su-nuevo-cd#primaryimage"},"thumbnailUrl":"http:\/\/www.metal-archives.com\/images\/1\/4\/8\/148_logo.png","datePublished":"2013-09-04T09:34:05+00:00","author":{"@id":"https:\/\/www.todoheavymetal.com\/#\/schema\/person\/aa098e79c44b992ec2357a75883ed217"},"breadcrumb":{"@id":"https:\/\/www.todoheavymetal.com\/index.php\/noticias-del-mes\/deicide-anuncia-la-fecha-de-salida-de-su-nuevo-cd#breadcrumb"},"inLanguage":"es","potentialAction":[{"@type":"ReadAction","target":["https:\/\/www.todoheavymetal.com\/index.php\/noticias-del-mes\/deicide-anuncia-la-fecha-de-salida-de-su-nuevo-cd"]}]},{"@type":"ImageObject","inLanguage":"es","@id":"https:\/\/www.todoheavymetal.com\/index.php\/noticias-del-mes\/deicide-anuncia-la-fecha-de-salida-de-su-nuevo-cd#primaryimage","url":"http:\/\/www.metal-archives.com\/images\/1\/4\/8\/148_logo.png","contentUrl":"http:\/\/www.metal-archives.com\/images\/1\/4\/8\/148_logo.png"},{"@type":"BreadcrumbList","@id":"https:\/\/www.todoheavymetal.com\/index.php\/noticias-del-mes\/deicide-anuncia-la-fecha-de-salida-de-su-nuevo-cd#breadcrumb","itemListElement":[{"@type":"ListItem","position":1,"name":"Portada","item":"https:\/\/www.todoheavymetal.com\/"},{"@type":"ListItem","position":2,"name":"DEICIDE ANUNCIA LA FECHA DE SALIDA DE SU NUEVO CD"}]},{"@type":"WebSite","@id":"https:\/\/www.todoheavymetal.com\/#website","url":"https:\/\/www.todoheavymetal.com\/","name":"todoheavymetal.com","description":"heavy metal - noticias heavy metal - todoheavymetal","potentialAction":[{"@type":"SearchAction","target":{"@type":"EntryPoint","urlTemplate":"https:\/\/www.todoheavymetal.com\/?s={search_term_string}"},"query-input":{"@type":"PropertyValueSpecification","valueRequired":true,"valueName":"search_term_string"}}],"inLanguage":"es"},{"@type":"Person","@id":"https:\/\/www.todoheavymetal.com\/#\/schema\/person\/aa098e79c44b992ec2357a75883ed217","name":"Javi","image":{"@type":"ImageObject","inLanguage":"es","@id":"https:\/\/secure.gravatar.com\/avatar\/ad9699b1143ed4017d23ce58fa9d83e0375bd1368122b157550ad77cd28bdfdf?s=96&d=monsterid&r=g","url":"https:\/\/secure.gravatar.com\/avatar\/ad9699b1143ed4017d23ce58fa9d83e0375bd1368122b157550ad77cd28bdfdf?s=96&d=monsterid&r=g","contentUrl":"https:\/\/secure.gravatar.com\/avatar\/ad9699b1143ed4017d23ce58fa9d83e0375bd1368122b157550ad77cd28bdfdf?s=96&d=monsterid&r=g","caption":"Javi"},"url":"https:\/\/www.todoheavymetal.com\/index.php\/author\/javipelos"}]}},"_links":{"self":[{"href":"https:\/\/www.todoheavymetal.com\/index.php\/wp-json\/wp\/v2\/posts\/23109","targetHints":{"allow":["GET"]}}],"collection":[{"href":"https:\/\/www.todoheavymetal.com\/index.php\/wp-json\/wp\/v2\/posts"}],"about":[{"href":"https:\/\/www.todoheavymetal.com\/index.php\/wp-json\/wp\/v2\/types\/post"}],"author":[{"embeddable":true,"href":"https:\/\/www.todoheavymetal.com\/index.php\/wp-json\/wp\/v2\/users\/4"}],"replies":[{"embeddable":true,"href":"https:\/\/www.todoheavymetal.com\/index.php\/wp-json\/wp\/v2\/comments?post=23109"}],"version-history":[{"count":1,"href":"https:\/\/www.todoheavymetal.com\/index.php\/wp-json\/wp\/v2\/posts\/23109\/revisions"}],"predecessor-version":[{"id":23110,"href":"https:\/\/www.todoheavymetal.com\/index.php\/wp-json\/wp\/v2\/posts\/23109\/revisions\/23110"}],"wp:attachment":[{"href":"https:\/\/www.todoheavymetal.com\/index.php\/wp-json\/wp\/v2\/media?parent=23109"}],"wp:term":[{"taxonomy":"category","embeddable":true,"href":"https:\/\/www.todoheavymetal.com\/index.php\/wp-json\/wp\/v2\/categories?post=23109"},{"taxonomy":"post_tag","embeddable":true,"href":"https:\/\/www.todoheavymetal.com\/index.php\/wp-json\/wp\/v2\/tags?post=23109"}],"curies":[{"name":"wp","href":"https:\/\/api.w.org\/{rel}","templated":true}]}}