{"id":22885,"date":"2013-08-24T15:16:22","date_gmt":"2013-08-24T13:16:22","guid":{"rendered":"http:\/\/www.todoheavymetal.com\/?p=22885"},"modified":"2013-08-23T19:21:02","modified_gmt":"2013-08-23T17:21:02","slug":"comunicado-de-jose-andrea-tras-su-hospitalizacion","status":"publish","type":"post","link":"https:\/\/www.todoheavymetal.com\/index.php\/noticias-del-mes\/comunicado-de-jose-andrea-tras-su-hospitalizacion","title":{"rendered":"COMUNICADO DE JOSE ANDREA TRAS SU HOSPITALIZACI\u00d3N"},"content":{"rendered":"<p><img loading=\"lazy\" decoding=\"async\" class=\"aligncenter\" alt=\"\" src=\"https:\/\/sphotos-a-mad.xx.fbcdn.net\/hphotos-frc1\/401618_300308380019443_1018697114_n.jpg\" width=\"508\" height=\"388\" \/>El vocalista Jos\u00e9 Andrea tuvo que ser operado de urgencia el pasado d\u00eda 22 de agosto, debido a una pancreatitis aguda. Os dejamos el comunicado que ha hecho p\u00fablico la banda:<\/p>\n<p><i>\u201cA los fans, promotores y medios de comunicaci\u00f3n:\u00a0<\/i><\/p>\n<p><i>En d\u00edas pasados JOS\u00c9 ANDR\u00cbA Y UR\u00d3BOROS se vieron en la necesidad de cancelar una presentaci\u00f3n en TOLILLA DE ALISTE (ZAMORA), al estar su vocalista Jos\u00e9 Andrea hospitalizado; la situaci\u00f3n se complic\u00f3 y no ha salido del hospital.\u00a0<\/i><\/p>\n<p><i>Los m\u00e9dicos han recomendado posponer sus presentaciones en tanto no est\u00e9 al 100% recuperado, por lo cual, se ha tomado la nada grata decisi\u00f3n de aplazar la gira.\u00a0<\/i><\/p>\n<p><i>Los boletos adquiridos ser\u00e1n 100% v\u00e1lidos en el momento de reagendar las fechas, repetimos: NO ES UNA CANCELACI\u00d3N, ES UNA POSPOSICI\u00d3N POR CAUSAS M\u00c9DICAS.\u00a0<\/i><\/p>\n<p><i>A ninguna de las partes es agradable, Jos\u00e9 y la banda est\u00e1n ansiosos de estar con sus fans pero esto est\u00e1 fuera de su control.\u00a0<\/i><\/p>\n<p><i>Por el momento estamos esperando el dictamen m\u00e9dico para poder reagendar las fechas.\u00a0<\/i><\/p>\n<p><i>Las ciudades ya confirmadas para esto son:\u00a0<\/i><\/p>\n<p><i>SAN LUIS POTOSI<br \/>\n<\/i><i>MONTERREY<br \/>\n<\/i><i>CHIHUAHUA<br \/>\n<\/i><i>CD JUAREZ<br \/>\n<\/i><i>HERMOSILLO<br \/>\n<\/i><i>LEON<br \/>\n<\/i><i>GUADALAJARA<br \/>\n<\/i><i>TOLUCA<br \/>\n<\/i><i>DF<br \/>\n<\/i><i>PUEBLA<br \/>\n<\/i><i>HUAJUAPAN, OAXACA\u00a0<\/i><\/p>\n<p><i>Esperamos su comprensi\u00f3n y apoyo a esta situaci\u00f3n\u201d.<\/i><\/p>\n","protected":false},"excerpt":{"rendered":"<p>El vocalista Jos\u00e9 Andrea tuvo que ser operado de urgencia el pasado d\u00eda 22 de agosto, debido a una pancreatitis aguda. Os dejamos el comunicado que ha hecho p\u00fablico la banda: \u201cA los fans, promotores y medios de comunicaci\u00f3n:\u00a0 En d\u00edas pasados JOS\u00c9 ANDR\u00cbA Y UR\u00d3BOROS se vieron en la necesidad de cancelar una presentaci\u00f3n [&hellip;]<\/p>\n","protected":false},"author":3,"featured_media":0,"comment_status":"open","ping_status":"open","sticky":false,"template":"","format":"standard","meta":{"footnotes":""},"categories":[8],"tags":[16167,9937,6484,6,16166,832,50,16165],"class_list":["post-22885","post","type-post","status-publish","format-standard","hentry","category-noticias-del-mes","tag-aguda","tag-cancelacion","tag-jose-andrea","tag-noticias-heavy-metal","tag-pancreatitis","tag-todo-heavy-metal","tag-todoheavymetal","tag-uroboros"],"yoast_head":"<!-- This site is optimized with the Yoast SEO plugin v27.5 - https:\/\/yoast.com\/product\/yoast-seo-wordpress\/ -->\n<title>COMUNICADO DE JOSE ANDREA TRAS SU HOSPITALIZACI\u00d3N - HEAVY METAL - NOTICIAS HEAVY METAL<\/title>\n<meta name=\"robots\" content=\"index, follow, max-snippet:-1, max-image-preview:large, max-video-preview:-1\" \/>\n<link rel=\"canonical\" href=\"https:\/\/www.todoheavymetal.com\/index.php\/noticias-del-mes\/comunicado-de-jose-andrea-tras-su-hospitalizacion\" \/>\n<meta property=\"og:locale\" content=\"es_ES\" \/>\n<meta property=\"og:type\" content=\"article\" \/>\n<meta property=\"og:title\" content=\"COMUNICADO DE JOSE ANDREA TRAS SU HOSPITALIZACI\u00d3N - HEAVY METAL - NOTICIAS HEAVY METAL\" \/>\n<meta property=\"og:description\" content=\"El vocalista Jos\u00e9 Andrea tuvo que ser operado de urgencia el pasado d\u00eda 22 de agosto, debido a una pancreatitis aguda. Os dejamos el comunicado que ha hecho p\u00fablico la banda: \u201cA los fans, promotores y medios de comunicaci\u00f3n:\u00a0 En d\u00edas pasados JOS\u00c9 ANDR\u00cbA Y UR\u00d3BOROS se vieron en la necesidad de cancelar una presentaci\u00f3n [&hellip;]\" \/>\n<meta property=\"og:url\" content=\"https:\/\/www.todoheavymetal.com\/index.php\/noticias-del-mes\/comunicado-de-jose-andrea-tras-su-hospitalizacion\" \/>\n<meta property=\"og:site_name\" content=\"HEAVY METAL - NOTICIAS HEAVY METAL\" \/>\n<meta property=\"article:publisher\" content=\"https:\/\/www.facebook.com\/todoheavymetal\/\" \/>\n<meta property=\"article:published_time\" content=\"2013-08-24T13:16:22+00:00\" \/>\n<meta property=\"og:image\" content=\"https:\/\/sphotos-a-mad.xx.fbcdn.net\/hphotos-frc1\/401618_300308380019443_1018697114_n.jpg\" \/>\n<meta name=\"author\" content=\"AlbertoYayo\" \/>\n<meta name=\"twitter:card\" content=\"summary_large_image\" \/>\n<meta name=\"twitter:creator\" content=\"@todoheavymetal\" \/>\n<meta name=\"twitter:site\" content=\"@todoheavymetal\" \/>\n<meta name=\"twitter:label1\" content=\"Escrito por\" \/>\n\t<meta name=\"twitter:data1\" content=\"AlbertoYayo\" \/>\n\t<meta name=\"twitter:label2\" content=\"Tiempo de lectura\" \/>\n\t<meta name=\"twitter:data2\" content=\"1 minuto\" \/>\n<script type=\"application\/ld+json\" class=\"yoast-schema-graph\">{\"@context\":\"https:\\\/\\\/schema.org\",\"@graph\":[{\"@type\":\"Article\",\"@id\":\"https:\\\/\\\/www.todoheavymetal.com\\\/index.php\\\/noticias-del-mes\\\/comunicado-de-jose-andrea-tras-su-hospitalizacion#article\",\"isPartOf\":{\"@id\":\"https:\\\/\\\/www.todoheavymetal.com\\\/index.php\\\/noticias-del-mes\\\/comunicado-de-jose-andrea-tras-su-hospitalizacion\"},\"author\":{\"name\":\"AlbertoYayo\",\"@id\":\"https:\\\/\\\/www.todoheavymetal.com\\\/#\\\/schema\\\/person\\\/57d916fb4e1d16a2ccad888275052069\"},\"headline\":\"COMUNICADO DE JOSE ANDREA TRAS SU HOSPITALIZACI\u00d3N\",\"datePublished\":\"2013-08-24T13:16:22+00:00\",\"mainEntityOfPage\":{\"@id\":\"https:\\\/\\\/www.todoheavymetal.com\\\/index.php\\\/noticias-del-mes\\\/comunicado-de-jose-andrea-tras-su-hospitalizacion\"},\"wordCount\":221,\"commentCount\":0,\"image\":{\"@id\":\"https:\\\/\\\/www.todoheavymetal.com\\\/index.php\\\/noticias-del-mes\\\/comunicado-de-jose-andrea-tras-su-hospitalizacion#primaryimage\"},\"thumbnailUrl\":\"https:\\\/\\\/sphotos-a-mad.xx.fbcdn.net\\\/hphotos-frc1\\\/401618_300308380019443_1018697114_n.jpg\",\"keywords\":[\"aguda\",\"cancelacion\",\"jose andrea\",\"noticias heavy metal\",\"pancreatitis\",\"todo heavy metal\",\"todoheavymetal\",\"uroboros\"],\"articleSection\":[\"Noticias del mes\"],\"inLanguage\":\"es\",\"potentialAction\":[{\"@type\":\"CommentAction\",\"name\":\"Comment\",\"target\":[\"https:\\\/\\\/www.todoheavymetal.com\\\/index.php\\\/noticias-del-mes\\\/comunicado-de-jose-andrea-tras-su-hospitalizacion#respond\"]}]},{\"@type\":\"WebPage\",\"@id\":\"https:\\\/\\\/www.todoheavymetal.com\\\/index.php\\\/noticias-del-mes\\\/comunicado-de-jose-andrea-tras-su-hospitalizacion\",\"url\":\"https:\\\/\\\/www.todoheavymetal.com\\\/index.php\\\/noticias-del-mes\\\/comunicado-de-jose-andrea-tras-su-hospitalizacion\",\"name\":\"COMUNICADO DE JOSE ANDREA TRAS SU HOSPITALIZACI\u00d3N - HEAVY METAL - NOTICIAS HEAVY METAL\",\"isPartOf\":{\"@id\":\"https:\\\/\\\/www.todoheavymetal.com\\\/#website\"},\"primaryImageOfPage\":{\"@id\":\"https:\\\/\\\/www.todoheavymetal.com\\\/index.php\\\/noticias-del-mes\\\/comunicado-de-jose-andrea-tras-su-hospitalizacion#primaryimage\"},\"image\":{\"@id\":\"https:\\\/\\\/www.todoheavymetal.com\\\/index.php\\\/noticias-del-mes\\\/comunicado-de-jose-andrea-tras-su-hospitalizacion#primaryimage\"},\"thumbnailUrl\":\"https:\\\/\\\/sphotos-a-mad.xx.fbcdn.net\\\/hphotos-frc1\\\/401618_300308380019443_1018697114_n.jpg\",\"datePublished\":\"2013-08-24T13:16:22+00:00\",\"author\":{\"@id\":\"https:\\\/\\\/www.todoheavymetal.com\\\/#\\\/schema\\\/person\\\/57d916fb4e1d16a2ccad888275052069\"},\"breadcrumb\":{\"@id\":\"https:\\\/\\\/www.todoheavymetal.com\\\/index.php\\\/noticias-del-mes\\\/comunicado-de-jose-andrea-tras-su-hospitalizacion#breadcrumb\"},\"inLanguage\":\"es\",\"potentialAction\":[{\"@type\":\"ReadAction\",\"target\":[\"https:\\\/\\\/www.todoheavymetal.com\\\/index.php\\\/noticias-del-mes\\\/comunicado-de-jose-andrea-tras-su-hospitalizacion\"]}]},{\"@type\":\"ImageObject\",\"inLanguage\":\"es\",\"@id\":\"https:\\\/\\\/www.todoheavymetal.com\\\/index.php\\\/noticias-del-mes\\\/comunicado-de-jose-andrea-tras-su-hospitalizacion#primaryimage\",\"url\":\"https:\\\/\\\/sphotos-a-mad.xx.fbcdn.net\\\/hphotos-frc1\\\/401618_300308380019443_1018697114_n.jpg\",\"contentUrl\":\"https:\\\/\\\/sphotos-a-mad.xx.fbcdn.net\\\/hphotos-frc1\\\/401618_300308380019443_1018697114_n.jpg\"},{\"@type\":\"BreadcrumbList\",\"@id\":\"https:\\\/\\\/www.todoheavymetal.com\\\/index.php\\\/noticias-del-mes\\\/comunicado-de-jose-andrea-tras-su-hospitalizacion#breadcrumb\",\"itemListElement\":[{\"@type\":\"ListItem\",\"position\":1,\"name\":\"Portada\",\"item\":\"https:\\\/\\\/www.todoheavymetal.com\\\/\"},{\"@type\":\"ListItem\",\"position\":2,\"name\":\"COMUNICADO DE JOSE ANDREA TRAS SU HOSPITALIZACI\u00d3N\"}]},{\"@type\":\"WebSite\",\"@id\":\"https:\\\/\\\/www.todoheavymetal.com\\\/#website\",\"url\":\"https:\\\/\\\/www.todoheavymetal.com\\\/\",\"name\":\"todoheavymetal.com\",\"description\":\"heavy metal - noticias heavy metal - todoheavymetal\",\"potentialAction\":[{\"@type\":\"SearchAction\",\"target\":{\"@type\":\"EntryPoint\",\"urlTemplate\":\"https:\\\/\\\/www.todoheavymetal.com\\\/?s={search_term_string}\"},\"query-input\":{\"@type\":\"PropertyValueSpecification\",\"valueRequired\":true,\"valueName\":\"search_term_string\"}}],\"inLanguage\":\"es\"},{\"@type\":\"Person\",\"@id\":\"https:\\\/\\\/www.todoheavymetal.com\\\/#\\\/schema\\\/person\\\/57d916fb4e1d16a2ccad888275052069\",\"name\":\"AlbertoYayo\",\"image\":{\"@type\":\"ImageObject\",\"inLanguage\":\"es\",\"@id\":\"https:\\\/\\\/secure.gravatar.com\\\/avatar\\\/d43cf036677a4a40406038bbd068378df363a3d070040ae38507861b82fd26f0?s=96&d=monsterid&r=g\",\"url\":\"https:\\\/\\\/secure.gravatar.com\\\/avatar\\\/d43cf036677a4a40406038bbd068378df363a3d070040ae38507861b82fd26f0?s=96&d=monsterid&r=g\",\"contentUrl\":\"https:\\\/\\\/secure.gravatar.com\\\/avatar\\\/d43cf036677a4a40406038bbd068378df363a3d070040ae38507861b82fd26f0?s=96&d=monsterid&r=g\",\"caption\":\"AlbertoYayo\"},\"url\":\"https:\\\/\\\/www.todoheavymetal.com\\\/index.php\\\/author\\\/albertoyayo\"}]}<\/script>\n<!-- \/ Yoast SEO plugin. -->","yoast_head_json":{"title":"COMUNICADO DE JOSE ANDREA TRAS SU HOSPITALIZACI\u00d3N - HEAVY METAL - NOTICIAS HEAVY METAL","robots":{"index":"index","follow":"follow","max-snippet":"max-snippet:-1","max-image-preview":"max-image-preview:large","max-video-preview":"max-video-preview:-1"},"canonical":"https:\/\/www.todoheavymetal.com\/index.php\/noticias-del-mes\/comunicado-de-jose-andrea-tras-su-hospitalizacion","og_locale":"es_ES","og_type":"article","og_title":"COMUNICADO DE JOSE ANDREA TRAS SU HOSPITALIZACI\u00d3N - HEAVY METAL - NOTICIAS HEAVY METAL","og_description":"El vocalista Jos\u00e9 Andrea tuvo que ser operado de urgencia el pasado d\u00eda 22 de agosto, debido a una pancreatitis aguda. Os dejamos el comunicado que ha hecho p\u00fablico la banda: \u201cA los fans, promotores y medios de comunicaci\u00f3n:\u00a0 En d\u00edas pasados JOS\u00c9 ANDR\u00cbA Y UR\u00d3BOROS se vieron en la necesidad de cancelar una presentaci\u00f3n [&hellip;]","og_url":"https:\/\/www.todoheavymetal.com\/index.php\/noticias-del-mes\/comunicado-de-jose-andrea-tras-su-hospitalizacion","og_site_name":"HEAVY METAL - NOTICIAS HEAVY METAL","article_publisher":"https:\/\/www.facebook.com\/todoheavymetal\/","article_published_time":"2013-08-24T13:16:22+00:00","og_image":[{"url":"https:\/\/sphotos-a-mad.xx.fbcdn.net\/hphotos-frc1\/401618_300308380019443_1018697114_n.jpg","type":"","width":"","height":""}],"author":"AlbertoYayo","twitter_card":"summary_large_image","twitter_creator":"@todoheavymetal","twitter_site":"@todoheavymetal","twitter_misc":{"Escrito por":"AlbertoYayo","Tiempo de lectura":"1 minuto"},"schema":{"@context":"https:\/\/schema.org","@graph":[{"@type":"Article","@id":"https:\/\/www.todoheavymetal.com\/index.php\/noticias-del-mes\/comunicado-de-jose-andrea-tras-su-hospitalizacion#article","isPartOf":{"@id":"https:\/\/www.todoheavymetal.com\/index.php\/noticias-del-mes\/comunicado-de-jose-andrea-tras-su-hospitalizacion"},"author":{"name":"AlbertoYayo","@id":"https:\/\/www.todoheavymetal.com\/#\/schema\/person\/57d916fb4e1d16a2ccad888275052069"},"headline":"COMUNICADO DE JOSE ANDREA TRAS SU HOSPITALIZACI\u00d3N","datePublished":"2013-08-24T13:16:22+00:00","mainEntityOfPage":{"@id":"https:\/\/www.todoheavymetal.com\/index.php\/noticias-del-mes\/comunicado-de-jose-andrea-tras-su-hospitalizacion"},"wordCount":221,"commentCount":0,"image":{"@id":"https:\/\/www.todoheavymetal.com\/index.php\/noticias-del-mes\/comunicado-de-jose-andrea-tras-su-hospitalizacion#primaryimage"},"thumbnailUrl":"https:\/\/sphotos-a-mad.xx.fbcdn.net\/hphotos-frc1\/401618_300308380019443_1018697114_n.jpg","keywords":["aguda","cancelacion","jose andrea","noticias heavy metal","pancreatitis","todo heavy metal","todoheavymetal","uroboros"],"articleSection":["Noticias del mes"],"inLanguage":"es","potentialAction":[{"@type":"CommentAction","name":"Comment","target":["https:\/\/www.todoheavymetal.com\/index.php\/noticias-del-mes\/comunicado-de-jose-andrea-tras-su-hospitalizacion#respond"]}]},{"@type":"WebPage","@id":"https:\/\/www.todoheavymetal.com\/index.php\/noticias-del-mes\/comunicado-de-jose-andrea-tras-su-hospitalizacion","url":"https:\/\/www.todoheavymetal.com\/index.php\/noticias-del-mes\/comunicado-de-jose-andrea-tras-su-hospitalizacion","name":"COMUNICADO DE JOSE ANDREA TRAS SU HOSPITALIZACI\u00d3N - HEAVY METAL - NOTICIAS HEAVY METAL","isPartOf":{"@id":"https:\/\/www.todoheavymetal.com\/#website"},"primaryImageOfPage":{"@id":"https:\/\/www.todoheavymetal.com\/index.php\/noticias-del-mes\/comunicado-de-jose-andrea-tras-su-hospitalizacion#primaryimage"},"image":{"@id":"https:\/\/www.todoheavymetal.com\/index.php\/noticias-del-mes\/comunicado-de-jose-andrea-tras-su-hospitalizacion#primaryimage"},"thumbnailUrl":"https:\/\/sphotos-a-mad.xx.fbcdn.net\/hphotos-frc1\/401618_300308380019443_1018697114_n.jpg","datePublished":"2013-08-24T13:16:22+00:00","author":{"@id":"https:\/\/www.todoheavymetal.com\/#\/schema\/person\/57d916fb4e1d16a2ccad888275052069"},"breadcrumb":{"@id":"https:\/\/www.todoheavymetal.com\/index.php\/noticias-del-mes\/comunicado-de-jose-andrea-tras-su-hospitalizacion#breadcrumb"},"inLanguage":"es","potentialAction":[{"@type":"ReadAction","target":["https:\/\/www.todoheavymetal.com\/index.php\/noticias-del-mes\/comunicado-de-jose-andrea-tras-su-hospitalizacion"]}]},{"@type":"ImageObject","inLanguage":"es","@id":"https:\/\/www.todoheavymetal.com\/index.php\/noticias-del-mes\/comunicado-de-jose-andrea-tras-su-hospitalizacion#primaryimage","url":"https:\/\/sphotos-a-mad.xx.fbcdn.net\/hphotos-frc1\/401618_300308380019443_1018697114_n.jpg","contentUrl":"https:\/\/sphotos-a-mad.xx.fbcdn.net\/hphotos-frc1\/401618_300308380019443_1018697114_n.jpg"},{"@type":"BreadcrumbList","@id":"https:\/\/www.todoheavymetal.com\/index.php\/noticias-del-mes\/comunicado-de-jose-andrea-tras-su-hospitalizacion#breadcrumb","itemListElement":[{"@type":"ListItem","position":1,"name":"Portada","item":"https:\/\/www.todoheavymetal.com\/"},{"@type":"ListItem","position":2,"name":"COMUNICADO DE JOSE ANDREA TRAS SU HOSPITALIZACI\u00d3N"}]},{"@type":"WebSite","@id":"https:\/\/www.todoheavymetal.com\/#website","url":"https:\/\/www.todoheavymetal.com\/","name":"todoheavymetal.com","description":"heavy metal - noticias heavy metal - todoheavymetal","potentialAction":[{"@type":"SearchAction","target":{"@type":"EntryPoint","urlTemplate":"https:\/\/www.todoheavymetal.com\/?s={search_term_string}"},"query-input":{"@type":"PropertyValueSpecification","valueRequired":true,"valueName":"search_term_string"}}],"inLanguage":"es"},{"@type":"Person","@id":"https:\/\/www.todoheavymetal.com\/#\/schema\/person\/57d916fb4e1d16a2ccad888275052069","name":"AlbertoYayo","image":{"@type":"ImageObject","inLanguage":"es","@id":"https:\/\/secure.gravatar.com\/avatar\/d43cf036677a4a40406038bbd068378df363a3d070040ae38507861b82fd26f0?s=96&d=monsterid&r=g","url":"https:\/\/secure.gravatar.com\/avatar\/d43cf036677a4a40406038bbd068378df363a3d070040ae38507861b82fd26f0?s=96&d=monsterid&r=g","contentUrl":"https:\/\/secure.gravatar.com\/avatar\/d43cf036677a4a40406038bbd068378df363a3d070040ae38507861b82fd26f0?s=96&d=monsterid&r=g","caption":"AlbertoYayo"},"url":"https:\/\/www.todoheavymetal.com\/index.php\/author\/albertoyayo"}]}},"_links":{"self":[{"href":"https:\/\/www.todoheavymetal.com\/index.php\/wp-json\/wp\/v2\/posts\/22885","targetHints":{"allow":["GET"]}}],"collection":[{"href":"https:\/\/www.todoheavymetal.com\/index.php\/wp-json\/wp\/v2\/posts"}],"about":[{"href":"https:\/\/www.todoheavymetal.com\/index.php\/wp-json\/wp\/v2\/types\/post"}],"author":[{"embeddable":true,"href":"https:\/\/www.todoheavymetal.com\/index.php\/wp-json\/wp\/v2\/users\/3"}],"replies":[{"embeddable":true,"href":"https:\/\/www.todoheavymetal.com\/index.php\/wp-json\/wp\/v2\/comments?post=22885"}],"version-history":[{"count":2,"href":"https:\/\/www.todoheavymetal.com\/index.php\/wp-json\/wp\/v2\/posts\/22885\/revisions"}],"predecessor-version":[{"id":22887,"href":"https:\/\/www.todoheavymetal.com\/index.php\/wp-json\/wp\/v2\/posts\/22885\/revisions\/22887"}],"wp:attachment":[{"href":"https:\/\/www.todoheavymetal.com\/index.php\/wp-json\/wp\/v2\/media?parent=22885"}],"wp:term":[{"taxonomy":"category","embeddable":true,"href":"https:\/\/www.todoheavymetal.com\/index.php\/wp-json\/wp\/v2\/categories?post=22885"},{"taxonomy":"post_tag","embeddable":true,"href":"https:\/\/www.todoheavymetal.com\/index.php\/wp-json\/wp\/v2\/tags?post=22885"}],"curies":[{"name":"wp","href":"https:\/\/api.w.org\/{rel}","templated":true}]}}