{"id":22345,"date":"2013-08-04T18:30:12","date_gmt":"2013-08-04T16:30:12","guid":{"rendered":"http:\/\/www.todoheavymetal.com\/?p=22345"},"modified":"2013-08-01T12:33:12","modified_gmt":"2013-08-01T10:33:12","slug":"el-comillas-metal-fest-en-noviembre","status":"publish","type":"post","link":"https:\/\/www.todoheavymetal.com\/index.php\/noticias-del-mes\/el-comillas-metal-fest-en-noviembre","title":{"rendered":"EL COMILLAS METAL FEST EN NOVIEMBRE"},"content":{"rendered":"<p style=\"text-align: justify;\">El pr\u00f3ximo 1 de noviembre se celebrar\u00e1 la primera edici\u00f3n del <i>Comillas Metal Fest<\/i> en la localidad c\u00e1ntabra de Comillas. \u00a0La propia organizaci\u00f3n nos lo cuenta \u201c<i>Comillas Metal Fest nace en 2013 con la idea de consolidarse y con los a\u00f1os poder a ser un festival de varios d\u00edas y al aire libre<\/i>\u201d.<\/p>\n<p style=\"text-align: justify;\">El primer cartel del <i>Comillas Metal Fest<\/i> contar\u00e1 con la participaci\u00f3n de PANDEMIA, DEATH &amp; LEGACY, ETHOS, SOLDIER y como cabeza de cartel los manchegos ANGELUS APATRIDA.<\/p>\n<p style=\"text-align: justify;\">El festival se celebrar\u00e1 en la sala Pamara.<\/p>\n<p style=\"text-align: justify;\">Las entradas anticipadas cuestan 12\u20ac. Las puedes comprar en Tipo Santander, Manuel Mu\u00f1oz (Torrelavega), La Far\u00e1ndula (Comillas) y en www.kulturalive.com.<\/p>\n<p style=\"text-align: center;\"><img loading=\"lazy\" decoding=\"async\" class=\"aligncenter\" alt=\"\" src=\"http:\/\/www.ethosmetal.com\/wp-content\/uploads\/2013\/07\/ETHOS-en-el-Comillas-Metal-Fest-01-11-13-Sala-Pamara-Comillas-.jpg\" width=\"484\" height=\"680\" \/><\/p>\n","protected":false},"excerpt":{"rendered":"<p>El pr\u00f3ximo 1 de noviembre se celebrar\u00e1 la primera edici\u00f3n del Comillas Metal Fest en la localidad c\u00e1ntabra de Comillas. \u00a0La propia organizaci\u00f3n nos lo cuenta \u201cComillas Metal Fest nace en 2013 con la idea de consolidarse y con los a\u00f1os poder a ser un festival de varios d\u00edas y al aire libre\u201d. El primer [&hellip;]<\/p>\n","protected":false},"author":4,"featured_media":0,"comment_status":"open","ping_status":"open","sticky":false,"template":"","format":"standard","meta":{"footnotes":""},"categories":[8],"tags":[1010,15694,15696,15699,8546,15703,15698,15701,15695,15050,15702,15697,2020,10757,15700,4693],"class_list":["post-22345","post","type-post","status-publish","format-standard","hentry","category-noticias-del-mes","tag-angelus-apatrida","tag-comillas-metal-fest","tag-concierto-angelus-apatrida-sala-pamara","tag-concierto-ethos-sala-pamara","tag-conciertos-angelus-apatrida","tag-conciertos-death-legacy","tag-conciertos-ethos","tag-conciertos-pandemia","tag-conciertos-sala-pamara","tag-conciertos-soldier","tag-death-legacy","tag-ethos","tag-festivales-heavy-metal","tag-festivales-thrash-metal","tag-pandemia","tag-soldier"],"yoast_head":"<!-- This site is optimized with the Yoast SEO plugin v27.5 - https:\/\/yoast.com\/product\/yoast-seo-wordpress\/ -->\n<title>EL COMILLAS METAL FEST EN NOVIEMBRE - HEAVY METAL - NOTICIAS HEAVY METAL<\/title>\n<meta name=\"robots\" content=\"index, follow, max-snippet:-1, max-image-preview:large, max-video-preview:-1\" \/>\n<link rel=\"canonical\" href=\"https:\/\/www.todoheavymetal.com\/index.php\/noticias-del-mes\/el-comillas-metal-fest-en-noviembre\" \/>\n<meta property=\"og:locale\" content=\"es_ES\" \/>\n<meta property=\"og:type\" content=\"article\" \/>\n<meta property=\"og:title\" content=\"EL COMILLAS METAL FEST EN NOVIEMBRE - HEAVY METAL - NOTICIAS HEAVY METAL\" \/>\n<meta property=\"og:description\" content=\"El pr\u00f3ximo 1 de noviembre se celebrar\u00e1 la primera edici\u00f3n del Comillas Metal Fest en la localidad c\u00e1ntabra de Comillas. \u00a0La propia organizaci\u00f3n nos lo cuenta \u201cComillas Metal Fest nace en 2013 con la idea de consolidarse y con los a\u00f1os poder a ser un festival de varios d\u00edas y al aire libre\u201d. El primer [&hellip;]\" \/>\n<meta property=\"og:url\" content=\"https:\/\/www.todoheavymetal.com\/index.php\/noticias-del-mes\/el-comillas-metal-fest-en-noviembre\" \/>\n<meta property=\"og:site_name\" content=\"HEAVY METAL - NOTICIAS HEAVY METAL\" \/>\n<meta property=\"article:publisher\" content=\"https:\/\/www.facebook.com\/todoheavymetal\/\" \/>\n<meta property=\"article:published_time\" content=\"2013-08-04T16:30:12+00:00\" \/>\n<meta property=\"og:image\" content=\"http:\/\/www.ethosmetal.com\/wp-content\/uploads\/2013\/07\/ETHOS-en-el-Comillas-Metal-Fest-01-11-13-Sala-Pamara-Comillas-.jpg\" \/>\n<meta name=\"author\" content=\"Javi\" \/>\n<meta name=\"twitter:card\" content=\"summary_large_image\" \/>\n<meta name=\"twitter:creator\" content=\"@todoheavymetal\" \/>\n<meta name=\"twitter:site\" content=\"@todoheavymetal\" \/>\n<meta name=\"twitter:label1\" content=\"Escrito por\" \/>\n\t<meta name=\"twitter:data1\" content=\"Javi\" \/>\n\t<meta name=\"twitter:label2\" content=\"Tiempo de lectura\" \/>\n\t<meta name=\"twitter:data2\" content=\"1 minuto\" \/>\n<script type=\"application\/ld+json\" class=\"yoast-schema-graph\">{\"@context\":\"https:\\\/\\\/schema.org\",\"@graph\":[{\"@type\":\"Article\",\"@id\":\"https:\\\/\\\/www.todoheavymetal.com\\\/index.php\\\/noticias-del-mes\\\/el-comillas-metal-fest-en-noviembre#article\",\"isPartOf\":{\"@id\":\"https:\\\/\\\/www.todoheavymetal.com\\\/index.php\\\/noticias-del-mes\\\/el-comillas-metal-fest-en-noviembre\"},\"author\":{\"name\":\"Javi\",\"@id\":\"https:\\\/\\\/www.todoheavymetal.com\\\/#\\\/schema\\\/person\\\/aa098e79c44b992ec2357a75883ed217\"},\"headline\":\"EL COMILLAS METAL FEST EN NOVIEMBRE\",\"datePublished\":\"2013-08-04T16:30:12+00:00\",\"mainEntityOfPage\":{\"@id\":\"https:\\\/\\\/www.todoheavymetal.com\\\/index.php\\\/noticias-del-mes\\\/el-comillas-metal-fest-en-noviembre\"},\"wordCount\":122,\"commentCount\":0,\"image\":{\"@id\":\"https:\\\/\\\/www.todoheavymetal.com\\\/index.php\\\/noticias-del-mes\\\/el-comillas-metal-fest-en-noviembre#primaryimage\"},\"thumbnailUrl\":\"http:\\\/\\\/www.ethosmetal.com\\\/wp-content\\\/uploads\\\/2013\\\/07\\\/ETHOS-en-el-Comillas-Metal-Fest-01-11-13-Sala-Pamara-Comillas-.jpg\",\"keywords\":[\"angelus apatrida\",\"comillas metal fest\",\"concierto angelus apatrida sala pamara\",\"concierto ethos sala pamara\",\"conciertos angelus apatrida\",\"conciertos death &amp; legacy\",\"conciertos ethos\",\"conciertos pandemia\",\"conciertos sala pamara\",\"conciertos soldier\",\"death &amp; legacy\",\"ethos\",\"festivales heavy metal\",\"festivales thrash metal\",\"pandemia\",\"soldier\"],\"articleSection\":[\"Noticias del mes\"],\"inLanguage\":\"es\",\"potentialAction\":[{\"@type\":\"CommentAction\",\"name\":\"Comment\",\"target\":[\"https:\\\/\\\/www.todoheavymetal.com\\\/index.php\\\/noticias-del-mes\\\/el-comillas-metal-fest-en-noviembre#respond\"]}]},{\"@type\":\"WebPage\",\"@id\":\"https:\\\/\\\/www.todoheavymetal.com\\\/index.php\\\/noticias-del-mes\\\/el-comillas-metal-fest-en-noviembre\",\"url\":\"https:\\\/\\\/www.todoheavymetal.com\\\/index.php\\\/noticias-del-mes\\\/el-comillas-metal-fest-en-noviembre\",\"name\":\"EL COMILLAS METAL FEST EN NOVIEMBRE - HEAVY METAL - NOTICIAS HEAVY METAL\",\"isPartOf\":{\"@id\":\"https:\\\/\\\/www.todoheavymetal.com\\\/#website\"},\"primaryImageOfPage\":{\"@id\":\"https:\\\/\\\/www.todoheavymetal.com\\\/index.php\\\/noticias-del-mes\\\/el-comillas-metal-fest-en-noviembre#primaryimage\"},\"image\":{\"@id\":\"https:\\\/\\\/www.todoheavymetal.com\\\/index.php\\\/noticias-del-mes\\\/el-comillas-metal-fest-en-noviembre#primaryimage\"},\"thumbnailUrl\":\"http:\\\/\\\/www.ethosmetal.com\\\/wp-content\\\/uploads\\\/2013\\\/07\\\/ETHOS-en-el-Comillas-Metal-Fest-01-11-13-Sala-Pamara-Comillas-.jpg\",\"datePublished\":\"2013-08-04T16:30:12+00:00\",\"author\":{\"@id\":\"https:\\\/\\\/www.todoheavymetal.com\\\/#\\\/schema\\\/person\\\/aa098e79c44b992ec2357a75883ed217\"},\"breadcrumb\":{\"@id\":\"https:\\\/\\\/www.todoheavymetal.com\\\/index.php\\\/noticias-del-mes\\\/el-comillas-metal-fest-en-noviembre#breadcrumb\"},\"inLanguage\":\"es\",\"potentialAction\":[{\"@type\":\"ReadAction\",\"target\":[\"https:\\\/\\\/www.todoheavymetal.com\\\/index.php\\\/noticias-del-mes\\\/el-comillas-metal-fest-en-noviembre\"]}]},{\"@type\":\"ImageObject\",\"inLanguage\":\"es\",\"@id\":\"https:\\\/\\\/www.todoheavymetal.com\\\/index.php\\\/noticias-del-mes\\\/el-comillas-metal-fest-en-noviembre#primaryimage\",\"url\":\"http:\\\/\\\/www.ethosmetal.com\\\/wp-content\\\/uploads\\\/2013\\\/07\\\/ETHOS-en-el-Comillas-Metal-Fest-01-11-13-Sala-Pamara-Comillas-.jpg\",\"contentUrl\":\"http:\\\/\\\/www.ethosmetal.com\\\/wp-content\\\/uploads\\\/2013\\\/07\\\/ETHOS-en-el-Comillas-Metal-Fest-01-11-13-Sala-Pamara-Comillas-.jpg\"},{\"@type\":\"BreadcrumbList\",\"@id\":\"https:\\\/\\\/www.todoheavymetal.com\\\/index.php\\\/noticias-del-mes\\\/el-comillas-metal-fest-en-noviembre#breadcrumb\",\"itemListElement\":[{\"@type\":\"ListItem\",\"position\":1,\"name\":\"Portada\",\"item\":\"https:\\\/\\\/www.todoheavymetal.com\\\/\"},{\"@type\":\"ListItem\",\"position\":2,\"name\":\"EL COMILLAS METAL FEST EN NOVIEMBRE\"}]},{\"@type\":\"WebSite\",\"@id\":\"https:\\\/\\\/www.todoheavymetal.com\\\/#website\",\"url\":\"https:\\\/\\\/www.todoheavymetal.com\\\/\",\"name\":\"todoheavymetal.com\",\"description\":\"heavy metal - noticias heavy metal - todoheavymetal\",\"potentialAction\":[{\"@type\":\"SearchAction\",\"target\":{\"@type\":\"EntryPoint\",\"urlTemplate\":\"https:\\\/\\\/www.todoheavymetal.com\\\/?s={search_term_string}\"},\"query-input\":{\"@type\":\"PropertyValueSpecification\",\"valueRequired\":true,\"valueName\":\"search_term_string\"}}],\"inLanguage\":\"es\"},{\"@type\":\"Person\",\"@id\":\"https:\\\/\\\/www.todoheavymetal.com\\\/#\\\/schema\\\/person\\\/aa098e79c44b992ec2357a75883ed217\",\"name\":\"Javi\",\"image\":{\"@type\":\"ImageObject\",\"inLanguage\":\"es\",\"@id\":\"https:\\\/\\\/secure.gravatar.com\\\/avatar\\\/ad9699b1143ed4017d23ce58fa9d83e0375bd1368122b157550ad77cd28bdfdf?s=96&d=monsterid&r=g\",\"url\":\"https:\\\/\\\/secure.gravatar.com\\\/avatar\\\/ad9699b1143ed4017d23ce58fa9d83e0375bd1368122b157550ad77cd28bdfdf?s=96&d=monsterid&r=g\",\"contentUrl\":\"https:\\\/\\\/secure.gravatar.com\\\/avatar\\\/ad9699b1143ed4017d23ce58fa9d83e0375bd1368122b157550ad77cd28bdfdf?s=96&d=monsterid&r=g\",\"caption\":\"Javi\"},\"url\":\"https:\\\/\\\/www.todoheavymetal.com\\\/index.php\\\/author\\\/javipelos\"}]}<\/script>\n<!-- \/ Yoast SEO plugin. -->","yoast_head_json":{"title":"EL COMILLAS METAL FEST EN NOVIEMBRE - HEAVY METAL - NOTICIAS HEAVY METAL","robots":{"index":"index","follow":"follow","max-snippet":"max-snippet:-1","max-image-preview":"max-image-preview:large","max-video-preview":"max-video-preview:-1"},"canonical":"https:\/\/www.todoheavymetal.com\/index.php\/noticias-del-mes\/el-comillas-metal-fest-en-noviembre","og_locale":"es_ES","og_type":"article","og_title":"EL COMILLAS METAL FEST EN NOVIEMBRE - HEAVY METAL - NOTICIAS HEAVY METAL","og_description":"El pr\u00f3ximo 1 de noviembre se celebrar\u00e1 la primera edici\u00f3n del Comillas Metal Fest en la localidad c\u00e1ntabra de Comillas. \u00a0La propia organizaci\u00f3n nos lo cuenta \u201cComillas Metal Fest nace en 2013 con la idea de consolidarse y con los a\u00f1os poder a ser un festival de varios d\u00edas y al aire libre\u201d. El primer [&hellip;]","og_url":"https:\/\/www.todoheavymetal.com\/index.php\/noticias-del-mes\/el-comillas-metal-fest-en-noviembre","og_site_name":"HEAVY METAL - NOTICIAS HEAVY METAL","article_publisher":"https:\/\/www.facebook.com\/todoheavymetal\/","article_published_time":"2013-08-04T16:30:12+00:00","og_image":[{"url":"http:\/\/www.ethosmetal.com\/wp-content\/uploads\/2013\/07\/ETHOS-en-el-Comillas-Metal-Fest-01-11-13-Sala-Pamara-Comillas-.jpg","type":"","width":"","height":""}],"author":"Javi","twitter_card":"summary_large_image","twitter_creator":"@todoheavymetal","twitter_site":"@todoheavymetal","twitter_misc":{"Escrito por":"Javi","Tiempo de lectura":"1 minuto"},"schema":{"@context":"https:\/\/schema.org","@graph":[{"@type":"Article","@id":"https:\/\/www.todoheavymetal.com\/index.php\/noticias-del-mes\/el-comillas-metal-fest-en-noviembre#article","isPartOf":{"@id":"https:\/\/www.todoheavymetal.com\/index.php\/noticias-del-mes\/el-comillas-metal-fest-en-noviembre"},"author":{"name":"Javi","@id":"https:\/\/www.todoheavymetal.com\/#\/schema\/person\/aa098e79c44b992ec2357a75883ed217"},"headline":"EL COMILLAS METAL FEST EN NOVIEMBRE","datePublished":"2013-08-04T16:30:12+00:00","mainEntityOfPage":{"@id":"https:\/\/www.todoheavymetal.com\/index.php\/noticias-del-mes\/el-comillas-metal-fest-en-noviembre"},"wordCount":122,"commentCount":0,"image":{"@id":"https:\/\/www.todoheavymetal.com\/index.php\/noticias-del-mes\/el-comillas-metal-fest-en-noviembre#primaryimage"},"thumbnailUrl":"http:\/\/www.ethosmetal.com\/wp-content\/uploads\/2013\/07\/ETHOS-en-el-Comillas-Metal-Fest-01-11-13-Sala-Pamara-Comillas-.jpg","keywords":["angelus apatrida","comillas metal fest","concierto angelus apatrida sala pamara","concierto ethos sala pamara","conciertos angelus apatrida","conciertos death &amp; legacy","conciertos ethos","conciertos pandemia","conciertos sala pamara","conciertos soldier","death &amp; legacy","ethos","festivales heavy metal","festivales thrash metal","pandemia","soldier"],"articleSection":["Noticias del mes"],"inLanguage":"es","potentialAction":[{"@type":"CommentAction","name":"Comment","target":["https:\/\/www.todoheavymetal.com\/index.php\/noticias-del-mes\/el-comillas-metal-fest-en-noviembre#respond"]}]},{"@type":"WebPage","@id":"https:\/\/www.todoheavymetal.com\/index.php\/noticias-del-mes\/el-comillas-metal-fest-en-noviembre","url":"https:\/\/www.todoheavymetal.com\/index.php\/noticias-del-mes\/el-comillas-metal-fest-en-noviembre","name":"EL COMILLAS METAL FEST EN NOVIEMBRE - HEAVY METAL - NOTICIAS HEAVY METAL","isPartOf":{"@id":"https:\/\/www.todoheavymetal.com\/#website"},"primaryImageOfPage":{"@id":"https:\/\/www.todoheavymetal.com\/index.php\/noticias-del-mes\/el-comillas-metal-fest-en-noviembre#primaryimage"},"image":{"@id":"https:\/\/www.todoheavymetal.com\/index.php\/noticias-del-mes\/el-comillas-metal-fest-en-noviembre#primaryimage"},"thumbnailUrl":"http:\/\/www.ethosmetal.com\/wp-content\/uploads\/2013\/07\/ETHOS-en-el-Comillas-Metal-Fest-01-11-13-Sala-Pamara-Comillas-.jpg","datePublished":"2013-08-04T16:30:12+00:00","author":{"@id":"https:\/\/www.todoheavymetal.com\/#\/schema\/person\/aa098e79c44b992ec2357a75883ed217"},"breadcrumb":{"@id":"https:\/\/www.todoheavymetal.com\/index.php\/noticias-del-mes\/el-comillas-metal-fest-en-noviembre#breadcrumb"},"inLanguage":"es","potentialAction":[{"@type":"ReadAction","target":["https:\/\/www.todoheavymetal.com\/index.php\/noticias-del-mes\/el-comillas-metal-fest-en-noviembre"]}]},{"@type":"ImageObject","inLanguage":"es","@id":"https:\/\/www.todoheavymetal.com\/index.php\/noticias-del-mes\/el-comillas-metal-fest-en-noviembre#primaryimage","url":"http:\/\/www.ethosmetal.com\/wp-content\/uploads\/2013\/07\/ETHOS-en-el-Comillas-Metal-Fest-01-11-13-Sala-Pamara-Comillas-.jpg","contentUrl":"http:\/\/www.ethosmetal.com\/wp-content\/uploads\/2013\/07\/ETHOS-en-el-Comillas-Metal-Fest-01-11-13-Sala-Pamara-Comillas-.jpg"},{"@type":"BreadcrumbList","@id":"https:\/\/www.todoheavymetal.com\/index.php\/noticias-del-mes\/el-comillas-metal-fest-en-noviembre#breadcrumb","itemListElement":[{"@type":"ListItem","position":1,"name":"Portada","item":"https:\/\/www.todoheavymetal.com\/"},{"@type":"ListItem","position":2,"name":"EL COMILLAS METAL FEST EN NOVIEMBRE"}]},{"@type":"WebSite","@id":"https:\/\/www.todoheavymetal.com\/#website","url":"https:\/\/www.todoheavymetal.com\/","name":"todoheavymetal.com","description":"heavy metal - noticias heavy metal - todoheavymetal","potentialAction":[{"@type":"SearchAction","target":{"@type":"EntryPoint","urlTemplate":"https:\/\/www.todoheavymetal.com\/?s={search_term_string}"},"query-input":{"@type":"PropertyValueSpecification","valueRequired":true,"valueName":"search_term_string"}}],"inLanguage":"es"},{"@type":"Person","@id":"https:\/\/www.todoheavymetal.com\/#\/schema\/person\/aa098e79c44b992ec2357a75883ed217","name":"Javi","image":{"@type":"ImageObject","inLanguage":"es","@id":"https:\/\/secure.gravatar.com\/avatar\/ad9699b1143ed4017d23ce58fa9d83e0375bd1368122b157550ad77cd28bdfdf?s=96&d=monsterid&r=g","url":"https:\/\/secure.gravatar.com\/avatar\/ad9699b1143ed4017d23ce58fa9d83e0375bd1368122b157550ad77cd28bdfdf?s=96&d=monsterid&r=g","contentUrl":"https:\/\/secure.gravatar.com\/avatar\/ad9699b1143ed4017d23ce58fa9d83e0375bd1368122b157550ad77cd28bdfdf?s=96&d=monsterid&r=g","caption":"Javi"},"url":"https:\/\/www.todoheavymetal.com\/index.php\/author\/javipelos"}]}},"_links":{"self":[{"href":"https:\/\/www.todoheavymetal.com\/index.php\/wp-json\/wp\/v2\/posts\/22345","targetHints":{"allow":["GET"]}}],"collection":[{"href":"https:\/\/www.todoheavymetal.com\/index.php\/wp-json\/wp\/v2\/posts"}],"about":[{"href":"https:\/\/www.todoheavymetal.com\/index.php\/wp-json\/wp\/v2\/types\/post"}],"author":[{"embeddable":true,"href":"https:\/\/www.todoheavymetal.com\/index.php\/wp-json\/wp\/v2\/users\/4"}],"replies":[{"embeddable":true,"href":"https:\/\/www.todoheavymetal.com\/index.php\/wp-json\/wp\/v2\/comments?post=22345"}],"version-history":[{"count":1,"href":"https:\/\/www.todoheavymetal.com\/index.php\/wp-json\/wp\/v2\/posts\/22345\/revisions"}],"predecessor-version":[{"id":22346,"href":"https:\/\/www.todoheavymetal.com\/index.php\/wp-json\/wp\/v2\/posts\/22345\/revisions\/22346"}],"wp:attachment":[{"href":"https:\/\/www.todoheavymetal.com\/index.php\/wp-json\/wp\/v2\/media?parent=22345"}],"wp:term":[{"taxonomy":"category","embeddable":true,"href":"https:\/\/www.todoheavymetal.com\/index.php\/wp-json\/wp\/v2\/categories?post=22345"},{"taxonomy":"post_tag","embeddable":true,"href":"https:\/\/www.todoheavymetal.com\/index.php\/wp-json\/wp\/v2\/tags?post=22345"}],"curies":[{"name":"wp","href":"https:\/\/api.w.org\/{rel}","templated":true}]}}