{"id":21390,"date":"2013-06-21T18:00:39","date_gmt":"2013-06-21T16:00:39","guid":{"rendered":"http:\/\/www.todoheavymetal.com\/?p=21390"},"modified":"2013-06-21T12:06:30","modified_gmt":"2013-06-21T10:06:30","slug":"suspendido-el-festival-las-13-muertes","status":"publish","type":"post","link":"https:\/\/www.todoheavymetal.com\/index.php\/noticias-del-mes\/suspendido-el-festival-las-13-muertes","title":{"rendered":"SUSPENDIDO EL FESTIVAL LAS 13 MUERTES"},"content":{"rendered":"<p style=\"text-align: justify;\"><img loading=\"lazy\" decoding=\"async\" class=\"alignleft\" alt=\"\" src=\"http:\/\/fbcdn-sphotos-d-a.akamaihd.net\/hphotos-ak-ash3\/69633_468141239923321_1113544403_n.jpg\" width=\"357\" height=\"132\" \/>El festival que se iba a celebrar el 5 y 6 de julio en Ferrol finalmente no se celebrar\u00e1. Os dejamos el comunicado de la organizaci\u00f3n explicando los motivos de la suspensi\u00f3n:<\/p>\n<p style=\"text-align: justify;\">\u00ab<em>Por causas ajenas a la organizaci\u00f3n de este festival de \u00edndole presupuestaria y ante la imposibilidad de subsanarlas (cosa que se ha intentado por todas las v\u00edas posibles) en el escaso per\u00edodo de tiempo que dista de la fecha del mismo, nos vemos obligados a suspender este evento.<\/em><\/p>\n<p style=\"text-align: justify;\"><em>Recordamos a todos los seguidores e interesados que la Asociaci\u00f3n Cultural Las 13 Muertes, es una entidad sin \u00e1nimo de lucro, por lo que este festival (al igual que las ediciones anteriores) se financia exclusivamente gracias al respaldo de entidades p\u00fablicas y privadas.<\/em><\/p>\n<p style=\"text-align: justify;\"><em>Debido a la reducci\u00f3n en n\u00famero e importe de subvenciones, no podemos permitir, muy a nuestro pesar, que este proyecto siga adelante.<\/em><\/p>\n<p style=\"text-align: justify;\"><em>Sentimos todas las molestias que se hayan podido crear y agradecemos encarecidamente la colaboraci\u00f3n y el buen entendimiento prestados fundamentalmente por las bandas invitadas a formar parte del evento.<\/em><\/p>\n<p style=\"text-align: justify;\"><em>Asimismo queremos agradecer a todos los seguidores de esta edici\u00f3n su inter\u00e9s, apoyo y disposici\u00f3n.<\/em><\/p>\n<p style=\"text-align: justify;\"><em>Para cualquier duda, consulta o aclaraci\u00f3n pod\u00e9is dirigiros a: l13mfest@gmail.com<\/em>\u00ab<\/p>\n","protected":false},"excerpt":{"rendered":"<p>El festival que se iba a celebrar el 5 y 6 de julio en Ferrol finalmente no se celebrar\u00e1. Os dejamos el comunicado de la organizaci\u00f3n explicando los motivos de la suspensi\u00f3n: \u00abPor causas ajenas a la organizaci\u00f3n de este festival de \u00edndole presupuestaria y ante la imposibilidad de subsanarlas (cosa que se ha intentado [&hellip;]<\/p>\n","protected":false},"author":4,"featured_media":0,"comment_status":"open","ping_status":"open","sticky":false,"template":"","format":"standard","meta":{"footnotes":""},"categories":[8],"tags":[5,2008,13638,2020,10757,15037],"class_list":["post-21390","post","type-post","status-publish","format-standard","hentry","category-noticias-del-mes","tag-conciertos-heavy-metal","tag-conciertos-thrash-metal","tag-festival-las-13-muertes","tag-festivales-heavy-metal","tag-festivales-thrash-metal","tag-suspendido-el-festival-las-13-muertes"],"yoast_head":"<!-- This site is optimized with the Yoast SEO plugin v27.5 - https:\/\/yoast.com\/product\/yoast-seo-wordpress\/ -->\n<title>SUSPENDIDO EL FESTIVAL LAS 13 MUERTES - HEAVY METAL - NOTICIAS HEAVY METAL<\/title>\n<meta name=\"robots\" content=\"index, follow, max-snippet:-1, max-image-preview:large, max-video-preview:-1\" \/>\n<link rel=\"canonical\" href=\"https:\/\/www.todoheavymetal.com\/index.php\/noticias-del-mes\/suspendido-el-festival-las-13-muertes\" \/>\n<meta property=\"og:locale\" content=\"es_ES\" \/>\n<meta property=\"og:type\" content=\"article\" \/>\n<meta property=\"og:title\" content=\"SUSPENDIDO EL FESTIVAL LAS 13 MUERTES - HEAVY METAL - NOTICIAS HEAVY METAL\" \/>\n<meta property=\"og:description\" content=\"El festival que se iba a celebrar el 5 y 6 de julio en Ferrol finalmente no se celebrar\u00e1. Os dejamos el comunicado de la organizaci\u00f3n explicando los motivos de la suspensi\u00f3n: \u00abPor causas ajenas a la organizaci\u00f3n de este festival de \u00edndole presupuestaria y ante la imposibilidad de subsanarlas (cosa que se ha intentado [&hellip;]\" \/>\n<meta property=\"og:url\" content=\"https:\/\/www.todoheavymetal.com\/index.php\/noticias-del-mes\/suspendido-el-festival-las-13-muertes\" \/>\n<meta property=\"og:site_name\" content=\"HEAVY METAL - NOTICIAS HEAVY METAL\" \/>\n<meta property=\"article:publisher\" content=\"https:\/\/www.facebook.com\/todoheavymetal\/\" \/>\n<meta property=\"article:published_time\" content=\"2013-06-21T16:00:39+00:00\" \/>\n<meta property=\"og:image\" content=\"http:\/\/fbcdn-sphotos-d-a.akamaihd.net\/hphotos-ak-ash3\/69633_468141239923321_1113544403_n.jpg\" \/>\n<meta name=\"author\" content=\"Javi\" \/>\n<meta name=\"twitter:card\" content=\"summary_large_image\" \/>\n<meta name=\"twitter:creator\" content=\"@todoheavymetal\" \/>\n<meta name=\"twitter:site\" content=\"@todoheavymetal\" \/>\n<meta name=\"twitter:label1\" content=\"Escrito por\" \/>\n\t<meta name=\"twitter:data1\" content=\"Javi\" \/>\n\t<meta name=\"twitter:label2\" content=\"Tiempo de lectura\" \/>\n\t<meta name=\"twitter:data2\" content=\"1 minuto\" \/>\n<script type=\"application\/ld+json\" class=\"yoast-schema-graph\">{\"@context\":\"https:\\\/\\\/schema.org\",\"@graph\":[{\"@type\":\"Article\",\"@id\":\"https:\\\/\\\/www.todoheavymetal.com\\\/index.php\\\/noticias-del-mes\\\/suspendido-el-festival-las-13-muertes#article\",\"isPartOf\":{\"@id\":\"https:\\\/\\\/www.todoheavymetal.com\\\/index.php\\\/noticias-del-mes\\\/suspendido-el-festival-las-13-muertes\"},\"author\":{\"name\":\"Javi\",\"@id\":\"https:\\\/\\\/www.todoheavymetal.com\\\/#\\\/schema\\\/person\\\/aa098e79c44b992ec2357a75883ed217\"},\"headline\":\"SUSPENDIDO EL FESTIVAL LAS 13 MUERTES\",\"datePublished\":\"2013-06-21T16:00:39+00:00\",\"mainEntityOfPage\":{\"@id\":\"https:\\\/\\\/www.todoheavymetal.com\\\/index.php\\\/noticias-del-mes\\\/suspendido-el-festival-las-13-muertes\"},\"wordCount\":219,\"commentCount\":0,\"image\":{\"@id\":\"https:\\\/\\\/www.todoheavymetal.com\\\/index.php\\\/noticias-del-mes\\\/suspendido-el-festival-las-13-muertes#primaryimage\"},\"thumbnailUrl\":\"http:\\\/\\\/fbcdn-sphotos-d-a.akamaihd.net\\\/hphotos-ak-ash3\\\/69633_468141239923321_1113544403_n.jpg\",\"keywords\":[\"conciertos heavy metal\",\"conciertos thrash metal\",\"festival las 13 muertes\",\"festivales heavy metal\",\"festivales thrash metal\",\"suspendido el festival las 13 muertes\"],\"articleSection\":[\"Noticias del mes\"],\"inLanguage\":\"es\",\"potentialAction\":[{\"@type\":\"CommentAction\",\"name\":\"Comment\",\"target\":[\"https:\\\/\\\/www.todoheavymetal.com\\\/index.php\\\/noticias-del-mes\\\/suspendido-el-festival-las-13-muertes#respond\"]}]},{\"@type\":\"WebPage\",\"@id\":\"https:\\\/\\\/www.todoheavymetal.com\\\/index.php\\\/noticias-del-mes\\\/suspendido-el-festival-las-13-muertes\",\"url\":\"https:\\\/\\\/www.todoheavymetal.com\\\/index.php\\\/noticias-del-mes\\\/suspendido-el-festival-las-13-muertes\",\"name\":\"SUSPENDIDO EL FESTIVAL LAS 13 MUERTES - HEAVY METAL - NOTICIAS HEAVY METAL\",\"isPartOf\":{\"@id\":\"https:\\\/\\\/www.todoheavymetal.com\\\/#website\"},\"primaryImageOfPage\":{\"@id\":\"https:\\\/\\\/www.todoheavymetal.com\\\/index.php\\\/noticias-del-mes\\\/suspendido-el-festival-las-13-muertes#primaryimage\"},\"image\":{\"@id\":\"https:\\\/\\\/www.todoheavymetal.com\\\/index.php\\\/noticias-del-mes\\\/suspendido-el-festival-las-13-muertes#primaryimage\"},\"thumbnailUrl\":\"http:\\\/\\\/fbcdn-sphotos-d-a.akamaihd.net\\\/hphotos-ak-ash3\\\/69633_468141239923321_1113544403_n.jpg\",\"datePublished\":\"2013-06-21T16:00:39+00:00\",\"author\":{\"@id\":\"https:\\\/\\\/www.todoheavymetal.com\\\/#\\\/schema\\\/person\\\/aa098e79c44b992ec2357a75883ed217\"},\"breadcrumb\":{\"@id\":\"https:\\\/\\\/www.todoheavymetal.com\\\/index.php\\\/noticias-del-mes\\\/suspendido-el-festival-las-13-muertes#breadcrumb\"},\"inLanguage\":\"es\",\"potentialAction\":[{\"@type\":\"ReadAction\",\"target\":[\"https:\\\/\\\/www.todoheavymetal.com\\\/index.php\\\/noticias-del-mes\\\/suspendido-el-festival-las-13-muertes\"]}]},{\"@type\":\"ImageObject\",\"inLanguage\":\"es\",\"@id\":\"https:\\\/\\\/www.todoheavymetal.com\\\/index.php\\\/noticias-del-mes\\\/suspendido-el-festival-las-13-muertes#primaryimage\",\"url\":\"http:\\\/\\\/fbcdn-sphotos-d-a.akamaihd.net\\\/hphotos-ak-ash3\\\/69633_468141239923321_1113544403_n.jpg\",\"contentUrl\":\"http:\\\/\\\/fbcdn-sphotos-d-a.akamaihd.net\\\/hphotos-ak-ash3\\\/69633_468141239923321_1113544403_n.jpg\"},{\"@type\":\"BreadcrumbList\",\"@id\":\"https:\\\/\\\/www.todoheavymetal.com\\\/index.php\\\/noticias-del-mes\\\/suspendido-el-festival-las-13-muertes#breadcrumb\",\"itemListElement\":[{\"@type\":\"ListItem\",\"position\":1,\"name\":\"Portada\",\"item\":\"https:\\\/\\\/www.todoheavymetal.com\\\/\"},{\"@type\":\"ListItem\",\"position\":2,\"name\":\"SUSPENDIDO EL FESTIVAL LAS 13 MUERTES\"}]},{\"@type\":\"WebSite\",\"@id\":\"https:\\\/\\\/www.todoheavymetal.com\\\/#website\",\"url\":\"https:\\\/\\\/www.todoheavymetal.com\\\/\",\"name\":\"todoheavymetal.com\",\"description\":\"heavy metal - noticias heavy metal - todoheavymetal\",\"potentialAction\":[{\"@type\":\"SearchAction\",\"target\":{\"@type\":\"EntryPoint\",\"urlTemplate\":\"https:\\\/\\\/www.todoheavymetal.com\\\/?s={search_term_string}\"},\"query-input\":{\"@type\":\"PropertyValueSpecification\",\"valueRequired\":true,\"valueName\":\"search_term_string\"}}],\"inLanguage\":\"es\"},{\"@type\":\"Person\",\"@id\":\"https:\\\/\\\/www.todoheavymetal.com\\\/#\\\/schema\\\/person\\\/aa098e79c44b992ec2357a75883ed217\",\"name\":\"Javi\",\"image\":{\"@type\":\"ImageObject\",\"inLanguage\":\"es\",\"@id\":\"https:\\\/\\\/secure.gravatar.com\\\/avatar\\\/ad9699b1143ed4017d23ce58fa9d83e0375bd1368122b157550ad77cd28bdfdf?s=96&d=monsterid&r=g\",\"url\":\"https:\\\/\\\/secure.gravatar.com\\\/avatar\\\/ad9699b1143ed4017d23ce58fa9d83e0375bd1368122b157550ad77cd28bdfdf?s=96&d=monsterid&r=g\",\"contentUrl\":\"https:\\\/\\\/secure.gravatar.com\\\/avatar\\\/ad9699b1143ed4017d23ce58fa9d83e0375bd1368122b157550ad77cd28bdfdf?s=96&d=monsterid&r=g\",\"caption\":\"Javi\"},\"url\":\"https:\\\/\\\/www.todoheavymetal.com\\\/index.php\\\/author\\\/javipelos\"}]}<\/script>\n<!-- \/ Yoast SEO plugin. -->","yoast_head_json":{"title":"SUSPENDIDO EL FESTIVAL LAS 13 MUERTES - HEAVY METAL - NOTICIAS HEAVY METAL","robots":{"index":"index","follow":"follow","max-snippet":"max-snippet:-1","max-image-preview":"max-image-preview:large","max-video-preview":"max-video-preview:-1"},"canonical":"https:\/\/www.todoheavymetal.com\/index.php\/noticias-del-mes\/suspendido-el-festival-las-13-muertes","og_locale":"es_ES","og_type":"article","og_title":"SUSPENDIDO EL FESTIVAL LAS 13 MUERTES - HEAVY METAL - NOTICIAS HEAVY METAL","og_description":"El festival que se iba a celebrar el 5 y 6 de julio en Ferrol finalmente no se celebrar\u00e1. Os dejamos el comunicado de la organizaci\u00f3n explicando los motivos de la suspensi\u00f3n: \u00abPor causas ajenas a la organizaci\u00f3n de este festival de \u00edndole presupuestaria y ante la imposibilidad de subsanarlas (cosa que se ha intentado [&hellip;]","og_url":"https:\/\/www.todoheavymetal.com\/index.php\/noticias-del-mes\/suspendido-el-festival-las-13-muertes","og_site_name":"HEAVY METAL - NOTICIAS HEAVY METAL","article_publisher":"https:\/\/www.facebook.com\/todoheavymetal\/","article_published_time":"2013-06-21T16:00:39+00:00","og_image":[{"url":"http:\/\/fbcdn-sphotos-d-a.akamaihd.net\/hphotos-ak-ash3\/69633_468141239923321_1113544403_n.jpg","type":"","width":"","height":""}],"author":"Javi","twitter_card":"summary_large_image","twitter_creator":"@todoheavymetal","twitter_site":"@todoheavymetal","twitter_misc":{"Escrito por":"Javi","Tiempo de lectura":"1 minuto"},"schema":{"@context":"https:\/\/schema.org","@graph":[{"@type":"Article","@id":"https:\/\/www.todoheavymetal.com\/index.php\/noticias-del-mes\/suspendido-el-festival-las-13-muertes#article","isPartOf":{"@id":"https:\/\/www.todoheavymetal.com\/index.php\/noticias-del-mes\/suspendido-el-festival-las-13-muertes"},"author":{"name":"Javi","@id":"https:\/\/www.todoheavymetal.com\/#\/schema\/person\/aa098e79c44b992ec2357a75883ed217"},"headline":"SUSPENDIDO EL FESTIVAL LAS 13 MUERTES","datePublished":"2013-06-21T16:00:39+00:00","mainEntityOfPage":{"@id":"https:\/\/www.todoheavymetal.com\/index.php\/noticias-del-mes\/suspendido-el-festival-las-13-muertes"},"wordCount":219,"commentCount":0,"image":{"@id":"https:\/\/www.todoheavymetal.com\/index.php\/noticias-del-mes\/suspendido-el-festival-las-13-muertes#primaryimage"},"thumbnailUrl":"http:\/\/fbcdn-sphotos-d-a.akamaihd.net\/hphotos-ak-ash3\/69633_468141239923321_1113544403_n.jpg","keywords":["conciertos heavy metal","conciertos thrash metal","festival las 13 muertes","festivales heavy metal","festivales thrash metal","suspendido el festival las 13 muertes"],"articleSection":["Noticias del mes"],"inLanguage":"es","potentialAction":[{"@type":"CommentAction","name":"Comment","target":["https:\/\/www.todoheavymetal.com\/index.php\/noticias-del-mes\/suspendido-el-festival-las-13-muertes#respond"]}]},{"@type":"WebPage","@id":"https:\/\/www.todoheavymetal.com\/index.php\/noticias-del-mes\/suspendido-el-festival-las-13-muertes","url":"https:\/\/www.todoheavymetal.com\/index.php\/noticias-del-mes\/suspendido-el-festival-las-13-muertes","name":"SUSPENDIDO EL FESTIVAL LAS 13 MUERTES - HEAVY METAL - NOTICIAS HEAVY METAL","isPartOf":{"@id":"https:\/\/www.todoheavymetal.com\/#website"},"primaryImageOfPage":{"@id":"https:\/\/www.todoheavymetal.com\/index.php\/noticias-del-mes\/suspendido-el-festival-las-13-muertes#primaryimage"},"image":{"@id":"https:\/\/www.todoheavymetal.com\/index.php\/noticias-del-mes\/suspendido-el-festival-las-13-muertes#primaryimage"},"thumbnailUrl":"http:\/\/fbcdn-sphotos-d-a.akamaihd.net\/hphotos-ak-ash3\/69633_468141239923321_1113544403_n.jpg","datePublished":"2013-06-21T16:00:39+00:00","author":{"@id":"https:\/\/www.todoheavymetal.com\/#\/schema\/person\/aa098e79c44b992ec2357a75883ed217"},"breadcrumb":{"@id":"https:\/\/www.todoheavymetal.com\/index.php\/noticias-del-mes\/suspendido-el-festival-las-13-muertes#breadcrumb"},"inLanguage":"es","potentialAction":[{"@type":"ReadAction","target":["https:\/\/www.todoheavymetal.com\/index.php\/noticias-del-mes\/suspendido-el-festival-las-13-muertes"]}]},{"@type":"ImageObject","inLanguage":"es","@id":"https:\/\/www.todoheavymetal.com\/index.php\/noticias-del-mes\/suspendido-el-festival-las-13-muertes#primaryimage","url":"http:\/\/fbcdn-sphotos-d-a.akamaihd.net\/hphotos-ak-ash3\/69633_468141239923321_1113544403_n.jpg","contentUrl":"http:\/\/fbcdn-sphotos-d-a.akamaihd.net\/hphotos-ak-ash3\/69633_468141239923321_1113544403_n.jpg"},{"@type":"BreadcrumbList","@id":"https:\/\/www.todoheavymetal.com\/index.php\/noticias-del-mes\/suspendido-el-festival-las-13-muertes#breadcrumb","itemListElement":[{"@type":"ListItem","position":1,"name":"Portada","item":"https:\/\/www.todoheavymetal.com\/"},{"@type":"ListItem","position":2,"name":"SUSPENDIDO EL FESTIVAL LAS 13 MUERTES"}]},{"@type":"WebSite","@id":"https:\/\/www.todoheavymetal.com\/#website","url":"https:\/\/www.todoheavymetal.com\/","name":"todoheavymetal.com","description":"heavy metal - noticias heavy metal - todoheavymetal","potentialAction":[{"@type":"SearchAction","target":{"@type":"EntryPoint","urlTemplate":"https:\/\/www.todoheavymetal.com\/?s={search_term_string}"},"query-input":{"@type":"PropertyValueSpecification","valueRequired":true,"valueName":"search_term_string"}}],"inLanguage":"es"},{"@type":"Person","@id":"https:\/\/www.todoheavymetal.com\/#\/schema\/person\/aa098e79c44b992ec2357a75883ed217","name":"Javi","image":{"@type":"ImageObject","inLanguage":"es","@id":"https:\/\/secure.gravatar.com\/avatar\/ad9699b1143ed4017d23ce58fa9d83e0375bd1368122b157550ad77cd28bdfdf?s=96&d=monsterid&r=g","url":"https:\/\/secure.gravatar.com\/avatar\/ad9699b1143ed4017d23ce58fa9d83e0375bd1368122b157550ad77cd28bdfdf?s=96&d=monsterid&r=g","contentUrl":"https:\/\/secure.gravatar.com\/avatar\/ad9699b1143ed4017d23ce58fa9d83e0375bd1368122b157550ad77cd28bdfdf?s=96&d=monsterid&r=g","caption":"Javi"},"url":"https:\/\/www.todoheavymetal.com\/index.php\/author\/javipelos"}]}},"_links":{"self":[{"href":"https:\/\/www.todoheavymetal.com\/index.php\/wp-json\/wp\/v2\/posts\/21390","targetHints":{"allow":["GET"]}}],"collection":[{"href":"https:\/\/www.todoheavymetal.com\/index.php\/wp-json\/wp\/v2\/posts"}],"about":[{"href":"https:\/\/www.todoheavymetal.com\/index.php\/wp-json\/wp\/v2\/types\/post"}],"author":[{"embeddable":true,"href":"https:\/\/www.todoheavymetal.com\/index.php\/wp-json\/wp\/v2\/users\/4"}],"replies":[{"embeddable":true,"href":"https:\/\/www.todoheavymetal.com\/index.php\/wp-json\/wp\/v2\/comments?post=21390"}],"version-history":[{"count":2,"href":"https:\/\/www.todoheavymetal.com\/index.php\/wp-json\/wp\/v2\/posts\/21390\/revisions"}],"predecessor-version":[{"id":21392,"href":"https:\/\/www.todoheavymetal.com\/index.php\/wp-json\/wp\/v2\/posts\/21390\/revisions\/21392"}],"wp:attachment":[{"href":"https:\/\/www.todoheavymetal.com\/index.php\/wp-json\/wp\/v2\/media?parent=21390"}],"wp:term":[{"taxonomy":"category","embeddable":true,"href":"https:\/\/www.todoheavymetal.com\/index.php\/wp-json\/wp\/v2\/categories?post=21390"},{"taxonomy":"post_tag","embeddable":true,"href":"https:\/\/www.todoheavymetal.com\/index.php\/wp-json\/wp\/v2\/tags?post=21390"}],"curies":[{"name":"wp","href":"https:\/\/api.w.org\/{rel}","templated":true}]}}