{"id":15345,"date":"2012-11-06T13:01:50","date_gmt":"2012-11-06T12:01:50","guid":{"rendered":"http:\/\/www.todoheavymetal.com\/?p=15345"},"modified":"2012-11-06T12:52:35","modified_gmt":"2012-11-06T11:52:35","slug":"sabaton-confirmados-para-el-leyendas-del-rock","status":"publish","type":"post","link":"https:\/\/www.todoheavymetal.com\/index.php\/noticias-del-mes\/sabaton-confirmados-para-el-leyendas-del-rock","title":{"rendered":"SABATON CONFIRMADOS PARA EL LEYENDAS DEL ROCK"},"content":{"rendered":"<p style=\"text-align: justify;\"><img loading=\"lazy\" decoding=\"async\" class=\"alignright\" src=\"http:\/\/www.sabaton.net\/wp-content\/uploads\/2009\/12\/476897_10151034988157738_539877737_13362186_305645949_o-400x184.jpg\" alt=\"\" width=\"320\" height=\"147\" \/>Los suecos volver\u00e1n a nuestro pa\u00eds el pr\u00f3ximo a\u00f1o para descargar en el <em>Leyendas del Rock<\/em>. Ellos son la primera banda internacional confirmada por la organizaci\u00f3n del festival, que se celebrar\u00e1 durante los d\u00edas 8, 9 y 10 de agosto de 2013 en la localidad alicantina de Villena.<\/p>\n<p style=\"text-align: justify;\">\u00c9sta es la nota de la organizaci\u00f3n del <em>Leyendas<\/em>:<\/p>\n<p style=\"text-align: justify;\">\u201c<em>SABATON es al primera banda internacional que anunciamos para Leyendas del Rock 2013. Los suecos, de estreno con Carolus Rex, no vienen a Espa\u00f1a a tomar prisioneros. Despu\u00e9s de arrasar a su paso por Madrid y otras ciudades de nuestro pa\u00eds, la fecha de Villena representar\u00e1 todo un hito, al ser la primera vez que la banda tiene la oportunidad de desplegar todo su potencial y su espectacular directo sobre las tablas de un festival nacional.<\/em><\/p>\n<p style=\"text-align: justify;\"><em>Nominados a los Grammy suecos por su obra The art of war, SABATON se muestran como una de las bandas europeas m\u00e1s consolidadas y potentes en estos momentos<\/em>\u201d.<\/p>\n","protected":false},"excerpt":{"rendered":"<p>Los suecos volver\u00e1n a nuestro pa\u00eds el pr\u00f3ximo a\u00f1o para descargar en el Leyendas del Rock. Ellos son la primera banda internacional confirmada por la organizaci\u00f3n del festival, que se celebrar\u00e1 durante los d\u00edas 8, 9 y 10 de agosto de 2013 en la localidad alicantina de Villena. \u00c9sta es la nota de la organizaci\u00f3n [&hellip;]<\/p>\n","protected":false},"author":4,"featured_media":0,"comment_status":"open","ping_status":"open","sticky":false,"template":"","format":"standard","meta":{"footnotes":""},"categories":[8],"tags":[8896,11435,2020,753],"class_list":["post-15345","post","type-post","status-publish","format-standard","hentry","category-noticias-del-mes","tag-conciertos-espana-sabaton","tag-festival-leyendas-del-rock-2013","tag-festivales-heavy-metal","tag-sabaton"],"yoast_head":"<!-- This site is optimized with the Yoast SEO plugin v27.5 - https:\/\/yoast.com\/product\/yoast-seo-wordpress\/ -->\n<title>SABATON CONFIRMADOS PARA EL LEYENDAS DEL ROCK - HEAVY METAL - NOTICIAS HEAVY METAL<\/title>\n<meta name=\"robots\" content=\"index, follow, max-snippet:-1, max-image-preview:large, max-video-preview:-1\" \/>\n<link rel=\"canonical\" href=\"https:\/\/www.todoheavymetal.com\/index.php\/noticias-del-mes\/sabaton-confirmados-para-el-leyendas-del-rock\" \/>\n<meta property=\"og:locale\" content=\"es_ES\" \/>\n<meta property=\"og:type\" content=\"article\" \/>\n<meta property=\"og:title\" content=\"SABATON CONFIRMADOS PARA EL LEYENDAS DEL ROCK - HEAVY METAL - NOTICIAS HEAVY METAL\" \/>\n<meta property=\"og:description\" content=\"Los suecos volver\u00e1n a nuestro pa\u00eds el pr\u00f3ximo a\u00f1o para descargar en el Leyendas del Rock. Ellos son la primera banda internacional confirmada por la organizaci\u00f3n del festival, que se celebrar\u00e1 durante los d\u00edas 8, 9 y 10 de agosto de 2013 en la localidad alicantina de Villena. \u00c9sta es la nota de la organizaci\u00f3n [&hellip;]\" \/>\n<meta property=\"og:url\" content=\"https:\/\/www.todoheavymetal.com\/index.php\/noticias-del-mes\/sabaton-confirmados-para-el-leyendas-del-rock\" \/>\n<meta property=\"og:site_name\" content=\"HEAVY METAL - NOTICIAS HEAVY METAL\" \/>\n<meta property=\"article:publisher\" content=\"https:\/\/www.facebook.com\/todoheavymetal\/\" \/>\n<meta property=\"article:published_time\" content=\"2012-11-06T12:01:50+00:00\" \/>\n<meta property=\"og:image\" content=\"http:\/\/www.sabaton.net\/wp-content\/uploads\/2009\/12\/476897_10151034988157738_539877737_13362186_305645949_o-400x184.jpg\" \/>\n<meta name=\"author\" content=\"Javi\" \/>\n<meta name=\"twitter:card\" content=\"summary_large_image\" \/>\n<meta name=\"twitter:creator\" content=\"@todoheavymetal\" \/>\n<meta name=\"twitter:site\" content=\"@todoheavymetal\" \/>\n<meta name=\"twitter:label1\" content=\"Escrito por\" \/>\n\t<meta name=\"twitter:data1\" content=\"Javi\" \/>\n\t<meta name=\"twitter:label2\" content=\"Tiempo de lectura\" \/>\n\t<meta name=\"twitter:data2\" content=\"1 minuto\" \/>\n<script type=\"application\/ld+json\" class=\"yoast-schema-graph\">{\"@context\":\"https:\\\/\\\/schema.org\",\"@graph\":[{\"@type\":\"Article\",\"@id\":\"https:\\\/\\\/www.todoheavymetal.com\\\/index.php\\\/noticias-del-mes\\\/sabaton-confirmados-para-el-leyendas-del-rock#article\",\"isPartOf\":{\"@id\":\"https:\\\/\\\/www.todoheavymetal.com\\\/index.php\\\/noticias-del-mes\\\/sabaton-confirmados-para-el-leyendas-del-rock\"},\"author\":{\"name\":\"Javi\",\"@id\":\"https:\\\/\\\/www.todoheavymetal.com\\\/#\\\/schema\\\/person\\\/aa098e79c44b992ec2357a75883ed217\"},\"headline\":\"SABATON CONFIRMADOS PARA EL LEYENDAS DEL ROCK\",\"datePublished\":\"2012-11-06T12:01:50+00:00\",\"mainEntityOfPage\":{\"@id\":\"https:\\\/\\\/www.todoheavymetal.com\\\/index.php\\\/noticias-del-mes\\\/sabaton-confirmados-para-el-leyendas-del-rock\"},\"wordCount\":174,\"commentCount\":0,\"image\":{\"@id\":\"https:\\\/\\\/www.todoheavymetal.com\\\/index.php\\\/noticias-del-mes\\\/sabaton-confirmados-para-el-leyendas-del-rock#primaryimage\"},\"thumbnailUrl\":\"http:\\\/\\\/www.sabaton.net\\\/wp-content\\\/uploads\\\/2009\\\/12\\\/476897_10151034988157738_539877737_13362186_305645949_o-400x184.jpg\",\"keywords\":[\"conciertos espa\u00f1a sabaton\",\"festival leyendas del rock 2013\",\"festivales heavy metal\",\"sabaton\"],\"articleSection\":[\"Noticias del mes\"],\"inLanguage\":\"es\",\"potentialAction\":[{\"@type\":\"CommentAction\",\"name\":\"Comment\",\"target\":[\"https:\\\/\\\/www.todoheavymetal.com\\\/index.php\\\/noticias-del-mes\\\/sabaton-confirmados-para-el-leyendas-del-rock#respond\"]}]},{\"@type\":\"WebPage\",\"@id\":\"https:\\\/\\\/www.todoheavymetal.com\\\/index.php\\\/noticias-del-mes\\\/sabaton-confirmados-para-el-leyendas-del-rock\",\"url\":\"https:\\\/\\\/www.todoheavymetal.com\\\/index.php\\\/noticias-del-mes\\\/sabaton-confirmados-para-el-leyendas-del-rock\",\"name\":\"SABATON CONFIRMADOS PARA EL LEYENDAS DEL ROCK - HEAVY METAL - NOTICIAS HEAVY METAL\",\"isPartOf\":{\"@id\":\"https:\\\/\\\/www.todoheavymetal.com\\\/#website\"},\"primaryImageOfPage\":{\"@id\":\"https:\\\/\\\/www.todoheavymetal.com\\\/index.php\\\/noticias-del-mes\\\/sabaton-confirmados-para-el-leyendas-del-rock#primaryimage\"},\"image\":{\"@id\":\"https:\\\/\\\/www.todoheavymetal.com\\\/index.php\\\/noticias-del-mes\\\/sabaton-confirmados-para-el-leyendas-del-rock#primaryimage\"},\"thumbnailUrl\":\"http:\\\/\\\/www.sabaton.net\\\/wp-content\\\/uploads\\\/2009\\\/12\\\/476897_10151034988157738_539877737_13362186_305645949_o-400x184.jpg\",\"datePublished\":\"2012-11-06T12:01:50+00:00\",\"author\":{\"@id\":\"https:\\\/\\\/www.todoheavymetal.com\\\/#\\\/schema\\\/person\\\/aa098e79c44b992ec2357a75883ed217\"},\"breadcrumb\":{\"@id\":\"https:\\\/\\\/www.todoheavymetal.com\\\/index.php\\\/noticias-del-mes\\\/sabaton-confirmados-para-el-leyendas-del-rock#breadcrumb\"},\"inLanguage\":\"es\",\"potentialAction\":[{\"@type\":\"ReadAction\",\"target\":[\"https:\\\/\\\/www.todoheavymetal.com\\\/index.php\\\/noticias-del-mes\\\/sabaton-confirmados-para-el-leyendas-del-rock\"]}]},{\"@type\":\"ImageObject\",\"inLanguage\":\"es\",\"@id\":\"https:\\\/\\\/www.todoheavymetal.com\\\/index.php\\\/noticias-del-mes\\\/sabaton-confirmados-para-el-leyendas-del-rock#primaryimage\",\"url\":\"http:\\\/\\\/www.sabaton.net\\\/wp-content\\\/uploads\\\/2009\\\/12\\\/476897_10151034988157738_539877737_13362186_305645949_o-400x184.jpg\",\"contentUrl\":\"http:\\\/\\\/www.sabaton.net\\\/wp-content\\\/uploads\\\/2009\\\/12\\\/476897_10151034988157738_539877737_13362186_305645949_o-400x184.jpg\"},{\"@type\":\"BreadcrumbList\",\"@id\":\"https:\\\/\\\/www.todoheavymetal.com\\\/index.php\\\/noticias-del-mes\\\/sabaton-confirmados-para-el-leyendas-del-rock#breadcrumb\",\"itemListElement\":[{\"@type\":\"ListItem\",\"position\":1,\"name\":\"Portada\",\"item\":\"https:\\\/\\\/www.todoheavymetal.com\\\/\"},{\"@type\":\"ListItem\",\"position\":2,\"name\":\"SABATON CONFIRMADOS PARA EL LEYENDAS DEL ROCK\"}]},{\"@type\":\"WebSite\",\"@id\":\"https:\\\/\\\/www.todoheavymetal.com\\\/#website\",\"url\":\"https:\\\/\\\/www.todoheavymetal.com\\\/\",\"name\":\"todoheavymetal.com\",\"description\":\"heavy metal - noticias heavy metal - todoheavymetal\",\"potentialAction\":[{\"@type\":\"SearchAction\",\"target\":{\"@type\":\"EntryPoint\",\"urlTemplate\":\"https:\\\/\\\/www.todoheavymetal.com\\\/?s={search_term_string}\"},\"query-input\":{\"@type\":\"PropertyValueSpecification\",\"valueRequired\":true,\"valueName\":\"search_term_string\"}}],\"inLanguage\":\"es\"},{\"@type\":\"Person\",\"@id\":\"https:\\\/\\\/www.todoheavymetal.com\\\/#\\\/schema\\\/person\\\/aa098e79c44b992ec2357a75883ed217\",\"name\":\"Javi\",\"image\":{\"@type\":\"ImageObject\",\"inLanguage\":\"es\",\"@id\":\"https:\\\/\\\/secure.gravatar.com\\\/avatar\\\/ad9699b1143ed4017d23ce58fa9d83e0375bd1368122b157550ad77cd28bdfdf?s=96&d=monsterid&r=g\",\"url\":\"https:\\\/\\\/secure.gravatar.com\\\/avatar\\\/ad9699b1143ed4017d23ce58fa9d83e0375bd1368122b157550ad77cd28bdfdf?s=96&d=monsterid&r=g\",\"contentUrl\":\"https:\\\/\\\/secure.gravatar.com\\\/avatar\\\/ad9699b1143ed4017d23ce58fa9d83e0375bd1368122b157550ad77cd28bdfdf?s=96&d=monsterid&r=g\",\"caption\":\"Javi\"},\"url\":\"https:\\\/\\\/www.todoheavymetal.com\\\/index.php\\\/author\\\/javipelos\"}]}<\/script>\n<!-- \/ Yoast SEO plugin. -->","yoast_head_json":{"title":"SABATON CONFIRMADOS PARA EL LEYENDAS DEL ROCK - HEAVY METAL - NOTICIAS HEAVY METAL","robots":{"index":"index","follow":"follow","max-snippet":"max-snippet:-1","max-image-preview":"max-image-preview:large","max-video-preview":"max-video-preview:-1"},"canonical":"https:\/\/www.todoheavymetal.com\/index.php\/noticias-del-mes\/sabaton-confirmados-para-el-leyendas-del-rock","og_locale":"es_ES","og_type":"article","og_title":"SABATON CONFIRMADOS PARA EL LEYENDAS DEL ROCK - HEAVY METAL - NOTICIAS HEAVY METAL","og_description":"Los suecos volver\u00e1n a nuestro pa\u00eds el pr\u00f3ximo a\u00f1o para descargar en el Leyendas del Rock. Ellos son la primera banda internacional confirmada por la organizaci\u00f3n del festival, que se celebrar\u00e1 durante los d\u00edas 8, 9 y 10 de agosto de 2013 en la localidad alicantina de Villena. \u00c9sta es la nota de la organizaci\u00f3n [&hellip;]","og_url":"https:\/\/www.todoheavymetal.com\/index.php\/noticias-del-mes\/sabaton-confirmados-para-el-leyendas-del-rock","og_site_name":"HEAVY METAL - NOTICIAS HEAVY METAL","article_publisher":"https:\/\/www.facebook.com\/todoheavymetal\/","article_published_time":"2012-11-06T12:01:50+00:00","og_image":[{"url":"http:\/\/www.sabaton.net\/wp-content\/uploads\/2009\/12\/476897_10151034988157738_539877737_13362186_305645949_o-400x184.jpg","type":"","width":"","height":""}],"author":"Javi","twitter_card":"summary_large_image","twitter_creator":"@todoheavymetal","twitter_site":"@todoheavymetal","twitter_misc":{"Escrito por":"Javi","Tiempo de lectura":"1 minuto"},"schema":{"@context":"https:\/\/schema.org","@graph":[{"@type":"Article","@id":"https:\/\/www.todoheavymetal.com\/index.php\/noticias-del-mes\/sabaton-confirmados-para-el-leyendas-del-rock#article","isPartOf":{"@id":"https:\/\/www.todoheavymetal.com\/index.php\/noticias-del-mes\/sabaton-confirmados-para-el-leyendas-del-rock"},"author":{"name":"Javi","@id":"https:\/\/www.todoheavymetal.com\/#\/schema\/person\/aa098e79c44b992ec2357a75883ed217"},"headline":"SABATON CONFIRMADOS PARA EL LEYENDAS DEL ROCK","datePublished":"2012-11-06T12:01:50+00:00","mainEntityOfPage":{"@id":"https:\/\/www.todoheavymetal.com\/index.php\/noticias-del-mes\/sabaton-confirmados-para-el-leyendas-del-rock"},"wordCount":174,"commentCount":0,"image":{"@id":"https:\/\/www.todoheavymetal.com\/index.php\/noticias-del-mes\/sabaton-confirmados-para-el-leyendas-del-rock#primaryimage"},"thumbnailUrl":"http:\/\/www.sabaton.net\/wp-content\/uploads\/2009\/12\/476897_10151034988157738_539877737_13362186_305645949_o-400x184.jpg","keywords":["conciertos espa\u00f1a sabaton","festival leyendas del rock 2013","festivales heavy metal","sabaton"],"articleSection":["Noticias del mes"],"inLanguage":"es","potentialAction":[{"@type":"CommentAction","name":"Comment","target":["https:\/\/www.todoheavymetal.com\/index.php\/noticias-del-mes\/sabaton-confirmados-para-el-leyendas-del-rock#respond"]}]},{"@type":"WebPage","@id":"https:\/\/www.todoheavymetal.com\/index.php\/noticias-del-mes\/sabaton-confirmados-para-el-leyendas-del-rock","url":"https:\/\/www.todoheavymetal.com\/index.php\/noticias-del-mes\/sabaton-confirmados-para-el-leyendas-del-rock","name":"SABATON CONFIRMADOS PARA EL LEYENDAS DEL ROCK - HEAVY METAL - NOTICIAS HEAVY METAL","isPartOf":{"@id":"https:\/\/www.todoheavymetal.com\/#website"},"primaryImageOfPage":{"@id":"https:\/\/www.todoheavymetal.com\/index.php\/noticias-del-mes\/sabaton-confirmados-para-el-leyendas-del-rock#primaryimage"},"image":{"@id":"https:\/\/www.todoheavymetal.com\/index.php\/noticias-del-mes\/sabaton-confirmados-para-el-leyendas-del-rock#primaryimage"},"thumbnailUrl":"http:\/\/www.sabaton.net\/wp-content\/uploads\/2009\/12\/476897_10151034988157738_539877737_13362186_305645949_o-400x184.jpg","datePublished":"2012-11-06T12:01:50+00:00","author":{"@id":"https:\/\/www.todoheavymetal.com\/#\/schema\/person\/aa098e79c44b992ec2357a75883ed217"},"breadcrumb":{"@id":"https:\/\/www.todoheavymetal.com\/index.php\/noticias-del-mes\/sabaton-confirmados-para-el-leyendas-del-rock#breadcrumb"},"inLanguage":"es","potentialAction":[{"@type":"ReadAction","target":["https:\/\/www.todoheavymetal.com\/index.php\/noticias-del-mes\/sabaton-confirmados-para-el-leyendas-del-rock"]}]},{"@type":"ImageObject","inLanguage":"es","@id":"https:\/\/www.todoheavymetal.com\/index.php\/noticias-del-mes\/sabaton-confirmados-para-el-leyendas-del-rock#primaryimage","url":"http:\/\/www.sabaton.net\/wp-content\/uploads\/2009\/12\/476897_10151034988157738_539877737_13362186_305645949_o-400x184.jpg","contentUrl":"http:\/\/www.sabaton.net\/wp-content\/uploads\/2009\/12\/476897_10151034988157738_539877737_13362186_305645949_o-400x184.jpg"},{"@type":"BreadcrumbList","@id":"https:\/\/www.todoheavymetal.com\/index.php\/noticias-del-mes\/sabaton-confirmados-para-el-leyendas-del-rock#breadcrumb","itemListElement":[{"@type":"ListItem","position":1,"name":"Portada","item":"https:\/\/www.todoheavymetal.com\/"},{"@type":"ListItem","position":2,"name":"SABATON CONFIRMADOS PARA EL LEYENDAS DEL ROCK"}]},{"@type":"WebSite","@id":"https:\/\/www.todoheavymetal.com\/#website","url":"https:\/\/www.todoheavymetal.com\/","name":"todoheavymetal.com","description":"heavy metal - noticias heavy metal - todoheavymetal","potentialAction":[{"@type":"SearchAction","target":{"@type":"EntryPoint","urlTemplate":"https:\/\/www.todoheavymetal.com\/?s={search_term_string}"},"query-input":{"@type":"PropertyValueSpecification","valueRequired":true,"valueName":"search_term_string"}}],"inLanguage":"es"},{"@type":"Person","@id":"https:\/\/www.todoheavymetal.com\/#\/schema\/person\/aa098e79c44b992ec2357a75883ed217","name":"Javi","image":{"@type":"ImageObject","inLanguage":"es","@id":"https:\/\/secure.gravatar.com\/avatar\/ad9699b1143ed4017d23ce58fa9d83e0375bd1368122b157550ad77cd28bdfdf?s=96&d=monsterid&r=g","url":"https:\/\/secure.gravatar.com\/avatar\/ad9699b1143ed4017d23ce58fa9d83e0375bd1368122b157550ad77cd28bdfdf?s=96&d=monsterid&r=g","contentUrl":"https:\/\/secure.gravatar.com\/avatar\/ad9699b1143ed4017d23ce58fa9d83e0375bd1368122b157550ad77cd28bdfdf?s=96&d=monsterid&r=g","caption":"Javi"},"url":"https:\/\/www.todoheavymetal.com\/index.php\/author\/javipelos"}]}},"_links":{"self":[{"href":"https:\/\/www.todoheavymetal.com\/index.php\/wp-json\/wp\/v2\/posts\/15345","targetHints":{"allow":["GET"]}}],"collection":[{"href":"https:\/\/www.todoheavymetal.com\/index.php\/wp-json\/wp\/v2\/posts"}],"about":[{"href":"https:\/\/www.todoheavymetal.com\/index.php\/wp-json\/wp\/v2\/types\/post"}],"author":[{"embeddable":true,"href":"https:\/\/www.todoheavymetal.com\/index.php\/wp-json\/wp\/v2\/users\/4"}],"replies":[{"embeddable":true,"href":"https:\/\/www.todoheavymetal.com\/index.php\/wp-json\/wp\/v2\/comments?post=15345"}],"version-history":[{"count":1,"href":"https:\/\/www.todoheavymetal.com\/index.php\/wp-json\/wp\/v2\/posts\/15345\/revisions"}],"predecessor-version":[{"id":15348,"href":"https:\/\/www.todoheavymetal.com\/index.php\/wp-json\/wp\/v2\/posts\/15345\/revisions\/15348"}],"wp:attachment":[{"href":"https:\/\/www.todoheavymetal.com\/index.php\/wp-json\/wp\/v2\/media?parent=15345"}],"wp:term":[{"taxonomy":"category","embeddable":true,"href":"https:\/\/www.todoheavymetal.com\/index.php\/wp-json\/wp\/v2\/categories?post=15345"},{"taxonomy":"post_tag","embeddable":true,"href":"https:\/\/www.todoheavymetal.com\/index.php\/wp-json\/wp\/v2\/tags?post=15345"}],"curies":[{"name":"wp","href":"https:\/\/api.w.org\/{rel}","templated":true}]}}