{"id":13941,"date":"2012-09-03T10:23:31","date_gmt":"2012-09-03T08:23:31","guid":{"rendered":"http:\/\/www.todoheavymetal.com\/?p=13941"},"modified":"2012-08-23T13:31:14","modified_gmt":"2012-08-23T11:31:14","slug":"recordatorio-de-la-gira-de-elvenking-por-espana","status":"publish","type":"post","link":"https:\/\/www.todoheavymetal.com\/index.php\/noticias-del-mes\/recordatorio-de-la-gira-de-elvenking-por-espana","title":{"rendered":"RECORDATORIO DE LA GIRA DE ELVENKING POR ESPA\u00d1A"},"content":{"rendered":"<p style=\"text-align: justify;\">Despu\u00e9s de anunci\u00e1roslo a finales del mes de julio, os volvemos a recordar que a finales de este mes estar\u00e1n recorriendo nuestro pa\u00eds los italianos ELVENKING. Estar\u00e1n presentando su nuevo disco <em>Era<\/em>.<\/p>\n<p style=\"text-align: justify;\">Cuatro son las ciudades elegidas para las descargas de los transalpinos\u2026 Gij\u00f3n, Madrid, Zaragoza y Barcelona.<\/p>\n<p style=\"text-align: justify;\">DARKKAM estar\u00e1 tocando con ellos en Gij\u00f3n, mientras que en el resto de ciudades la banda que abri\u00e1 para ELVENKING es BAPHOMET. Os dejamos las fechas:<\/p>\n<ul>\n<li>\n<div style=\"text-align: justify;\">20 de septiembre Sala Acapulco, Gij\u00f3n<\/div>\n<\/li>\n<li>\n<div style=\"text-align: justify;\">21 de septiembre La Boite, Madrid<\/div>\n<\/li>\n<li>\n<div style=\"text-align: justify;\">22 de septiembre Sala Explosivo, Zaragoza<\/div>\n<\/li>\n<li>\n<div style=\"text-align: justify;\">23 de septiembre Sala Salamandra 2, Barcelona<\/div>\n<\/li>\n<\/ul>\n<p style=\"text-align: center;\"><img loading=\"lazy\" decoding=\"async\" class=\"aligncenter\" src=\"http:\/\/www.telecable.es\/personales\/chalsetto\/images\/cartelel.jpg\" alt=\"\" width=\"350\" height=\"495\" \/><\/p>\n","protected":false},"excerpt":{"rendered":"<p>Despu\u00e9s de anunci\u00e1roslo a finales del mes de julio, os volvemos a recordar que a finales de este mes estar\u00e1n recorriendo nuestro pa\u00eds los italianos ELVENKING. Estar\u00e1n presentando su nuevo disco Era. Cuatro son las ciudades elegidas para las descargas de los transalpinos\u2026 Gij\u00f3n, Madrid, Zaragoza y Barcelona. DARKKAM estar\u00e1 tocando con ellos en Gij\u00f3n, [&hellip;]<\/p>\n","protected":false},"author":4,"featured_media":0,"comment_status":"open","ping_status":"open","sticky":false,"template":"","format":"standard","meta":{"footnotes":""},"categories":[8],"tags":[10681,771,10554,10552,10553],"class_list":["post-13941","post","type-post","status-publish","format-standard","hentry","category-noticias-del-mes","tag-conciertos-espana-elvenking","tag-elvenking","tag-era","tag-noticias-elvenking","tag-nuevo-disco-elvenking"],"yoast_head":"<!-- This site is optimized with the Yoast SEO plugin v27.5 - https:\/\/yoast.com\/product\/yoast-seo-wordpress\/ -->\n<title>RECORDATORIO DE LA GIRA DE ELVENKING POR ESPA\u00d1A - HEAVY METAL - NOTICIAS HEAVY METAL<\/title>\n<meta name=\"robots\" content=\"index, follow, max-snippet:-1, max-image-preview:large, max-video-preview:-1\" \/>\n<link rel=\"canonical\" href=\"https:\/\/www.todoheavymetal.com\/index.php\/noticias-del-mes\/recordatorio-de-la-gira-de-elvenking-por-espana\" \/>\n<meta property=\"og:locale\" content=\"es_ES\" \/>\n<meta property=\"og:type\" content=\"article\" \/>\n<meta property=\"og:title\" content=\"RECORDATORIO DE LA GIRA DE ELVENKING POR ESPA\u00d1A - HEAVY METAL - NOTICIAS HEAVY METAL\" \/>\n<meta property=\"og:description\" content=\"Despu\u00e9s de anunci\u00e1roslo a finales del mes de julio, os volvemos a recordar que a finales de este mes estar\u00e1n recorriendo nuestro pa\u00eds los italianos ELVENKING. Estar\u00e1n presentando su nuevo disco Era. Cuatro son las ciudades elegidas para las descargas de los transalpinos\u2026 Gij\u00f3n, Madrid, Zaragoza y Barcelona. DARKKAM estar\u00e1 tocando con ellos en Gij\u00f3n, [&hellip;]\" \/>\n<meta property=\"og:url\" content=\"https:\/\/www.todoheavymetal.com\/index.php\/noticias-del-mes\/recordatorio-de-la-gira-de-elvenking-por-espana\" \/>\n<meta property=\"og:site_name\" content=\"HEAVY METAL - NOTICIAS HEAVY METAL\" \/>\n<meta property=\"article:publisher\" content=\"https:\/\/www.facebook.com\/todoheavymetal\/\" \/>\n<meta property=\"article:published_time\" content=\"2012-09-03T08:23:31+00:00\" \/>\n<meta property=\"og:image\" content=\"http:\/\/www.telecable.es\/personales\/chalsetto\/images\/cartelel.jpg\" \/>\n<meta name=\"author\" content=\"Javi\" \/>\n<meta name=\"twitter:card\" content=\"summary_large_image\" \/>\n<meta name=\"twitter:creator\" content=\"@todoheavymetal\" \/>\n<meta name=\"twitter:site\" content=\"@todoheavymetal\" \/>\n<meta name=\"twitter:label1\" content=\"Escrito por\" \/>\n\t<meta name=\"twitter:data1\" content=\"Javi\" \/>\n\t<meta name=\"twitter:label2\" content=\"Tiempo de lectura\" \/>\n\t<meta name=\"twitter:data2\" content=\"1 minuto\" \/>\n<script type=\"application\/ld+json\" class=\"yoast-schema-graph\">{\"@context\":\"https:\\\/\\\/schema.org\",\"@graph\":[{\"@type\":\"Article\",\"@id\":\"https:\\\/\\\/www.todoheavymetal.com\\\/index.php\\\/noticias-del-mes\\\/recordatorio-de-la-gira-de-elvenking-por-espana#article\",\"isPartOf\":{\"@id\":\"https:\\\/\\\/www.todoheavymetal.com\\\/index.php\\\/noticias-del-mes\\\/recordatorio-de-la-gira-de-elvenking-por-espana\"},\"author\":{\"name\":\"Javi\",\"@id\":\"https:\\\/\\\/www.todoheavymetal.com\\\/#\\\/schema\\\/person\\\/aa098e79c44b992ec2357a75883ed217\"},\"headline\":\"RECORDATORIO DE LA GIRA DE ELVENKING POR ESPA\u00d1A\",\"datePublished\":\"2012-09-03T08:23:31+00:00\",\"mainEntityOfPage\":{\"@id\":\"https:\\\/\\\/www.todoheavymetal.com\\\/index.php\\\/noticias-del-mes\\\/recordatorio-de-la-gira-de-elvenking-por-espana\"},\"wordCount\":111,\"commentCount\":0,\"image\":{\"@id\":\"https:\\\/\\\/www.todoheavymetal.com\\\/index.php\\\/noticias-del-mes\\\/recordatorio-de-la-gira-de-elvenking-por-espana#primaryimage\"},\"thumbnailUrl\":\"http:\\\/\\\/www.telecable.es\\\/personales\\\/chalsetto\\\/images\\\/cartelel.jpg\",\"keywords\":[\"conciertos espa\u00f1a elvenking\",\"ELVENKING\",\"era\",\"noticias elvenking\",\"nuevo disco elvenking\"],\"articleSection\":[\"Noticias del mes\"],\"inLanguage\":\"es\",\"potentialAction\":[{\"@type\":\"CommentAction\",\"name\":\"Comment\",\"target\":[\"https:\\\/\\\/www.todoheavymetal.com\\\/index.php\\\/noticias-del-mes\\\/recordatorio-de-la-gira-de-elvenking-por-espana#respond\"]}]},{\"@type\":\"WebPage\",\"@id\":\"https:\\\/\\\/www.todoheavymetal.com\\\/index.php\\\/noticias-del-mes\\\/recordatorio-de-la-gira-de-elvenking-por-espana\",\"url\":\"https:\\\/\\\/www.todoheavymetal.com\\\/index.php\\\/noticias-del-mes\\\/recordatorio-de-la-gira-de-elvenking-por-espana\",\"name\":\"RECORDATORIO DE LA GIRA DE ELVENKING POR ESPA\u00d1A - HEAVY METAL - NOTICIAS HEAVY METAL\",\"isPartOf\":{\"@id\":\"https:\\\/\\\/www.todoheavymetal.com\\\/#website\"},\"primaryImageOfPage\":{\"@id\":\"https:\\\/\\\/www.todoheavymetal.com\\\/index.php\\\/noticias-del-mes\\\/recordatorio-de-la-gira-de-elvenking-por-espana#primaryimage\"},\"image\":{\"@id\":\"https:\\\/\\\/www.todoheavymetal.com\\\/index.php\\\/noticias-del-mes\\\/recordatorio-de-la-gira-de-elvenking-por-espana#primaryimage\"},\"thumbnailUrl\":\"http:\\\/\\\/www.telecable.es\\\/personales\\\/chalsetto\\\/images\\\/cartelel.jpg\",\"datePublished\":\"2012-09-03T08:23:31+00:00\",\"author\":{\"@id\":\"https:\\\/\\\/www.todoheavymetal.com\\\/#\\\/schema\\\/person\\\/aa098e79c44b992ec2357a75883ed217\"},\"breadcrumb\":{\"@id\":\"https:\\\/\\\/www.todoheavymetal.com\\\/index.php\\\/noticias-del-mes\\\/recordatorio-de-la-gira-de-elvenking-por-espana#breadcrumb\"},\"inLanguage\":\"es\",\"potentialAction\":[{\"@type\":\"ReadAction\",\"target\":[\"https:\\\/\\\/www.todoheavymetal.com\\\/index.php\\\/noticias-del-mes\\\/recordatorio-de-la-gira-de-elvenking-por-espana\"]}]},{\"@type\":\"ImageObject\",\"inLanguage\":\"es\",\"@id\":\"https:\\\/\\\/www.todoheavymetal.com\\\/index.php\\\/noticias-del-mes\\\/recordatorio-de-la-gira-de-elvenking-por-espana#primaryimage\",\"url\":\"http:\\\/\\\/www.telecable.es\\\/personales\\\/chalsetto\\\/images\\\/cartelel.jpg\",\"contentUrl\":\"http:\\\/\\\/www.telecable.es\\\/personales\\\/chalsetto\\\/images\\\/cartelel.jpg\"},{\"@type\":\"BreadcrumbList\",\"@id\":\"https:\\\/\\\/www.todoheavymetal.com\\\/index.php\\\/noticias-del-mes\\\/recordatorio-de-la-gira-de-elvenking-por-espana#breadcrumb\",\"itemListElement\":[{\"@type\":\"ListItem\",\"position\":1,\"name\":\"Portada\",\"item\":\"https:\\\/\\\/www.todoheavymetal.com\\\/\"},{\"@type\":\"ListItem\",\"position\":2,\"name\":\"RECORDATORIO DE LA GIRA DE ELVENKING POR ESPA\u00d1A\"}]},{\"@type\":\"WebSite\",\"@id\":\"https:\\\/\\\/www.todoheavymetal.com\\\/#website\",\"url\":\"https:\\\/\\\/www.todoheavymetal.com\\\/\",\"name\":\"todoheavymetal.com\",\"description\":\"heavy metal - noticias heavy metal - todoheavymetal\",\"potentialAction\":[{\"@type\":\"SearchAction\",\"target\":{\"@type\":\"EntryPoint\",\"urlTemplate\":\"https:\\\/\\\/www.todoheavymetal.com\\\/?s={search_term_string}\"},\"query-input\":{\"@type\":\"PropertyValueSpecification\",\"valueRequired\":true,\"valueName\":\"search_term_string\"}}],\"inLanguage\":\"es\"},{\"@type\":\"Person\",\"@id\":\"https:\\\/\\\/www.todoheavymetal.com\\\/#\\\/schema\\\/person\\\/aa098e79c44b992ec2357a75883ed217\",\"name\":\"Javi\",\"image\":{\"@type\":\"ImageObject\",\"inLanguage\":\"es\",\"@id\":\"https:\\\/\\\/secure.gravatar.com\\\/avatar\\\/ad9699b1143ed4017d23ce58fa9d83e0375bd1368122b157550ad77cd28bdfdf?s=96&d=monsterid&r=g\",\"url\":\"https:\\\/\\\/secure.gravatar.com\\\/avatar\\\/ad9699b1143ed4017d23ce58fa9d83e0375bd1368122b157550ad77cd28bdfdf?s=96&d=monsterid&r=g\",\"contentUrl\":\"https:\\\/\\\/secure.gravatar.com\\\/avatar\\\/ad9699b1143ed4017d23ce58fa9d83e0375bd1368122b157550ad77cd28bdfdf?s=96&d=monsterid&r=g\",\"caption\":\"Javi\"},\"url\":\"https:\\\/\\\/www.todoheavymetal.com\\\/index.php\\\/author\\\/javipelos\"}]}<\/script>\n<!-- \/ Yoast SEO plugin. -->","yoast_head_json":{"title":"RECORDATORIO DE LA GIRA DE ELVENKING POR ESPA\u00d1A - HEAVY METAL - NOTICIAS HEAVY METAL","robots":{"index":"index","follow":"follow","max-snippet":"max-snippet:-1","max-image-preview":"max-image-preview:large","max-video-preview":"max-video-preview:-1"},"canonical":"https:\/\/www.todoheavymetal.com\/index.php\/noticias-del-mes\/recordatorio-de-la-gira-de-elvenking-por-espana","og_locale":"es_ES","og_type":"article","og_title":"RECORDATORIO DE LA GIRA DE ELVENKING POR ESPA\u00d1A - HEAVY METAL - NOTICIAS HEAVY METAL","og_description":"Despu\u00e9s de anunci\u00e1roslo a finales del mes de julio, os volvemos a recordar que a finales de este mes estar\u00e1n recorriendo nuestro pa\u00eds los italianos ELVENKING. Estar\u00e1n presentando su nuevo disco Era. Cuatro son las ciudades elegidas para las descargas de los transalpinos\u2026 Gij\u00f3n, Madrid, Zaragoza y Barcelona. DARKKAM estar\u00e1 tocando con ellos en Gij\u00f3n, [&hellip;]","og_url":"https:\/\/www.todoheavymetal.com\/index.php\/noticias-del-mes\/recordatorio-de-la-gira-de-elvenking-por-espana","og_site_name":"HEAVY METAL - NOTICIAS HEAVY METAL","article_publisher":"https:\/\/www.facebook.com\/todoheavymetal\/","article_published_time":"2012-09-03T08:23:31+00:00","og_image":[{"url":"http:\/\/www.telecable.es\/personales\/chalsetto\/images\/cartelel.jpg","type":"","width":"","height":""}],"author":"Javi","twitter_card":"summary_large_image","twitter_creator":"@todoheavymetal","twitter_site":"@todoheavymetal","twitter_misc":{"Escrito por":"Javi","Tiempo de lectura":"1 minuto"},"schema":{"@context":"https:\/\/schema.org","@graph":[{"@type":"Article","@id":"https:\/\/www.todoheavymetal.com\/index.php\/noticias-del-mes\/recordatorio-de-la-gira-de-elvenking-por-espana#article","isPartOf":{"@id":"https:\/\/www.todoheavymetal.com\/index.php\/noticias-del-mes\/recordatorio-de-la-gira-de-elvenking-por-espana"},"author":{"name":"Javi","@id":"https:\/\/www.todoheavymetal.com\/#\/schema\/person\/aa098e79c44b992ec2357a75883ed217"},"headline":"RECORDATORIO DE LA GIRA DE ELVENKING POR ESPA\u00d1A","datePublished":"2012-09-03T08:23:31+00:00","mainEntityOfPage":{"@id":"https:\/\/www.todoheavymetal.com\/index.php\/noticias-del-mes\/recordatorio-de-la-gira-de-elvenking-por-espana"},"wordCount":111,"commentCount":0,"image":{"@id":"https:\/\/www.todoheavymetal.com\/index.php\/noticias-del-mes\/recordatorio-de-la-gira-de-elvenking-por-espana#primaryimage"},"thumbnailUrl":"http:\/\/www.telecable.es\/personales\/chalsetto\/images\/cartelel.jpg","keywords":["conciertos espa\u00f1a elvenking","ELVENKING","era","noticias elvenking","nuevo disco elvenking"],"articleSection":["Noticias del mes"],"inLanguage":"es","potentialAction":[{"@type":"CommentAction","name":"Comment","target":["https:\/\/www.todoheavymetal.com\/index.php\/noticias-del-mes\/recordatorio-de-la-gira-de-elvenking-por-espana#respond"]}]},{"@type":"WebPage","@id":"https:\/\/www.todoheavymetal.com\/index.php\/noticias-del-mes\/recordatorio-de-la-gira-de-elvenking-por-espana","url":"https:\/\/www.todoheavymetal.com\/index.php\/noticias-del-mes\/recordatorio-de-la-gira-de-elvenking-por-espana","name":"RECORDATORIO DE LA GIRA DE ELVENKING POR ESPA\u00d1A - HEAVY METAL - NOTICIAS HEAVY METAL","isPartOf":{"@id":"https:\/\/www.todoheavymetal.com\/#website"},"primaryImageOfPage":{"@id":"https:\/\/www.todoheavymetal.com\/index.php\/noticias-del-mes\/recordatorio-de-la-gira-de-elvenking-por-espana#primaryimage"},"image":{"@id":"https:\/\/www.todoheavymetal.com\/index.php\/noticias-del-mes\/recordatorio-de-la-gira-de-elvenking-por-espana#primaryimage"},"thumbnailUrl":"http:\/\/www.telecable.es\/personales\/chalsetto\/images\/cartelel.jpg","datePublished":"2012-09-03T08:23:31+00:00","author":{"@id":"https:\/\/www.todoheavymetal.com\/#\/schema\/person\/aa098e79c44b992ec2357a75883ed217"},"breadcrumb":{"@id":"https:\/\/www.todoheavymetal.com\/index.php\/noticias-del-mes\/recordatorio-de-la-gira-de-elvenking-por-espana#breadcrumb"},"inLanguage":"es","potentialAction":[{"@type":"ReadAction","target":["https:\/\/www.todoheavymetal.com\/index.php\/noticias-del-mes\/recordatorio-de-la-gira-de-elvenking-por-espana"]}]},{"@type":"ImageObject","inLanguage":"es","@id":"https:\/\/www.todoheavymetal.com\/index.php\/noticias-del-mes\/recordatorio-de-la-gira-de-elvenking-por-espana#primaryimage","url":"http:\/\/www.telecable.es\/personales\/chalsetto\/images\/cartelel.jpg","contentUrl":"http:\/\/www.telecable.es\/personales\/chalsetto\/images\/cartelel.jpg"},{"@type":"BreadcrumbList","@id":"https:\/\/www.todoheavymetal.com\/index.php\/noticias-del-mes\/recordatorio-de-la-gira-de-elvenking-por-espana#breadcrumb","itemListElement":[{"@type":"ListItem","position":1,"name":"Portada","item":"https:\/\/www.todoheavymetal.com\/"},{"@type":"ListItem","position":2,"name":"RECORDATORIO DE LA GIRA DE ELVENKING POR ESPA\u00d1A"}]},{"@type":"WebSite","@id":"https:\/\/www.todoheavymetal.com\/#website","url":"https:\/\/www.todoheavymetal.com\/","name":"todoheavymetal.com","description":"heavy metal - noticias heavy metal - todoheavymetal","potentialAction":[{"@type":"SearchAction","target":{"@type":"EntryPoint","urlTemplate":"https:\/\/www.todoheavymetal.com\/?s={search_term_string}"},"query-input":{"@type":"PropertyValueSpecification","valueRequired":true,"valueName":"search_term_string"}}],"inLanguage":"es"},{"@type":"Person","@id":"https:\/\/www.todoheavymetal.com\/#\/schema\/person\/aa098e79c44b992ec2357a75883ed217","name":"Javi","image":{"@type":"ImageObject","inLanguage":"es","@id":"https:\/\/secure.gravatar.com\/avatar\/ad9699b1143ed4017d23ce58fa9d83e0375bd1368122b157550ad77cd28bdfdf?s=96&d=monsterid&r=g","url":"https:\/\/secure.gravatar.com\/avatar\/ad9699b1143ed4017d23ce58fa9d83e0375bd1368122b157550ad77cd28bdfdf?s=96&d=monsterid&r=g","contentUrl":"https:\/\/secure.gravatar.com\/avatar\/ad9699b1143ed4017d23ce58fa9d83e0375bd1368122b157550ad77cd28bdfdf?s=96&d=monsterid&r=g","caption":"Javi"},"url":"https:\/\/www.todoheavymetal.com\/index.php\/author\/javipelos"}]}},"_links":{"self":[{"href":"https:\/\/www.todoheavymetal.com\/index.php\/wp-json\/wp\/v2\/posts\/13941","targetHints":{"allow":["GET"]}}],"collection":[{"href":"https:\/\/www.todoheavymetal.com\/index.php\/wp-json\/wp\/v2\/posts"}],"about":[{"href":"https:\/\/www.todoheavymetal.com\/index.php\/wp-json\/wp\/v2\/types\/post"}],"author":[{"embeddable":true,"href":"https:\/\/www.todoheavymetal.com\/index.php\/wp-json\/wp\/v2\/users\/4"}],"replies":[{"embeddable":true,"href":"https:\/\/www.todoheavymetal.com\/index.php\/wp-json\/wp\/v2\/comments?post=13941"}],"version-history":[{"count":1,"href":"https:\/\/www.todoheavymetal.com\/index.php\/wp-json\/wp\/v2\/posts\/13941\/revisions"}],"predecessor-version":[{"id":13942,"href":"https:\/\/www.todoheavymetal.com\/index.php\/wp-json\/wp\/v2\/posts\/13941\/revisions\/13942"}],"wp:attachment":[{"href":"https:\/\/www.todoheavymetal.com\/index.php\/wp-json\/wp\/v2\/media?parent=13941"}],"wp:term":[{"taxonomy":"category","embeddable":true,"href":"https:\/\/www.todoheavymetal.com\/index.php\/wp-json\/wp\/v2\/categories?post=13941"},{"taxonomy":"post_tag","embeddable":true,"href":"https:\/\/www.todoheavymetal.com\/index.php\/wp-json\/wp\/v2\/tags?post=13941"}],"curies":[{"name":"wp","href":"https:\/\/api.w.org\/{rel}","templated":true}]}}