{"id":12410,"date":"2012-05-30T18:00:55","date_gmt":"2012-05-30T16:00:55","guid":{"rendered":"http:\/\/www.todoheavymetal.com\/?p=12410"},"modified":"2012-05-28T18:54:20","modified_gmt":"2012-05-28T16:54:20","slug":"recordatorio-festival-valencia-n-metal-este-sabado-2-de-junio","status":"publish","type":"post","link":"https:\/\/www.todoheavymetal.com\/index.php\/noticias-del-mes\/recordatorio-festival-valencia-n-metal-este-sabado-2-de-junio","title":{"rendered":"RECORDATORIO FESTIVAL VALENCIA N&#8217; METAL ESTE S\u00c1BADO 2 DE JUNIO"},"content":{"rendered":"<p><img loading=\"lazy\" decoding=\"async\" class=\"alignright\" src=\"http:\/\/thumbp2-ird.thumb.mail.yahoo.com\/tn?sid=2738754024&amp;mid=AE5n%2BFcAAO6UT8OWyAX%2FdTRhRc0&amp;midoffset=2_0_0_1_188811&amp;partid=2&amp;f=1321&amp;fid=Inbox&amp;w=342&amp;h=480&amp;httperr=1\" alt=\"\" width=\"342\" height=\"480\" \/>Os recordamos que los amantes del Heavy Metal de calidad que residan en la Comunidad Valenciana (y de cualquier otro punto de la pen\u00ednsula, por supuesto) tienen una cita obligatoria este pr\u00f3ximo s\u00e1bado 2 de junio. Se trata del \u00abFestival Valencia N&#8217; Metal\u00bb, que celebrar\u00e1 su primera edici\u00f3n en la Sala Durango Club de Meliana, Valencia y que contar\u00e1 con WORMED, ALTAR OF SIN, CALIBRE ZERO y PROMETHEUS. Los detalles del concierto son los siguientes:<\/p>\n<p>WORMED<br \/>\nALTAR OF SIN<br \/>\nCALIBRE ZERO<br \/>\nPROMETHEUS<\/p>\n<p>S\u00e1bado 2 de Junio de 2012<br \/>\nSala Durango Club<br \/>\nCalle Llanterners, 35, Pol\u00edgono Industrial de Meliana<br \/>\n46133 Meliana, Valencia<\/p>\n<p>Apertura de puertas a las 23:00 horas.<\/p>\n<p>Precio \u00fanico de 12 euros.<\/p>\n<p>Entradas ya a la venta en Harmony Discos (Pasaje Doctor Serra, n.9. junto Plaza de Toros, Valencia)<\/p>\n<p>Reserva de entradas:<br \/>\ngothik-photos@live.com<\/p>\n","protected":false},"excerpt":{"rendered":"<p>Os recordamos que los amantes del Heavy Metal de calidad que residan en la Comunidad Valenciana (y de cualquier otro punto de la pen\u00ednsula, por supuesto) tienen una cita obligatoria este pr\u00f3ximo s\u00e1bado 2 de junio. Se trata del \u00abFestival Valencia N&#8217; Metal\u00bb, que celebrar\u00e1 su primera edici\u00f3n en la Sala Durango Club de Meliana, [&hellip;]<\/p>\n","protected":false},"author":6,"featured_media":0,"comment_status":"open","ping_status":"open","sticky":false,"template":"","format":"standard","meta":{"footnotes":""},"categories":[8],"tags":[9879,9880,9881,9877,9878],"class_list":["post-12410","post","type-post","status-publish","format-standard","hentry","category-noticias-del-mes","tag-festival-valencia-n-metal-sala-durango-2-de-junio-valencia-todoheavymetal-com","tag-festival-valencia-n-metal-sala-durango-club-meliana-2-de-junio-todoheavymetal-com","tag-festival-valencia-n-metal-wormed-altar-of-sin-calibre-zero-prometheus-todoheavymetal-comrecordatorio-festival-valencia-n-metal-este-sabado-2-de-junio","tag-recordatorio-festival-valencia-n-metal-este-sabado-2-de-junio","tag-recordatorio-festival-valencia-n-metal-este-sabado-2-de-junio-todoheavymetal-com"],"yoast_head":"<!-- This site is optimized with the Yoast SEO plugin v27.5 - https:\/\/yoast.com\/product\/yoast-seo-wordpress\/ -->\n<title>RECORDATORIO FESTIVAL VALENCIA N&#039; METAL ESTE S\u00c1BADO 2 DE JUNIO - HEAVY METAL - NOTICIAS HEAVY METAL<\/title>\n<meta name=\"robots\" content=\"index, follow, max-snippet:-1, max-image-preview:large, max-video-preview:-1\" \/>\n<link rel=\"canonical\" href=\"https:\/\/www.todoheavymetal.com\/index.php\/noticias-del-mes\/recordatorio-festival-valencia-n-metal-este-sabado-2-de-junio\" \/>\n<meta property=\"og:locale\" content=\"es_ES\" \/>\n<meta property=\"og:type\" content=\"article\" \/>\n<meta property=\"og:title\" content=\"RECORDATORIO FESTIVAL VALENCIA N&#039; METAL ESTE S\u00c1BADO 2 DE JUNIO - HEAVY METAL - NOTICIAS HEAVY METAL\" \/>\n<meta property=\"og:description\" content=\"Os recordamos que los amantes del Heavy Metal de calidad que residan en la Comunidad Valenciana (y de cualquier otro punto de la pen\u00ednsula, por supuesto) tienen una cita obligatoria este pr\u00f3ximo s\u00e1bado 2 de junio. Se trata del \u00abFestival Valencia N&#8217; Metal\u00bb, que celebrar\u00e1 su primera edici\u00f3n en la Sala Durango Club de Meliana, [&hellip;]\" \/>\n<meta property=\"og:url\" content=\"https:\/\/www.todoheavymetal.com\/index.php\/noticias-del-mes\/recordatorio-festival-valencia-n-metal-este-sabado-2-de-junio\" \/>\n<meta property=\"og:site_name\" content=\"HEAVY METAL - NOTICIAS HEAVY METAL\" \/>\n<meta property=\"article:publisher\" content=\"https:\/\/www.facebook.com\/todoheavymetal\/\" \/>\n<meta property=\"article:published_time\" content=\"2012-05-30T16:00:55+00:00\" \/>\n<meta property=\"og:image\" content=\"http:\/\/thumbp2-ird.thumb.mail.yahoo.com\/tn?sid=2738754024&amp;mid=AE5n%2BFcAAO6UT8OWyAX%2FdTRhRc0&amp;midoffset=2_0_0_1_188811&amp;partid=2&amp;f=1321&amp;fid=Inbox&amp;w=342&amp;h=480&amp;httperr=1\" \/>\n<meta name=\"author\" content=\"marciaaaaal\" \/>\n<meta name=\"twitter:card\" content=\"summary_large_image\" \/>\n<meta name=\"twitter:creator\" content=\"@todoheavymetal\" \/>\n<meta name=\"twitter:site\" content=\"@todoheavymetal\" \/>\n<meta name=\"twitter:label1\" content=\"Escrito por\" \/>\n\t<meta name=\"twitter:data1\" content=\"marciaaaaal\" \/>\n\t<meta name=\"twitter:label2\" content=\"Tiempo de lectura\" \/>\n\t<meta name=\"twitter:data2\" content=\"1 minuto\" \/>\n<script type=\"application\/ld+json\" class=\"yoast-schema-graph\">{\"@context\":\"https:\\\/\\\/schema.org\",\"@graph\":[{\"@type\":\"Article\",\"@id\":\"https:\\\/\\\/www.todoheavymetal.com\\\/index.php\\\/noticias-del-mes\\\/recordatorio-festival-valencia-n-metal-este-sabado-2-de-junio#article\",\"isPartOf\":{\"@id\":\"https:\\\/\\\/www.todoheavymetal.com\\\/index.php\\\/noticias-del-mes\\\/recordatorio-festival-valencia-n-metal-este-sabado-2-de-junio\"},\"author\":{\"name\":\"marciaaaaal\",\"@id\":\"https:\\\/\\\/www.todoheavymetal.com\\\/#\\\/schema\\\/person\\\/e3170256584bfef679ff987358c5cabc\"},\"headline\":\"RECORDATORIO FESTIVAL VALENCIA N&#8217; METAL ESTE S\u00c1BADO 2 DE JUNIO\",\"datePublished\":\"2012-05-30T16:00:55+00:00\",\"mainEntityOfPage\":{\"@id\":\"https:\\\/\\\/www.todoheavymetal.com\\\/index.php\\\/noticias-del-mes\\\/recordatorio-festival-valencia-n-metal-este-sabado-2-de-junio\"},\"wordCount\":145,\"commentCount\":0,\"image\":{\"@id\":\"https:\\\/\\\/www.todoheavymetal.com\\\/index.php\\\/noticias-del-mes\\\/recordatorio-festival-valencia-n-metal-este-sabado-2-de-junio#primaryimage\"},\"thumbnailUrl\":\"http:\\\/\\\/thumbp2-ird.thumb.mail.yahoo.com\\\/tn?sid=2738754024&amp;mid=AE5n%2BFcAAO6UT8OWyAX%2FdTRhRc0&amp;midoffset=2_0_0_1_188811&amp;partid=2&amp;f=1321&amp;fid=Inbox&amp;w=342&amp;h=480&amp;httperr=1\",\"keywords\":[\"FESTIVAL VALENCIA N' METAL sala durango 2 DE JUNIO valencia todoheavymetal.com\",\"FESTIVAL VALENCIA N' METAL sala durango club meliana 2 DE JUNIO todoheavymetal.com\",\"FESTIVAL VALENCIA N' METAL wormed altar of sin calibre zero prometheus todoheavymetal.comRECORDATORIO FESTIVAL VALENCIA N' METAL ESTE S\u00c1BADO 2 DE JUNIO\",\"RECORDATORIO FESTIVAL VALENCIA N' METAL ESTE S\u00c1BADO 2 DE JUNIO\",\"RECORDATORIO FESTIVAL VALENCIA N' METAL ESTE S\u00c1BADO 2 DE JUNIO todoheavymetal.com\"],\"articleSection\":[\"Noticias del mes\"],\"inLanguage\":\"es\",\"potentialAction\":[{\"@type\":\"CommentAction\",\"name\":\"Comment\",\"target\":[\"https:\\\/\\\/www.todoheavymetal.com\\\/index.php\\\/noticias-del-mes\\\/recordatorio-festival-valencia-n-metal-este-sabado-2-de-junio#respond\"]}]},{\"@type\":\"WebPage\",\"@id\":\"https:\\\/\\\/www.todoheavymetal.com\\\/index.php\\\/noticias-del-mes\\\/recordatorio-festival-valencia-n-metal-este-sabado-2-de-junio\",\"url\":\"https:\\\/\\\/www.todoheavymetal.com\\\/index.php\\\/noticias-del-mes\\\/recordatorio-festival-valencia-n-metal-este-sabado-2-de-junio\",\"name\":\"RECORDATORIO FESTIVAL VALENCIA N' METAL ESTE S\u00c1BADO 2 DE JUNIO - HEAVY METAL - NOTICIAS HEAVY METAL\",\"isPartOf\":{\"@id\":\"https:\\\/\\\/www.todoheavymetal.com\\\/#website\"},\"primaryImageOfPage\":{\"@id\":\"https:\\\/\\\/www.todoheavymetal.com\\\/index.php\\\/noticias-del-mes\\\/recordatorio-festival-valencia-n-metal-este-sabado-2-de-junio#primaryimage\"},\"image\":{\"@id\":\"https:\\\/\\\/www.todoheavymetal.com\\\/index.php\\\/noticias-del-mes\\\/recordatorio-festival-valencia-n-metal-este-sabado-2-de-junio#primaryimage\"},\"thumbnailUrl\":\"http:\\\/\\\/thumbp2-ird.thumb.mail.yahoo.com\\\/tn?sid=2738754024&amp;mid=AE5n%2BFcAAO6UT8OWyAX%2FdTRhRc0&amp;midoffset=2_0_0_1_188811&amp;partid=2&amp;f=1321&amp;fid=Inbox&amp;w=342&amp;h=480&amp;httperr=1\",\"datePublished\":\"2012-05-30T16:00:55+00:00\",\"author\":{\"@id\":\"https:\\\/\\\/www.todoheavymetal.com\\\/#\\\/schema\\\/person\\\/e3170256584bfef679ff987358c5cabc\"},\"breadcrumb\":{\"@id\":\"https:\\\/\\\/www.todoheavymetal.com\\\/index.php\\\/noticias-del-mes\\\/recordatorio-festival-valencia-n-metal-este-sabado-2-de-junio#breadcrumb\"},\"inLanguage\":\"es\",\"potentialAction\":[{\"@type\":\"ReadAction\",\"target\":[\"https:\\\/\\\/www.todoheavymetal.com\\\/index.php\\\/noticias-del-mes\\\/recordatorio-festival-valencia-n-metal-este-sabado-2-de-junio\"]}]},{\"@type\":\"ImageObject\",\"inLanguage\":\"es\",\"@id\":\"https:\\\/\\\/www.todoheavymetal.com\\\/index.php\\\/noticias-del-mes\\\/recordatorio-festival-valencia-n-metal-este-sabado-2-de-junio#primaryimage\",\"url\":\"http:\\\/\\\/thumbp2-ird.thumb.mail.yahoo.com\\\/tn?sid=2738754024&amp;mid=AE5n%2BFcAAO6UT8OWyAX%2FdTRhRc0&amp;midoffset=2_0_0_1_188811&amp;partid=2&amp;f=1321&amp;fid=Inbox&amp;w=342&amp;h=480&amp;httperr=1\",\"contentUrl\":\"http:\\\/\\\/thumbp2-ird.thumb.mail.yahoo.com\\\/tn?sid=2738754024&amp;mid=AE5n%2BFcAAO6UT8OWyAX%2FdTRhRc0&amp;midoffset=2_0_0_1_188811&amp;partid=2&amp;f=1321&amp;fid=Inbox&amp;w=342&amp;h=480&amp;httperr=1\"},{\"@type\":\"BreadcrumbList\",\"@id\":\"https:\\\/\\\/www.todoheavymetal.com\\\/index.php\\\/noticias-del-mes\\\/recordatorio-festival-valencia-n-metal-este-sabado-2-de-junio#breadcrumb\",\"itemListElement\":[{\"@type\":\"ListItem\",\"position\":1,\"name\":\"Portada\",\"item\":\"https:\\\/\\\/www.todoheavymetal.com\\\/\"},{\"@type\":\"ListItem\",\"position\":2,\"name\":\"RECORDATORIO FESTIVAL VALENCIA N&#8217; METAL ESTE S\u00c1BADO 2 DE JUNIO\"}]},{\"@type\":\"WebSite\",\"@id\":\"https:\\\/\\\/www.todoheavymetal.com\\\/#website\",\"url\":\"https:\\\/\\\/www.todoheavymetal.com\\\/\",\"name\":\"todoheavymetal.com\",\"description\":\"heavy metal - noticias heavy metal - todoheavymetal\",\"potentialAction\":[{\"@type\":\"SearchAction\",\"target\":{\"@type\":\"EntryPoint\",\"urlTemplate\":\"https:\\\/\\\/www.todoheavymetal.com\\\/?s={search_term_string}\"},\"query-input\":{\"@type\":\"PropertyValueSpecification\",\"valueRequired\":true,\"valueName\":\"search_term_string\"}}],\"inLanguage\":\"es\"},{\"@type\":\"Person\",\"@id\":\"https:\\\/\\\/www.todoheavymetal.com\\\/#\\\/schema\\\/person\\\/e3170256584bfef679ff987358c5cabc\",\"name\":\"marciaaaaal\",\"image\":{\"@type\":\"ImageObject\",\"inLanguage\":\"es\",\"@id\":\"https:\\\/\\\/secure.gravatar.com\\\/avatar\\\/57d360e5d1ff29399da35b7b52fc5e6d6b9219477d69870fa99c6af65ed94dee?s=96&d=monsterid&r=g\",\"url\":\"https:\\\/\\\/secure.gravatar.com\\\/avatar\\\/57d360e5d1ff29399da35b7b52fc5e6d6b9219477d69870fa99c6af65ed94dee?s=96&d=monsterid&r=g\",\"contentUrl\":\"https:\\\/\\\/secure.gravatar.com\\\/avatar\\\/57d360e5d1ff29399da35b7b52fc5e6d6b9219477d69870fa99c6af65ed94dee?s=96&d=monsterid&r=g\",\"caption\":\"marciaaaaal\"},\"sameAs\":[\"http:\\\/\\\/www.todoheavymetal.com\\\/\"],\"url\":\"https:\\\/\\\/www.todoheavymetal.com\\\/index.php\\\/author\\\/marciaaaaal\"}]}<\/script>\n<!-- \/ Yoast SEO plugin. -->","yoast_head_json":{"title":"RECORDATORIO FESTIVAL VALENCIA N' METAL ESTE S\u00c1BADO 2 DE JUNIO - HEAVY METAL - NOTICIAS HEAVY METAL","robots":{"index":"index","follow":"follow","max-snippet":"max-snippet:-1","max-image-preview":"max-image-preview:large","max-video-preview":"max-video-preview:-1"},"canonical":"https:\/\/www.todoheavymetal.com\/index.php\/noticias-del-mes\/recordatorio-festival-valencia-n-metal-este-sabado-2-de-junio","og_locale":"es_ES","og_type":"article","og_title":"RECORDATORIO FESTIVAL VALENCIA N' METAL ESTE S\u00c1BADO 2 DE JUNIO - HEAVY METAL - NOTICIAS HEAVY METAL","og_description":"Os recordamos que los amantes del Heavy Metal de calidad que residan en la Comunidad Valenciana (y de cualquier otro punto de la pen\u00ednsula, por supuesto) tienen una cita obligatoria este pr\u00f3ximo s\u00e1bado 2 de junio. Se trata del \u00abFestival Valencia N&#8217; Metal\u00bb, que celebrar\u00e1 su primera edici\u00f3n en la Sala Durango Club de Meliana, [&hellip;]","og_url":"https:\/\/www.todoheavymetal.com\/index.php\/noticias-del-mes\/recordatorio-festival-valencia-n-metal-este-sabado-2-de-junio","og_site_name":"HEAVY METAL - NOTICIAS HEAVY METAL","article_publisher":"https:\/\/www.facebook.com\/todoheavymetal\/","article_published_time":"2012-05-30T16:00:55+00:00","og_image":[{"url":"http:\/\/thumbp2-ird.thumb.mail.yahoo.com\/tn?sid=2738754024&amp;mid=AE5n%2BFcAAO6UT8OWyAX%2FdTRhRc0&amp;midoffset=2_0_0_1_188811&amp;partid=2&amp;f=1321&amp;fid=Inbox&amp;w=342&amp;h=480&amp;httperr=1","type":"","width":"","height":""}],"author":"marciaaaaal","twitter_card":"summary_large_image","twitter_creator":"@todoheavymetal","twitter_site":"@todoheavymetal","twitter_misc":{"Escrito por":"marciaaaaal","Tiempo de lectura":"1 minuto"},"schema":{"@context":"https:\/\/schema.org","@graph":[{"@type":"Article","@id":"https:\/\/www.todoheavymetal.com\/index.php\/noticias-del-mes\/recordatorio-festival-valencia-n-metal-este-sabado-2-de-junio#article","isPartOf":{"@id":"https:\/\/www.todoheavymetal.com\/index.php\/noticias-del-mes\/recordatorio-festival-valencia-n-metal-este-sabado-2-de-junio"},"author":{"name":"marciaaaaal","@id":"https:\/\/www.todoheavymetal.com\/#\/schema\/person\/e3170256584bfef679ff987358c5cabc"},"headline":"RECORDATORIO FESTIVAL VALENCIA N&#8217; METAL ESTE S\u00c1BADO 2 DE JUNIO","datePublished":"2012-05-30T16:00:55+00:00","mainEntityOfPage":{"@id":"https:\/\/www.todoheavymetal.com\/index.php\/noticias-del-mes\/recordatorio-festival-valencia-n-metal-este-sabado-2-de-junio"},"wordCount":145,"commentCount":0,"image":{"@id":"https:\/\/www.todoheavymetal.com\/index.php\/noticias-del-mes\/recordatorio-festival-valencia-n-metal-este-sabado-2-de-junio#primaryimage"},"thumbnailUrl":"http:\/\/thumbp2-ird.thumb.mail.yahoo.com\/tn?sid=2738754024&amp;mid=AE5n%2BFcAAO6UT8OWyAX%2FdTRhRc0&amp;midoffset=2_0_0_1_188811&amp;partid=2&amp;f=1321&amp;fid=Inbox&amp;w=342&amp;h=480&amp;httperr=1","keywords":["FESTIVAL VALENCIA N' METAL sala durango 2 DE JUNIO valencia todoheavymetal.com","FESTIVAL VALENCIA N' METAL sala durango club meliana 2 DE JUNIO todoheavymetal.com","FESTIVAL VALENCIA N' METAL wormed altar of sin calibre zero prometheus todoheavymetal.comRECORDATORIO FESTIVAL VALENCIA N' METAL ESTE S\u00c1BADO 2 DE JUNIO","RECORDATORIO FESTIVAL VALENCIA N' METAL ESTE S\u00c1BADO 2 DE JUNIO","RECORDATORIO FESTIVAL VALENCIA N' METAL ESTE S\u00c1BADO 2 DE JUNIO todoheavymetal.com"],"articleSection":["Noticias del mes"],"inLanguage":"es","potentialAction":[{"@type":"CommentAction","name":"Comment","target":["https:\/\/www.todoheavymetal.com\/index.php\/noticias-del-mes\/recordatorio-festival-valencia-n-metal-este-sabado-2-de-junio#respond"]}]},{"@type":"WebPage","@id":"https:\/\/www.todoheavymetal.com\/index.php\/noticias-del-mes\/recordatorio-festival-valencia-n-metal-este-sabado-2-de-junio","url":"https:\/\/www.todoheavymetal.com\/index.php\/noticias-del-mes\/recordatorio-festival-valencia-n-metal-este-sabado-2-de-junio","name":"RECORDATORIO FESTIVAL VALENCIA N' METAL ESTE S\u00c1BADO 2 DE JUNIO - HEAVY METAL - NOTICIAS HEAVY METAL","isPartOf":{"@id":"https:\/\/www.todoheavymetal.com\/#website"},"primaryImageOfPage":{"@id":"https:\/\/www.todoheavymetal.com\/index.php\/noticias-del-mes\/recordatorio-festival-valencia-n-metal-este-sabado-2-de-junio#primaryimage"},"image":{"@id":"https:\/\/www.todoheavymetal.com\/index.php\/noticias-del-mes\/recordatorio-festival-valencia-n-metal-este-sabado-2-de-junio#primaryimage"},"thumbnailUrl":"http:\/\/thumbp2-ird.thumb.mail.yahoo.com\/tn?sid=2738754024&amp;mid=AE5n%2BFcAAO6UT8OWyAX%2FdTRhRc0&amp;midoffset=2_0_0_1_188811&amp;partid=2&amp;f=1321&amp;fid=Inbox&amp;w=342&amp;h=480&amp;httperr=1","datePublished":"2012-05-30T16:00:55+00:00","author":{"@id":"https:\/\/www.todoheavymetal.com\/#\/schema\/person\/e3170256584bfef679ff987358c5cabc"},"breadcrumb":{"@id":"https:\/\/www.todoheavymetal.com\/index.php\/noticias-del-mes\/recordatorio-festival-valencia-n-metal-este-sabado-2-de-junio#breadcrumb"},"inLanguage":"es","potentialAction":[{"@type":"ReadAction","target":["https:\/\/www.todoheavymetal.com\/index.php\/noticias-del-mes\/recordatorio-festival-valencia-n-metal-este-sabado-2-de-junio"]}]},{"@type":"ImageObject","inLanguage":"es","@id":"https:\/\/www.todoheavymetal.com\/index.php\/noticias-del-mes\/recordatorio-festival-valencia-n-metal-este-sabado-2-de-junio#primaryimage","url":"http:\/\/thumbp2-ird.thumb.mail.yahoo.com\/tn?sid=2738754024&amp;mid=AE5n%2BFcAAO6UT8OWyAX%2FdTRhRc0&amp;midoffset=2_0_0_1_188811&amp;partid=2&amp;f=1321&amp;fid=Inbox&amp;w=342&amp;h=480&amp;httperr=1","contentUrl":"http:\/\/thumbp2-ird.thumb.mail.yahoo.com\/tn?sid=2738754024&amp;mid=AE5n%2BFcAAO6UT8OWyAX%2FdTRhRc0&amp;midoffset=2_0_0_1_188811&amp;partid=2&amp;f=1321&amp;fid=Inbox&amp;w=342&amp;h=480&amp;httperr=1"},{"@type":"BreadcrumbList","@id":"https:\/\/www.todoheavymetal.com\/index.php\/noticias-del-mes\/recordatorio-festival-valencia-n-metal-este-sabado-2-de-junio#breadcrumb","itemListElement":[{"@type":"ListItem","position":1,"name":"Portada","item":"https:\/\/www.todoheavymetal.com\/"},{"@type":"ListItem","position":2,"name":"RECORDATORIO FESTIVAL VALENCIA N&#8217; METAL ESTE S\u00c1BADO 2 DE JUNIO"}]},{"@type":"WebSite","@id":"https:\/\/www.todoheavymetal.com\/#website","url":"https:\/\/www.todoheavymetal.com\/","name":"todoheavymetal.com","description":"heavy metal - noticias heavy metal - todoheavymetal","potentialAction":[{"@type":"SearchAction","target":{"@type":"EntryPoint","urlTemplate":"https:\/\/www.todoheavymetal.com\/?s={search_term_string}"},"query-input":{"@type":"PropertyValueSpecification","valueRequired":true,"valueName":"search_term_string"}}],"inLanguage":"es"},{"@type":"Person","@id":"https:\/\/www.todoheavymetal.com\/#\/schema\/person\/e3170256584bfef679ff987358c5cabc","name":"marciaaaaal","image":{"@type":"ImageObject","inLanguage":"es","@id":"https:\/\/secure.gravatar.com\/avatar\/57d360e5d1ff29399da35b7b52fc5e6d6b9219477d69870fa99c6af65ed94dee?s=96&d=monsterid&r=g","url":"https:\/\/secure.gravatar.com\/avatar\/57d360e5d1ff29399da35b7b52fc5e6d6b9219477d69870fa99c6af65ed94dee?s=96&d=monsterid&r=g","contentUrl":"https:\/\/secure.gravatar.com\/avatar\/57d360e5d1ff29399da35b7b52fc5e6d6b9219477d69870fa99c6af65ed94dee?s=96&d=monsterid&r=g","caption":"marciaaaaal"},"sameAs":["http:\/\/www.todoheavymetal.com\/"],"url":"https:\/\/www.todoheavymetal.com\/index.php\/author\/marciaaaaal"}]}},"_links":{"self":[{"href":"https:\/\/www.todoheavymetal.com\/index.php\/wp-json\/wp\/v2\/posts\/12410","targetHints":{"allow":["GET"]}}],"collection":[{"href":"https:\/\/www.todoheavymetal.com\/index.php\/wp-json\/wp\/v2\/posts"}],"about":[{"href":"https:\/\/www.todoheavymetal.com\/index.php\/wp-json\/wp\/v2\/types\/post"}],"author":[{"embeddable":true,"href":"https:\/\/www.todoheavymetal.com\/index.php\/wp-json\/wp\/v2\/users\/6"}],"replies":[{"embeddable":true,"href":"https:\/\/www.todoheavymetal.com\/index.php\/wp-json\/wp\/v2\/comments?post=12410"}],"version-history":[{"count":3,"href":"https:\/\/www.todoheavymetal.com\/index.php\/wp-json\/wp\/v2\/posts\/12410\/revisions"}],"predecessor-version":[{"id":12413,"href":"https:\/\/www.todoheavymetal.com\/index.php\/wp-json\/wp\/v2\/posts\/12410\/revisions\/12413"}],"wp:attachment":[{"href":"https:\/\/www.todoheavymetal.com\/index.php\/wp-json\/wp\/v2\/media?parent=12410"}],"wp:term":[{"taxonomy":"category","embeddable":true,"href":"https:\/\/www.todoheavymetal.com\/index.php\/wp-json\/wp\/v2\/categories?post=12410"},{"taxonomy":"post_tag","embeddable":true,"href":"https:\/\/www.todoheavymetal.com\/index.php\/wp-json\/wp\/v2\/tags?post=12410"}],"curies":[{"name":"wp","href":"https:\/\/api.w.org\/{rel}","templated":true}]}}