{"id":118473,"date":"2025-08-12T13:15:19","date_gmt":"2025-08-12T11:15:19","guid":{"rendered":"https:\/\/www.todoheavymetal.com\/?p=118473"},"modified":"2025-08-12T10:58:55","modified_gmt":"2025-08-12T08:58:55","slug":"festival-rock-of-ages-en-valencia","status":"publish","type":"post","link":"https:\/\/www.todoheavymetal.com\/index.php\/noticias-del-mes\/festival-rock-of-ages-en-valencia","title":{"rendered":"FESTIVAL ROCK OF AGES EN VALENCIA"},"content":{"rendered":"<p style=\"text-align: justify;\">Los\u00a0 jienenses\u00a0 WITCHTOWER,\u00a0 los\u00a0 ilicitanos\u00a0 WAR\u00a0 DOGS\u00a0 y\u00a0 los\u00a0 valencianos\u00a0 DESTRAL\u00a0 son\u00a0 las 3\u00a0 bandas\u00a0 que\u00a0 forman\u00a0 el\u00a0 cartel\u00a0 del\u00a0 festival\u00a0 <em>Rock\u00a0 Of\u00a0 Ages,<\/em>\u00a0 que\u00a0 os\u00a0 recuerdo,\u00a0 se\u00a0 celebrar\u00e1 en la sala 16 Toneladas de Valencia el s\u00e1bado 20 de septiembre.<\/p>\n<p style=\"text-align: justify;\">Las entradas anticipadas cuestan 16\u20ac +gastos y est\u00e1n a la venta en entradium.com. En taquilla el d\u00eda del festival pasar\u00e1n a costar 20\u20ac.<\/p>\n<p><img loading=\"lazy\" decoding=\"async\" class=\"aligncenter \" src=\"https:\/\/www.16toneladas.com\/wp-content\/uploads\/2025\/06\/503036466_17988798101807500_5473120685102740613_n.jpg\" width=\"543\" height=\"676\" \/><\/p>\n","protected":false},"excerpt":{"rendered":"<p>Los\u00a0 jienenses\u00a0 WITCHTOWER,\u00a0 los\u00a0 ilicitanos\u00a0 WAR\u00a0 DOGS\u00a0 y\u00a0 los\u00a0 valencianos\u00a0 DESTRAL\u00a0 son\u00a0 las 3\u00a0 bandas\u00a0 que\u00a0 forman\u00a0 el\u00a0 cartel\u00a0 del\u00a0 festival\u00a0 Rock\u00a0 Of\u00a0 Ages,\u00a0 que\u00a0 os\u00a0 recuerdo,\u00a0 se\u00a0 celebrar\u00e1 en la sala 16 Toneladas de Valencia el s\u00e1bado 20 de septiembre. Las entradas anticipadas cuestan 16\u20ac +gastos y est\u00e1n a la venta en entradium.com. En [&hellip;]<\/p>\n","protected":false},"author":4,"featured_media":0,"comment_status":"open","ping_status":"open","sticky":false,"template":"","format":"standard","meta":{"footnotes":""},"categories":[8],"tags":[31932,26319,28549,21548,6,34257],"class_list":["post-118473","post","type-post","status-publish","format-standard","hentry","category-noticias-del-mes","tag-conciertos-destral","tag-conciertos-sala-16-toneladas","tag-conciertos-war-dogs","tag-conciertos-witchtower","tag-noticias-heavy-metal","tag-rock-of-ages"],"yoast_head":"<!-- This site is optimized with the Yoast SEO plugin v27.5 - https:\/\/yoast.com\/product\/yoast-seo-wordpress\/ -->\n<title>FESTIVAL ROCK OF AGES EN VALENCIA - HEAVY METAL - NOTICIAS HEAVY METAL<\/title>\n<meta name=\"robots\" content=\"index, follow, max-snippet:-1, max-image-preview:large, max-video-preview:-1\" \/>\n<link rel=\"canonical\" href=\"https:\/\/www.todoheavymetal.com\/index.php\/noticias-del-mes\/festival-rock-of-ages-en-valencia\" \/>\n<meta property=\"og:locale\" content=\"es_ES\" \/>\n<meta property=\"og:type\" content=\"article\" \/>\n<meta property=\"og:title\" content=\"FESTIVAL ROCK OF AGES EN VALENCIA - HEAVY METAL - NOTICIAS HEAVY METAL\" \/>\n<meta property=\"og:description\" content=\"Los\u00a0 jienenses\u00a0 WITCHTOWER,\u00a0 los\u00a0 ilicitanos\u00a0 WAR\u00a0 DOGS\u00a0 y\u00a0 los\u00a0 valencianos\u00a0 DESTRAL\u00a0 son\u00a0 las 3\u00a0 bandas\u00a0 que\u00a0 forman\u00a0 el\u00a0 cartel\u00a0 del\u00a0 festival\u00a0 Rock\u00a0 Of\u00a0 Ages,\u00a0 que\u00a0 os\u00a0 recuerdo,\u00a0 se\u00a0 celebrar\u00e1 en la sala 16 Toneladas de Valencia el s\u00e1bado 20 de septiembre. Las entradas anticipadas cuestan 16\u20ac +gastos y est\u00e1n a la venta en entradium.com. En [&hellip;]\" \/>\n<meta property=\"og:url\" content=\"https:\/\/www.todoheavymetal.com\/index.php\/noticias-del-mes\/festival-rock-of-ages-en-valencia\" \/>\n<meta property=\"og:site_name\" content=\"HEAVY METAL - NOTICIAS HEAVY METAL\" \/>\n<meta property=\"article:publisher\" content=\"https:\/\/www.facebook.com\/todoheavymetal\/\" \/>\n<meta property=\"article:published_time\" content=\"2025-08-12T11:15:19+00:00\" \/>\n<meta property=\"og:image\" content=\"https:\/\/www.16toneladas.com\/wp-content\/uploads\/2025\/06\/503036466_17988798101807500_5473120685102740613_n.jpg\" \/>\n<meta name=\"author\" content=\"Javi\" \/>\n<meta name=\"twitter:card\" content=\"summary_large_image\" \/>\n<meta name=\"twitter:creator\" content=\"@todoheavymetal\" \/>\n<meta name=\"twitter:site\" content=\"@todoheavymetal\" \/>\n<meta name=\"twitter:label1\" content=\"Escrito por\" \/>\n\t<meta name=\"twitter:data1\" content=\"Javi\" \/>\n\t<meta name=\"twitter:label2\" content=\"Tiempo de lectura\" \/>\n\t<meta name=\"twitter:data2\" content=\"1 minuto\" \/>\n<script type=\"application\/ld+json\" class=\"yoast-schema-graph\">{\"@context\":\"https:\\\/\\\/schema.org\",\"@graph\":[{\"@type\":\"Article\",\"@id\":\"https:\\\/\\\/www.todoheavymetal.com\\\/index.php\\\/noticias-del-mes\\\/festival-rock-of-ages-en-valencia#article\",\"isPartOf\":{\"@id\":\"https:\\\/\\\/www.todoheavymetal.com\\\/index.php\\\/noticias-del-mes\\\/festival-rock-of-ages-en-valencia\"},\"author\":{\"name\":\"Javi\",\"@id\":\"https:\\\/\\\/www.todoheavymetal.com\\\/#\\\/schema\\\/person\\\/aa098e79c44b992ec2357a75883ed217\"},\"headline\":\"FESTIVAL ROCK OF AGES EN VALENCIA\",\"datePublished\":\"2025-08-12T11:15:19+00:00\",\"mainEntityOfPage\":{\"@id\":\"https:\\\/\\\/www.todoheavymetal.com\\\/index.php\\\/noticias-del-mes\\\/festival-rock-of-ages-en-valencia\"},\"wordCount\":70,\"commentCount\":0,\"image\":{\"@id\":\"https:\\\/\\\/www.todoheavymetal.com\\\/index.php\\\/noticias-del-mes\\\/festival-rock-of-ages-en-valencia#primaryimage\"},\"thumbnailUrl\":\"https:\\\/\\\/www.16toneladas.com\\\/wp-content\\\/uploads\\\/2025\\\/06\\\/503036466_17988798101807500_5473120685102740613_n.jpg\",\"keywords\":[\"conciertos destral\",\"conciertos sala 16 toneladas\",\"conciertos war dogs\",\"conciertos witchtower\",\"noticias heavy metal\",\"rock of ages\"],\"articleSection\":[\"Noticias del mes\"],\"inLanguage\":\"es\",\"potentialAction\":[{\"@type\":\"CommentAction\",\"name\":\"Comment\",\"target\":[\"https:\\\/\\\/www.todoheavymetal.com\\\/index.php\\\/noticias-del-mes\\\/festival-rock-of-ages-en-valencia#respond\"]}]},{\"@type\":\"WebPage\",\"@id\":\"https:\\\/\\\/www.todoheavymetal.com\\\/index.php\\\/noticias-del-mes\\\/festival-rock-of-ages-en-valencia\",\"url\":\"https:\\\/\\\/www.todoheavymetal.com\\\/index.php\\\/noticias-del-mes\\\/festival-rock-of-ages-en-valencia\",\"name\":\"FESTIVAL ROCK OF AGES EN VALENCIA - HEAVY METAL - NOTICIAS HEAVY METAL\",\"isPartOf\":{\"@id\":\"https:\\\/\\\/www.todoheavymetal.com\\\/#website\"},\"primaryImageOfPage\":{\"@id\":\"https:\\\/\\\/www.todoheavymetal.com\\\/index.php\\\/noticias-del-mes\\\/festival-rock-of-ages-en-valencia#primaryimage\"},\"image\":{\"@id\":\"https:\\\/\\\/www.todoheavymetal.com\\\/index.php\\\/noticias-del-mes\\\/festival-rock-of-ages-en-valencia#primaryimage\"},\"thumbnailUrl\":\"https:\\\/\\\/www.16toneladas.com\\\/wp-content\\\/uploads\\\/2025\\\/06\\\/503036466_17988798101807500_5473120685102740613_n.jpg\",\"datePublished\":\"2025-08-12T11:15:19+00:00\",\"author\":{\"@id\":\"https:\\\/\\\/www.todoheavymetal.com\\\/#\\\/schema\\\/person\\\/aa098e79c44b992ec2357a75883ed217\"},\"breadcrumb\":{\"@id\":\"https:\\\/\\\/www.todoheavymetal.com\\\/index.php\\\/noticias-del-mes\\\/festival-rock-of-ages-en-valencia#breadcrumb\"},\"inLanguage\":\"es\",\"potentialAction\":[{\"@type\":\"ReadAction\",\"target\":[\"https:\\\/\\\/www.todoheavymetal.com\\\/index.php\\\/noticias-del-mes\\\/festival-rock-of-ages-en-valencia\"]}]},{\"@type\":\"ImageObject\",\"inLanguage\":\"es\",\"@id\":\"https:\\\/\\\/www.todoheavymetal.com\\\/index.php\\\/noticias-del-mes\\\/festival-rock-of-ages-en-valencia#primaryimage\",\"url\":\"https:\\\/\\\/www.16toneladas.com\\\/wp-content\\\/uploads\\\/2025\\\/06\\\/503036466_17988798101807500_5473120685102740613_n.jpg\",\"contentUrl\":\"https:\\\/\\\/www.16toneladas.com\\\/wp-content\\\/uploads\\\/2025\\\/06\\\/503036466_17988798101807500_5473120685102740613_n.jpg\"},{\"@type\":\"BreadcrumbList\",\"@id\":\"https:\\\/\\\/www.todoheavymetal.com\\\/index.php\\\/noticias-del-mes\\\/festival-rock-of-ages-en-valencia#breadcrumb\",\"itemListElement\":[{\"@type\":\"ListItem\",\"position\":1,\"name\":\"Portada\",\"item\":\"https:\\\/\\\/www.todoheavymetal.com\\\/\"},{\"@type\":\"ListItem\",\"position\":2,\"name\":\"FESTIVAL ROCK OF AGES EN VALENCIA\"}]},{\"@type\":\"WebSite\",\"@id\":\"https:\\\/\\\/www.todoheavymetal.com\\\/#website\",\"url\":\"https:\\\/\\\/www.todoheavymetal.com\\\/\",\"name\":\"todoheavymetal.com\",\"description\":\"heavy metal - noticias heavy metal - todoheavymetal\",\"potentialAction\":[{\"@type\":\"SearchAction\",\"target\":{\"@type\":\"EntryPoint\",\"urlTemplate\":\"https:\\\/\\\/www.todoheavymetal.com\\\/?s={search_term_string}\"},\"query-input\":{\"@type\":\"PropertyValueSpecification\",\"valueRequired\":true,\"valueName\":\"search_term_string\"}}],\"inLanguage\":\"es\"},{\"@type\":\"Person\",\"@id\":\"https:\\\/\\\/www.todoheavymetal.com\\\/#\\\/schema\\\/person\\\/aa098e79c44b992ec2357a75883ed217\",\"name\":\"Javi\",\"image\":{\"@type\":\"ImageObject\",\"inLanguage\":\"es\",\"@id\":\"https:\\\/\\\/secure.gravatar.com\\\/avatar\\\/ad9699b1143ed4017d23ce58fa9d83e0375bd1368122b157550ad77cd28bdfdf?s=96&d=monsterid&r=g\",\"url\":\"https:\\\/\\\/secure.gravatar.com\\\/avatar\\\/ad9699b1143ed4017d23ce58fa9d83e0375bd1368122b157550ad77cd28bdfdf?s=96&d=monsterid&r=g\",\"contentUrl\":\"https:\\\/\\\/secure.gravatar.com\\\/avatar\\\/ad9699b1143ed4017d23ce58fa9d83e0375bd1368122b157550ad77cd28bdfdf?s=96&d=monsterid&r=g\",\"caption\":\"Javi\"},\"url\":\"https:\\\/\\\/www.todoheavymetal.com\\\/index.php\\\/author\\\/javipelos\"}]}<\/script>\n<!-- \/ Yoast SEO plugin. -->","yoast_head_json":{"title":"FESTIVAL ROCK OF AGES EN VALENCIA - HEAVY METAL - NOTICIAS HEAVY METAL","robots":{"index":"index","follow":"follow","max-snippet":"max-snippet:-1","max-image-preview":"max-image-preview:large","max-video-preview":"max-video-preview:-1"},"canonical":"https:\/\/www.todoheavymetal.com\/index.php\/noticias-del-mes\/festival-rock-of-ages-en-valencia","og_locale":"es_ES","og_type":"article","og_title":"FESTIVAL ROCK OF AGES EN VALENCIA - HEAVY METAL - NOTICIAS HEAVY METAL","og_description":"Los\u00a0 jienenses\u00a0 WITCHTOWER,\u00a0 los\u00a0 ilicitanos\u00a0 WAR\u00a0 DOGS\u00a0 y\u00a0 los\u00a0 valencianos\u00a0 DESTRAL\u00a0 son\u00a0 las 3\u00a0 bandas\u00a0 que\u00a0 forman\u00a0 el\u00a0 cartel\u00a0 del\u00a0 festival\u00a0 Rock\u00a0 Of\u00a0 Ages,\u00a0 que\u00a0 os\u00a0 recuerdo,\u00a0 se\u00a0 celebrar\u00e1 en la sala 16 Toneladas de Valencia el s\u00e1bado 20 de septiembre. Las entradas anticipadas cuestan 16\u20ac +gastos y est\u00e1n a la venta en entradium.com. En [&hellip;]","og_url":"https:\/\/www.todoheavymetal.com\/index.php\/noticias-del-mes\/festival-rock-of-ages-en-valencia","og_site_name":"HEAVY METAL - NOTICIAS HEAVY METAL","article_publisher":"https:\/\/www.facebook.com\/todoheavymetal\/","article_published_time":"2025-08-12T11:15:19+00:00","og_image":[{"url":"https:\/\/www.16toneladas.com\/wp-content\/uploads\/2025\/06\/503036466_17988798101807500_5473120685102740613_n.jpg","type":"","width":"","height":""}],"author":"Javi","twitter_card":"summary_large_image","twitter_creator":"@todoheavymetal","twitter_site":"@todoheavymetal","twitter_misc":{"Escrito por":"Javi","Tiempo de lectura":"1 minuto"},"schema":{"@context":"https:\/\/schema.org","@graph":[{"@type":"Article","@id":"https:\/\/www.todoheavymetal.com\/index.php\/noticias-del-mes\/festival-rock-of-ages-en-valencia#article","isPartOf":{"@id":"https:\/\/www.todoheavymetal.com\/index.php\/noticias-del-mes\/festival-rock-of-ages-en-valencia"},"author":{"name":"Javi","@id":"https:\/\/www.todoheavymetal.com\/#\/schema\/person\/aa098e79c44b992ec2357a75883ed217"},"headline":"FESTIVAL ROCK OF AGES EN VALENCIA","datePublished":"2025-08-12T11:15:19+00:00","mainEntityOfPage":{"@id":"https:\/\/www.todoheavymetal.com\/index.php\/noticias-del-mes\/festival-rock-of-ages-en-valencia"},"wordCount":70,"commentCount":0,"image":{"@id":"https:\/\/www.todoheavymetal.com\/index.php\/noticias-del-mes\/festival-rock-of-ages-en-valencia#primaryimage"},"thumbnailUrl":"https:\/\/www.16toneladas.com\/wp-content\/uploads\/2025\/06\/503036466_17988798101807500_5473120685102740613_n.jpg","keywords":["conciertos destral","conciertos sala 16 toneladas","conciertos war dogs","conciertos witchtower","noticias heavy metal","rock of ages"],"articleSection":["Noticias del mes"],"inLanguage":"es","potentialAction":[{"@type":"CommentAction","name":"Comment","target":["https:\/\/www.todoheavymetal.com\/index.php\/noticias-del-mes\/festival-rock-of-ages-en-valencia#respond"]}]},{"@type":"WebPage","@id":"https:\/\/www.todoheavymetal.com\/index.php\/noticias-del-mes\/festival-rock-of-ages-en-valencia","url":"https:\/\/www.todoheavymetal.com\/index.php\/noticias-del-mes\/festival-rock-of-ages-en-valencia","name":"FESTIVAL ROCK OF AGES EN VALENCIA - HEAVY METAL - NOTICIAS HEAVY METAL","isPartOf":{"@id":"https:\/\/www.todoheavymetal.com\/#website"},"primaryImageOfPage":{"@id":"https:\/\/www.todoheavymetal.com\/index.php\/noticias-del-mes\/festival-rock-of-ages-en-valencia#primaryimage"},"image":{"@id":"https:\/\/www.todoheavymetal.com\/index.php\/noticias-del-mes\/festival-rock-of-ages-en-valencia#primaryimage"},"thumbnailUrl":"https:\/\/www.16toneladas.com\/wp-content\/uploads\/2025\/06\/503036466_17988798101807500_5473120685102740613_n.jpg","datePublished":"2025-08-12T11:15:19+00:00","author":{"@id":"https:\/\/www.todoheavymetal.com\/#\/schema\/person\/aa098e79c44b992ec2357a75883ed217"},"breadcrumb":{"@id":"https:\/\/www.todoheavymetal.com\/index.php\/noticias-del-mes\/festival-rock-of-ages-en-valencia#breadcrumb"},"inLanguage":"es","potentialAction":[{"@type":"ReadAction","target":["https:\/\/www.todoheavymetal.com\/index.php\/noticias-del-mes\/festival-rock-of-ages-en-valencia"]}]},{"@type":"ImageObject","inLanguage":"es","@id":"https:\/\/www.todoheavymetal.com\/index.php\/noticias-del-mes\/festival-rock-of-ages-en-valencia#primaryimage","url":"https:\/\/www.16toneladas.com\/wp-content\/uploads\/2025\/06\/503036466_17988798101807500_5473120685102740613_n.jpg","contentUrl":"https:\/\/www.16toneladas.com\/wp-content\/uploads\/2025\/06\/503036466_17988798101807500_5473120685102740613_n.jpg"},{"@type":"BreadcrumbList","@id":"https:\/\/www.todoheavymetal.com\/index.php\/noticias-del-mes\/festival-rock-of-ages-en-valencia#breadcrumb","itemListElement":[{"@type":"ListItem","position":1,"name":"Portada","item":"https:\/\/www.todoheavymetal.com\/"},{"@type":"ListItem","position":2,"name":"FESTIVAL ROCK OF AGES EN VALENCIA"}]},{"@type":"WebSite","@id":"https:\/\/www.todoheavymetal.com\/#website","url":"https:\/\/www.todoheavymetal.com\/","name":"todoheavymetal.com","description":"heavy metal - noticias heavy metal - todoheavymetal","potentialAction":[{"@type":"SearchAction","target":{"@type":"EntryPoint","urlTemplate":"https:\/\/www.todoheavymetal.com\/?s={search_term_string}"},"query-input":{"@type":"PropertyValueSpecification","valueRequired":true,"valueName":"search_term_string"}}],"inLanguage":"es"},{"@type":"Person","@id":"https:\/\/www.todoheavymetal.com\/#\/schema\/person\/aa098e79c44b992ec2357a75883ed217","name":"Javi","image":{"@type":"ImageObject","inLanguage":"es","@id":"https:\/\/secure.gravatar.com\/avatar\/ad9699b1143ed4017d23ce58fa9d83e0375bd1368122b157550ad77cd28bdfdf?s=96&d=monsterid&r=g","url":"https:\/\/secure.gravatar.com\/avatar\/ad9699b1143ed4017d23ce58fa9d83e0375bd1368122b157550ad77cd28bdfdf?s=96&d=monsterid&r=g","contentUrl":"https:\/\/secure.gravatar.com\/avatar\/ad9699b1143ed4017d23ce58fa9d83e0375bd1368122b157550ad77cd28bdfdf?s=96&d=monsterid&r=g","caption":"Javi"},"url":"https:\/\/www.todoheavymetal.com\/index.php\/author\/javipelos"}]}},"_links":{"self":[{"href":"https:\/\/www.todoheavymetal.com\/index.php\/wp-json\/wp\/v2\/posts\/118473","targetHints":{"allow":["GET"]}}],"collection":[{"href":"https:\/\/www.todoheavymetal.com\/index.php\/wp-json\/wp\/v2\/posts"}],"about":[{"href":"https:\/\/www.todoheavymetal.com\/index.php\/wp-json\/wp\/v2\/types\/post"}],"author":[{"embeddable":true,"href":"https:\/\/www.todoheavymetal.com\/index.php\/wp-json\/wp\/v2\/users\/4"}],"replies":[{"embeddable":true,"href":"https:\/\/www.todoheavymetal.com\/index.php\/wp-json\/wp\/v2\/comments?post=118473"}],"version-history":[{"count":5,"href":"https:\/\/www.todoheavymetal.com\/index.php\/wp-json\/wp\/v2\/posts\/118473\/revisions"}],"predecessor-version":[{"id":118479,"href":"https:\/\/www.todoheavymetal.com\/index.php\/wp-json\/wp\/v2\/posts\/118473\/revisions\/118479"}],"wp:attachment":[{"href":"https:\/\/www.todoheavymetal.com\/index.php\/wp-json\/wp\/v2\/media?parent=118473"}],"wp:term":[{"taxonomy":"category","embeddable":true,"href":"https:\/\/www.todoheavymetal.com\/index.php\/wp-json\/wp\/v2\/categories?post=118473"},{"taxonomy":"post_tag","embeddable":true,"href":"https:\/\/www.todoheavymetal.com\/index.php\/wp-json\/wp\/v2\/tags?post=118473"}],"curies":[{"name":"wp","href":"https:\/\/api.w.org\/{rel}","templated":true}]}}