{"id":110796,"date":"2024-06-05T10:09:24","date_gmt":"2024-06-05T08:09:24","guid":{"rendered":"https:\/\/www.todoheavymetal.com\/?p=110796"},"modified":"2024-08-07T07:41:38","modified_gmt":"2024-08-07T05:41:38","slug":"el-skulls-of-metal-fest-anuncia-su-cabeza-de-cartel","status":"publish","type":"post","link":"https:\/\/www.todoheavymetal.com\/index.php\/noticias-del-mes\/el-skulls-of-metal-fest-anuncia-su-cabeza-de-cartel","title":{"rendered":"EL SKULLS OF METAL FEST ANUNCIA SU CABEZA DE CARTEL"},"content":{"rendered":"<p style=\"text-align: justify;\">El\u00a0 <em>Skulls\u00a0 Of\u00a0 Metal\u00a0 Fest<\/em>\u00a0 ha\u00a0 anunciado\u00a0 su\u00a0 cabeza\u00a0 de\u00a0 cartel&#8230;\u00a0 nada\u00a0 m\u00e1s\u00a0 y\u00a0 nada\u00a0 menos\u00a0 que los todopoderosos RAM ser\u00e1n los encargados de encabezar la vig\u00e9simo segunda edici\u00f3n del festival jienense.<\/p>\n<p style=\"text-align: justify;\">\u201c<em>El grupo sueco RAM ser\u00e1 el cabeza de cartel del XXII skulls Of Metal. Formados en 1999 y siendo uno de\u00a0 los\u00a0 principales\u00a0 pilares\u00a0 NWOTHM,\u00a0 con\u00a0 seis\u00a0 discos\u00a0 publicados\u00a0 a\u00a0 lo\u00a0 largo\u00a0 de\u00a0 su\u00a0 carrera\u00a0 se han consolidado como una de las mejores bandas de Heavy Metal cl\u00e1sico del panorama actual<\/em>\u201c.<\/p>\n<p style=\"text-align: justify;\">El cartel se completa con WITCHTOWER, SECRECRY, DOLMEN GATE, PUBLIC INTOXICATION y APPARITION.<\/p>\n<p>El festival se celebrar\u00e1 el s\u00e1bado 19 de octubre en el Recinto Ferial Cubierto de Beg\u00edjar (Ja\u00e9n).<\/p>\n<p><img loading=\"lazy\" decoding=\"async\" class=\"aligncenter \" src=\"https:\/\/thesoundoftheembryo.es\/wp-content\/uploads\/2024\/06\/447515251_972743018012258_7197324364824100293_n.webp\" width=\"543\" height=\"543\" \/><\/p>\n","protected":false},"excerpt":{"rendered":"<p>El\u00a0 Skulls\u00a0 Of\u00a0 Metal\u00a0 Fest\u00a0 ha\u00a0 anunciado\u00a0 su\u00a0 cabeza\u00a0 de\u00a0 cartel&#8230;\u00a0 nada\u00a0 m\u00e1s\u00a0 y\u00a0 nada\u00a0 menos\u00a0 que los todopoderosos RAM ser\u00e1n los encargados de encabezar la vig\u00e9simo segunda edici\u00f3n del festival jienense. \u201cEl grupo sueco RAM ser\u00e1 el cabeza de cartel del XXII skulls Of Metal. Formados en 1999 y siendo uno de\u00a0 los\u00a0 principales\u00a0 [&hellip;]<\/p>\n","protected":false},"author":4,"featured_media":0,"comment_status":"open","ping_status":"open","sticky":false,"template":"","format":"standard","meta":{"footnotes":""},"categories":[8],"tags":[6,28902],"class_list":["post-110796","post","type-post","status-publish","format-standard","hentry","category-noticias-del-mes","tag-noticias-heavy-metal","tag-skulls-of-metal-fest"],"yoast_head":"<!-- This site is optimized with the Yoast SEO plugin v27.5 - https:\/\/yoast.com\/product\/yoast-seo-wordpress\/ -->\n<title>EL SKULLS OF METAL FEST ANUNCIA SU CABEZA DE CARTEL - HEAVY METAL - NOTICIAS HEAVY METAL<\/title>\n<meta name=\"robots\" content=\"index, follow, max-snippet:-1, max-image-preview:large, max-video-preview:-1\" \/>\n<link rel=\"canonical\" href=\"https:\/\/www.todoheavymetal.com\/index.php\/noticias-del-mes\/el-skulls-of-metal-fest-anuncia-su-cabeza-de-cartel\" \/>\n<meta property=\"og:locale\" content=\"es_ES\" \/>\n<meta property=\"og:type\" content=\"article\" \/>\n<meta property=\"og:title\" content=\"EL SKULLS OF METAL FEST ANUNCIA SU CABEZA DE CARTEL - HEAVY METAL - NOTICIAS HEAVY METAL\" \/>\n<meta property=\"og:description\" content=\"El\u00a0 Skulls\u00a0 Of\u00a0 Metal\u00a0 Fest\u00a0 ha\u00a0 anunciado\u00a0 su\u00a0 cabeza\u00a0 de\u00a0 cartel&#8230;\u00a0 nada\u00a0 m\u00e1s\u00a0 y\u00a0 nada\u00a0 menos\u00a0 que los todopoderosos RAM ser\u00e1n los encargados de encabezar la vig\u00e9simo segunda edici\u00f3n del festival jienense. \u201cEl grupo sueco RAM ser\u00e1 el cabeza de cartel del XXII skulls Of Metal. Formados en 1999 y siendo uno de\u00a0 los\u00a0 principales\u00a0 [&hellip;]\" \/>\n<meta property=\"og:url\" content=\"https:\/\/www.todoheavymetal.com\/index.php\/noticias-del-mes\/el-skulls-of-metal-fest-anuncia-su-cabeza-de-cartel\" \/>\n<meta property=\"og:site_name\" content=\"HEAVY METAL - NOTICIAS HEAVY METAL\" \/>\n<meta property=\"article:publisher\" content=\"https:\/\/www.facebook.com\/todoheavymetal\/\" \/>\n<meta property=\"article:published_time\" content=\"2024-06-05T08:09:24+00:00\" \/>\n<meta property=\"article:modified_time\" content=\"2024-08-07T05:41:38+00:00\" \/>\n<meta property=\"og:image\" content=\"https:\/\/thesoundoftheembryo.es\/wp-content\/uploads\/2024\/06\/447515251_972743018012258_7197324364824100293_n.webp\" \/>\n<meta name=\"author\" content=\"Javi\" \/>\n<meta name=\"twitter:card\" content=\"summary_large_image\" \/>\n<meta name=\"twitter:creator\" content=\"@todoheavymetal\" \/>\n<meta name=\"twitter:site\" content=\"@todoheavymetal\" \/>\n<meta name=\"twitter:label1\" content=\"Escrito por\" \/>\n\t<meta name=\"twitter:data1\" content=\"Javi\" \/>\n\t<meta name=\"twitter:label2\" content=\"Tiempo de lectura\" \/>\n\t<meta name=\"twitter:data2\" content=\"1 minuto\" \/>\n<script type=\"application\/ld+json\" class=\"yoast-schema-graph\">{\"@context\":\"https:\\\/\\\/schema.org\",\"@graph\":[{\"@type\":\"Article\",\"@id\":\"https:\\\/\\\/www.todoheavymetal.com\\\/index.php\\\/noticias-del-mes\\\/el-skulls-of-metal-fest-anuncia-su-cabeza-de-cartel#article\",\"isPartOf\":{\"@id\":\"https:\\\/\\\/www.todoheavymetal.com\\\/index.php\\\/noticias-del-mes\\\/el-skulls-of-metal-fest-anuncia-su-cabeza-de-cartel\"},\"author\":{\"name\":\"Javi\",\"@id\":\"https:\\\/\\\/www.todoheavymetal.com\\\/#\\\/schema\\\/person\\\/aa098e79c44b992ec2357a75883ed217\"},\"headline\":\"EL SKULLS OF METAL FEST ANUNCIA SU CABEZA DE CARTEL\",\"datePublished\":\"2024-06-05T08:09:24+00:00\",\"dateModified\":\"2024-08-07T05:41:38+00:00\",\"mainEntityOfPage\":{\"@id\":\"https:\\\/\\\/www.todoheavymetal.com\\\/index.php\\\/noticias-del-mes\\\/el-skulls-of-metal-fest-anuncia-su-cabeza-de-cartel\"},\"wordCount\":129,\"commentCount\":0,\"image\":{\"@id\":\"https:\\\/\\\/www.todoheavymetal.com\\\/index.php\\\/noticias-del-mes\\\/el-skulls-of-metal-fest-anuncia-su-cabeza-de-cartel#primaryimage\"},\"thumbnailUrl\":\"https:\\\/\\\/thesoundoftheembryo.es\\\/wp-content\\\/uploads\\\/2024\\\/06\\\/447515251_972743018012258_7197324364824100293_n.webp\",\"keywords\":[\"noticias heavy metal\",\"skulls of metal fest\"],\"articleSection\":[\"Noticias del mes\"],\"inLanguage\":\"es\",\"potentialAction\":[{\"@type\":\"CommentAction\",\"name\":\"Comment\",\"target\":[\"https:\\\/\\\/www.todoheavymetal.com\\\/index.php\\\/noticias-del-mes\\\/el-skulls-of-metal-fest-anuncia-su-cabeza-de-cartel#respond\"]}]},{\"@type\":\"WebPage\",\"@id\":\"https:\\\/\\\/www.todoheavymetal.com\\\/index.php\\\/noticias-del-mes\\\/el-skulls-of-metal-fest-anuncia-su-cabeza-de-cartel\",\"url\":\"https:\\\/\\\/www.todoheavymetal.com\\\/index.php\\\/noticias-del-mes\\\/el-skulls-of-metal-fest-anuncia-su-cabeza-de-cartel\",\"name\":\"EL SKULLS OF METAL FEST ANUNCIA SU CABEZA DE CARTEL - HEAVY METAL - NOTICIAS HEAVY METAL\",\"isPartOf\":{\"@id\":\"https:\\\/\\\/www.todoheavymetal.com\\\/#website\"},\"primaryImageOfPage\":{\"@id\":\"https:\\\/\\\/www.todoheavymetal.com\\\/index.php\\\/noticias-del-mes\\\/el-skulls-of-metal-fest-anuncia-su-cabeza-de-cartel#primaryimage\"},\"image\":{\"@id\":\"https:\\\/\\\/www.todoheavymetal.com\\\/index.php\\\/noticias-del-mes\\\/el-skulls-of-metal-fest-anuncia-su-cabeza-de-cartel#primaryimage\"},\"thumbnailUrl\":\"https:\\\/\\\/thesoundoftheembryo.es\\\/wp-content\\\/uploads\\\/2024\\\/06\\\/447515251_972743018012258_7197324364824100293_n.webp\",\"datePublished\":\"2024-06-05T08:09:24+00:00\",\"dateModified\":\"2024-08-07T05:41:38+00:00\",\"author\":{\"@id\":\"https:\\\/\\\/www.todoheavymetal.com\\\/#\\\/schema\\\/person\\\/aa098e79c44b992ec2357a75883ed217\"},\"breadcrumb\":{\"@id\":\"https:\\\/\\\/www.todoheavymetal.com\\\/index.php\\\/noticias-del-mes\\\/el-skulls-of-metal-fest-anuncia-su-cabeza-de-cartel#breadcrumb\"},\"inLanguage\":\"es\",\"potentialAction\":[{\"@type\":\"ReadAction\",\"target\":[\"https:\\\/\\\/www.todoheavymetal.com\\\/index.php\\\/noticias-del-mes\\\/el-skulls-of-metal-fest-anuncia-su-cabeza-de-cartel\"]}]},{\"@type\":\"ImageObject\",\"inLanguage\":\"es\",\"@id\":\"https:\\\/\\\/www.todoheavymetal.com\\\/index.php\\\/noticias-del-mes\\\/el-skulls-of-metal-fest-anuncia-su-cabeza-de-cartel#primaryimage\",\"url\":\"https:\\\/\\\/thesoundoftheembryo.es\\\/wp-content\\\/uploads\\\/2024\\\/06\\\/447515251_972743018012258_7197324364824100293_n.webp\",\"contentUrl\":\"https:\\\/\\\/thesoundoftheembryo.es\\\/wp-content\\\/uploads\\\/2024\\\/06\\\/447515251_972743018012258_7197324364824100293_n.webp\"},{\"@type\":\"BreadcrumbList\",\"@id\":\"https:\\\/\\\/www.todoheavymetal.com\\\/index.php\\\/noticias-del-mes\\\/el-skulls-of-metal-fest-anuncia-su-cabeza-de-cartel#breadcrumb\",\"itemListElement\":[{\"@type\":\"ListItem\",\"position\":1,\"name\":\"Portada\",\"item\":\"https:\\\/\\\/www.todoheavymetal.com\\\/\"},{\"@type\":\"ListItem\",\"position\":2,\"name\":\"EL SKULLS OF METAL FEST ANUNCIA SU CABEZA DE CARTEL\"}]},{\"@type\":\"WebSite\",\"@id\":\"https:\\\/\\\/www.todoheavymetal.com\\\/#website\",\"url\":\"https:\\\/\\\/www.todoheavymetal.com\\\/\",\"name\":\"todoheavymetal.com\",\"description\":\"heavy metal - noticias heavy metal - todoheavymetal\",\"potentialAction\":[{\"@type\":\"SearchAction\",\"target\":{\"@type\":\"EntryPoint\",\"urlTemplate\":\"https:\\\/\\\/www.todoheavymetal.com\\\/?s={search_term_string}\"},\"query-input\":{\"@type\":\"PropertyValueSpecification\",\"valueRequired\":true,\"valueName\":\"search_term_string\"}}],\"inLanguage\":\"es\"},{\"@type\":\"Person\",\"@id\":\"https:\\\/\\\/www.todoheavymetal.com\\\/#\\\/schema\\\/person\\\/aa098e79c44b992ec2357a75883ed217\",\"name\":\"Javi\",\"image\":{\"@type\":\"ImageObject\",\"inLanguage\":\"es\",\"@id\":\"https:\\\/\\\/secure.gravatar.com\\\/avatar\\\/ad9699b1143ed4017d23ce58fa9d83e0375bd1368122b157550ad77cd28bdfdf?s=96&d=monsterid&r=g\",\"url\":\"https:\\\/\\\/secure.gravatar.com\\\/avatar\\\/ad9699b1143ed4017d23ce58fa9d83e0375bd1368122b157550ad77cd28bdfdf?s=96&d=monsterid&r=g\",\"contentUrl\":\"https:\\\/\\\/secure.gravatar.com\\\/avatar\\\/ad9699b1143ed4017d23ce58fa9d83e0375bd1368122b157550ad77cd28bdfdf?s=96&d=monsterid&r=g\",\"caption\":\"Javi\"},\"url\":\"https:\\\/\\\/www.todoheavymetal.com\\\/index.php\\\/author\\\/javipelos\"}]}<\/script>\n<!-- \/ Yoast SEO plugin. -->","yoast_head_json":{"title":"EL SKULLS OF METAL FEST ANUNCIA SU CABEZA DE CARTEL - HEAVY METAL - NOTICIAS HEAVY METAL","robots":{"index":"index","follow":"follow","max-snippet":"max-snippet:-1","max-image-preview":"max-image-preview:large","max-video-preview":"max-video-preview:-1"},"canonical":"https:\/\/www.todoheavymetal.com\/index.php\/noticias-del-mes\/el-skulls-of-metal-fest-anuncia-su-cabeza-de-cartel","og_locale":"es_ES","og_type":"article","og_title":"EL SKULLS OF METAL FEST ANUNCIA SU CABEZA DE CARTEL - HEAVY METAL - NOTICIAS HEAVY METAL","og_description":"El\u00a0 Skulls\u00a0 Of\u00a0 Metal\u00a0 Fest\u00a0 ha\u00a0 anunciado\u00a0 su\u00a0 cabeza\u00a0 de\u00a0 cartel&#8230;\u00a0 nada\u00a0 m\u00e1s\u00a0 y\u00a0 nada\u00a0 menos\u00a0 que los todopoderosos RAM ser\u00e1n los encargados de encabezar la vig\u00e9simo segunda edici\u00f3n del festival jienense. \u201cEl grupo sueco RAM ser\u00e1 el cabeza de cartel del XXII skulls Of Metal. Formados en 1999 y siendo uno de\u00a0 los\u00a0 principales\u00a0 [&hellip;]","og_url":"https:\/\/www.todoheavymetal.com\/index.php\/noticias-del-mes\/el-skulls-of-metal-fest-anuncia-su-cabeza-de-cartel","og_site_name":"HEAVY METAL - NOTICIAS HEAVY METAL","article_publisher":"https:\/\/www.facebook.com\/todoheavymetal\/","article_published_time":"2024-06-05T08:09:24+00:00","article_modified_time":"2024-08-07T05:41:38+00:00","og_image":[{"url":"https:\/\/thesoundoftheembryo.es\/wp-content\/uploads\/2024\/06\/447515251_972743018012258_7197324364824100293_n.webp","type":"","width":"","height":""}],"author":"Javi","twitter_card":"summary_large_image","twitter_creator":"@todoheavymetal","twitter_site":"@todoheavymetal","twitter_misc":{"Escrito por":"Javi","Tiempo de lectura":"1 minuto"},"schema":{"@context":"https:\/\/schema.org","@graph":[{"@type":"Article","@id":"https:\/\/www.todoheavymetal.com\/index.php\/noticias-del-mes\/el-skulls-of-metal-fest-anuncia-su-cabeza-de-cartel#article","isPartOf":{"@id":"https:\/\/www.todoheavymetal.com\/index.php\/noticias-del-mes\/el-skulls-of-metal-fest-anuncia-su-cabeza-de-cartel"},"author":{"name":"Javi","@id":"https:\/\/www.todoheavymetal.com\/#\/schema\/person\/aa098e79c44b992ec2357a75883ed217"},"headline":"EL SKULLS OF METAL FEST ANUNCIA SU CABEZA DE CARTEL","datePublished":"2024-06-05T08:09:24+00:00","dateModified":"2024-08-07T05:41:38+00:00","mainEntityOfPage":{"@id":"https:\/\/www.todoheavymetal.com\/index.php\/noticias-del-mes\/el-skulls-of-metal-fest-anuncia-su-cabeza-de-cartel"},"wordCount":129,"commentCount":0,"image":{"@id":"https:\/\/www.todoheavymetal.com\/index.php\/noticias-del-mes\/el-skulls-of-metal-fest-anuncia-su-cabeza-de-cartel#primaryimage"},"thumbnailUrl":"https:\/\/thesoundoftheembryo.es\/wp-content\/uploads\/2024\/06\/447515251_972743018012258_7197324364824100293_n.webp","keywords":["noticias heavy metal","skulls of metal fest"],"articleSection":["Noticias del mes"],"inLanguage":"es","potentialAction":[{"@type":"CommentAction","name":"Comment","target":["https:\/\/www.todoheavymetal.com\/index.php\/noticias-del-mes\/el-skulls-of-metal-fest-anuncia-su-cabeza-de-cartel#respond"]}]},{"@type":"WebPage","@id":"https:\/\/www.todoheavymetal.com\/index.php\/noticias-del-mes\/el-skulls-of-metal-fest-anuncia-su-cabeza-de-cartel","url":"https:\/\/www.todoheavymetal.com\/index.php\/noticias-del-mes\/el-skulls-of-metal-fest-anuncia-su-cabeza-de-cartel","name":"EL SKULLS OF METAL FEST ANUNCIA SU CABEZA DE CARTEL - HEAVY METAL - NOTICIAS HEAVY METAL","isPartOf":{"@id":"https:\/\/www.todoheavymetal.com\/#website"},"primaryImageOfPage":{"@id":"https:\/\/www.todoheavymetal.com\/index.php\/noticias-del-mes\/el-skulls-of-metal-fest-anuncia-su-cabeza-de-cartel#primaryimage"},"image":{"@id":"https:\/\/www.todoheavymetal.com\/index.php\/noticias-del-mes\/el-skulls-of-metal-fest-anuncia-su-cabeza-de-cartel#primaryimage"},"thumbnailUrl":"https:\/\/thesoundoftheembryo.es\/wp-content\/uploads\/2024\/06\/447515251_972743018012258_7197324364824100293_n.webp","datePublished":"2024-06-05T08:09:24+00:00","dateModified":"2024-08-07T05:41:38+00:00","author":{"@id":"https:\/\/www.todoheavymetal.com\/#\/schema\/person\/aa098e79c44b992ec2357a75883ed217"},"breadcrumb":{"@id":"https:\/\/www.todoheavymetal.com\/index.php\/noticias-del-mes\/el-skulls-of-metal-fest-anuncia-su-cabeza-de-cartel#breadcrumb"},"inLanguage":"es","potentialAction":[{"@type":"ReadAction","target":["https:\/\/www.todoheavymetal.com\/index.php\/noticias-del-mes\/el-skulls-of-metal-fest-anuncia-su-cabeza-de-cartel"]}]},{"@type":"ImageObject","inLanguage":"es","@id":"https:\/\/www.todoheavymetal.com\/index.php\/noticias-del-mes\/el-skulls-of-metal-fest-anuncia-su-cabeza-de-cartel#primaryimage","url":"https:\/\/thesoundoftheembryo.es\/wp-content\/uploads\/2024\/06\/447515251_972743018012258_7197324364824100293_n.webp","contentUrl":"https:\/\/thesoundoftheembryo.es\/wp-content\/uploads\/2024\/06\/447515251_972743018012258_7197324364824100293_n.webp"},{"@type":"BreadcrumbList","@id":"https:\/\/www.todoheavymetal.com\/index.php\/noticias-del-mes\/el-skulls-of-metal-fest-anuncia-su-cabeza-de-cartel#breadcrumb","itemListElement":[{"@type":"ListItem","position":1,"name":"Portada","item":"https:\/\/www.todoheavymetal.com\/"},{"@type":"ListItem","position":2,"name":"EL SKULLS OF METAL FEST ANUNCIA SU CABEZA DE CARTEL"}]},{"@type":"WebSite","@id":"https:\/\/www.todoheavymetal.com\/#website","url":"https:\/\/www.todoheavymetal.com\/","name":"todoheavymetal.com","description":"heavy metal - noticias heavy metal - todoheavymetal","potentialAction":[{"@type":"SearchAction","target":{"@type":"EntryPoint","urlTemplate":"https:\/\/www.todoheavymetal.com\/?s={search_term_string}"},"query-input":{"@type":"PropertyValueSpecification","valueRequired":true,"valueName":"search_term_string"}}],"inLanguage":"es"},{"@type":"Person","@id":"https:\/\/www.todoheavymetal.com\/#\/schema\/person\/aa098e79c44b992ec2357a75883ed217","name":"Javi","image":{"@type":"ImageObject","inLanguage":"es","@id":"https:\/\/secure.gravatar.com\/avatar\/ad9699b1143ed4017d23ce58fa9d83e0375bd1368122b157550ad77cd28bdfdf?s=96&d=monsterid&r=g","url":"https:\/\/secure.gravatar.com\/avatar\/ad9699b1143ed4017d23ce58fa9d83e0375bd1368122b157550ad77cd28bdfdf?s=96&d=monsterid&r=g","contentUrl":"https:\/\/secure.gravatar.com\/avatar\/ad9699b1143ed4017d23ce58fa9d83e0375bd1368122b157550ad77cd28bdfdf?s=96&d=monsterid&r=g","caption":"Javi"},"url":"https:\/\/www.todoheavymetal.com\/index.php\/author\/javipelos"}]}},"_links":{"self":[{"href":"https:\/\/www.todoheavymetal.com\/index.php\/wp-json\/wp\/v2\/posts\/110796","targetHints":{"allow":["GET"]}}],"collection":[{"href":"https:\/\/www.todoheavymetal.com\/index.php\/wp-json\/wp\/v2\/posts"}],"about":[{"href":"https:\/\/www.todoheavymetal.com\/index.php\/wp-json\/wp\/v2\/types\/post"}],"author":[{"embeddable":true,"href":"https:\/\/www.todoheavymetal.com\/index.php\/wp-json\/wp\/v2\/users\/4"}],"replies":[{"embeddable":true,"href":"https:\/\/www.todoheavymetal.com\/index.php\/wp-json\/wp\/v2\/comments?post=110796"}],"version-history":[{"count":7,"href":"https:\/\/www.todoheavymetal.com\/index.php\/wp-json\/wp\/v2\/posts\/110796\/revisions"}],"predecessor-version":[{"id":112338,"href":"https:\/\/www.todoheavymetal.com\/index.php\/wp-json\/wp\/v2\/posts\/110796\/revisions\/112338"}],"wp:attachment":[{"href":"https:\/\/www.todoheavymetal.com\/index.php\/wp-json\/wp\/v2\/media?parent=110796"}],"wp:term":[{"taxonomy":"category","embeddable":true,"href":"https:\/\/www.todoheavymetal.com\/index.php\/wp-json\/wp\/v2\/categories?post=110796"},{"taxonomy":"post_tag","embeddable":true,"href":"https:\/\/www.todoheavymetal.com\/index.php\/wp-json\/wp\/v2\/tags?post=110796"}],"curies":[{"name":"wp","href":"https:\/\/api.w.org\/{rel}","templated":true}]}}